{"id":3145,"date":"2025-06-25T10:03:39","date_gmt":"2025-06-25T15:03:39","guid":{"rendered":"https:\/\/rdp-pat.sanimax.com\/?p=3145"},"modified":"2025-06-26T20:32:58","modified_gmt":"2025-06-27T01:32:58","slug":"venez-nous-rencontrer-le-5-juillet-a-la-fete-de-la-famille-de-riviere-des-prairies","status":"publish","type":"post","link":"https:\/\/rdp-pat.sanimax.com\/fr\/venez-nous-rencontrer-le-5-juillet-a-la-fete-de-la-famille-de-riviere-des-prairies\/","title":{"rendered":"Venez nous rencontrer le 5 juillet \u00e0 la F\u00eate de la famille de Rivi\u00e8re-des-Prairies!"},"content":{"rendered":"\t\t<div class=\"et_pb_section et_pb_with_background et_section_regular breadcrumbs_section\">\r\n\t\t\t<div class=\" et_pb_row breadcrumbs_row\">\r\n\t\t\t\t<div class=\"et_pb_column et_pb_column_4_4 breadcrumbs_column\">\r\n\t\t\t\t\t<div class=\"et_pb_code et_pb_module breadcrumbs_module\">\r\n\t\t\t\t\t\t\t\t\t\t\t<\/div> <!-- .et_pb_code -->\r\n\t\t\t\t<\/div> <!-- .et_pb_column -->\r\n\t\t\t<\/div> <!-- .et_pb_row -->\r\n\t\t<\/div>\r\n\t\t<p><strong>La F\u00eate de la famille est remise au 5 juillet \u00e0 la suite des mauvaises conditions m\u00e9t\u00e9orologiques annonc\u00e9es.<\/strong><\/p>\n<p><span data-contrast=\"auto\">Le 5 juillet, Sanimax sera pr\u00e9sente \u00e0 la <a href=\"https:\/\/www.facebook.com\/events\/1272469867915933\" target=\"_blank\" rel=\"noopener\">F\u00eate de la famille<\/a> au <a href=\"https:\/\/montreal.ca\/lieux\/parc-ferdinand-biondi\" target=\"_blank\" rel=\"noopener\">parc Ferdinand-Biondi<\/a> (7748, rue Albert-Laberge)<\/span><span data-contrast=\"auto\">! Sur place, vous pourrez en apprendre plus sur Sanimax, voir les produits de l\u2019\u00e9quarrissage et recevoir des cadeaux comme des tatouages pour les enfants!<\/span><span data-ccp-props=\"{}\">\u00a0<\/span><\/p>\n<p><span data-contrast=\"auto\">Nous vous attendons en grand nombre pour vous faire d\u00e9couvrir le monde fascinant de l\u2019\u00e9quarrissage!<\/span><span data-ccp-props=\"{}\">\u00a0<\/span><\/p>\n","protected":false},"excerpt":{"rendered":"<p>La F\u00eate de la famille est remise au 5 juillet \u00e0 la suite des mauvaises conditions m\u00e9t\u00e9orologiques annonc\u00e9es. Le 5 juillet, Sanimax sera pr\u00e9sente \u00e0 la F\u00eate de la famille au parc Ferdinand-Biondi (7748, rue Albert-Laberge)! Sur place, vous pourrez en apprendre plus sur Sanimax, voir les produits de l\u2019\u00e9quarrissage et recevoir des cadeaux comme [&hellip;]<\/p>\n","protected":false},"author":9,"featured_media":3149,"comment_status":"closed","ping_status":"closed","sticky":false,"template":"","format":"standard","meta":{"_acf_changed":false,"_et_pb_use_builder":"","_et_pb_old_content":"","_et_gb_content_width":"","_monsterinsights_skip_tracking":false,"_monsterinsights_sitenote_active":false,"_monsterinsights_sitenote_note":"","_monsterinsights_sitenote_category":0,"footnotes":""},"categories":[2,44],"tags":[],"class_list":["post-3145","post","type-post","status-publish","format-standard","has-post-thumbnail","hentry","category-divers","category-interet-general"],"acf":[],"yoast_head":"<!-- This site is optimized with the Yoast SEO plugin v27.5 - https:\/\/yoast.com\/product\/yoast-seo-wordpress\/ -->\n<title>Venez nous rencontrer le 5 juillet \u00e0 la F\u00eate de la famille de Rivi\u00e8re-des-Prairies! - RDP-sanimax<\/title>\n<meta name=\"robots\" content=\"index, follow, max-snippet:-1, max-image-preview:large, max-video-preview:-1\" \/>\n<link rel=\"canonical\" href=\"https:\/\/rdp-pat.sanimax.com\/fr\/venez-nous-rencontrer-le-5-juillet-a-la-fete-de-la-famille-de-riviere-des-prairies\/\" \/>\n<meta property=\"og:locale\" content=\"fr_FR\" \/>\n<meta property=\"og:type\" content=\"article\" \/>\n<meta property=\"og:title\" content=\"Venez nous rencontrer le 5 juillet \u00e0 la F\u00eate de la famille de Rivi\u00e8re-des-Prairies! - RDP-sanimax\" \/>\n<meta property=\"og:description\" content=\"La F\u00eate de la famille est remise au 5 juillet \u00e0 la suite des mauvaises conditions m\u00e9t\u00e9orologiques annonc\u00e9es. Le 5 juillet, Sanimax sera pr\u00e9sente \u00e0 la F\u00eate de la famille au parc Ferdinand-Biondi (7748, rue Albert-Laberge)! Sur place, vous pourrez en apprendre plus sur Sanimax, voir les produits de l\u2019\u00e9quarrissage et recevoir des cadeaux comme [&hellip;]\" \/>\n<meta property=\"og:url\" content=\"https:\/\/rdp-pat.sanimax.com\/fr\/venez-nous-rencontrer-le-5-juillet-a-la-fete-de-la-famille-de-riviere-des-prairies\/\" \/>\n<meta property=\"og:site_name\" content=\"RDP-sanimax\" \/>\n<meta property=\"article:published_time\" content=\"2025-06-25T15:03:39+00:00\" \/>\n<meta property=\"article:modified_time\" content=\"2025-06-27T01:32:58+00:00\" \/>\n<meta property=\"og:image\" content=\"http:\/\/rdp-pat.sanimax.com\/wp-content\/uploads\/2025\/06\/affiche-fete-de-la-famille-rdp-2025.png\" \/>\n\t<meta property=\"og:image:width\" content=\"1296\" \/>\n\t<meta property=\"og:image:height\" content=\"864\" \/>\n\t<meta property=\"og:image:type\" content=\"image\/png\" \/>\n<meta name=\"author\" content=\"S\u00e9bastien Poirier\" \/>\n<meta name=\"twitter:card\" content=\"summary_large_image\" \/>\n<meta name=\"twitter:label1\" content=\"\u00c9crit par\" \/>\n\t<meta name=\"twitter:data1\" content=\"S\u00e9bastien Poirier\" \/>\n\t<meta name=\"twitter:label2\" content=\"Dur\u00e9e de lecture estim\u00e9e\" \/>\n\t<meta name=\"twitter:data2\" content=\"1 minute\" \/>\n<script type=\"application\/ld+json\" class=\"yoast-schema-graph\">{\"@context\":\"https:\\\/\\\/schema.org\",\"@graph\":[{\"@type\":\"Article\",\"@id\":\"https:\\\/\\\/rdp-pat.sanimax.com\\\/fr\\\/venez-nous-rencontrer-le-5-juillet-a-la-fete-de-la-famille-de-riviere-des-prairies\\\/#article\",\"isPartOf\":{\"@id\":\"https:\\\/\\\/rdp-pat.sanimax.com\\\/fr\\\/venez-nous-rencontrer-le-5-juillet-a-la-fete-de-la-famille-de-riviere-des-prairies\\\/\"},\"author\":{\"name\":\"S\u00e9bastien Poirier\",\"@id\":\"https:\\\/\\\/rdp-pat.sanimax.com\\\/#\\\/schema\\\/person\\\/b17ec208167307c2119c689230f708ba\"},\"headline\":\"Venez nous rencontrer le 5 juillet \u00e0 la F\u00eate de la famille de Rivi\u00e8re-des-Prairies!\",\"datePublished\":\"2025-06-25T15:03:39+00:00\",\"dateModified\":\"2025-06-27T01:32:58+00:00\",\"mainEntityOfPage\":{\"@id\":\"https:\\\/\\\/rdp-pat.sanimax.com\\\/fr\\\/venez-nous-rencontrer-le-5-juillet-a-la-fete-de-la-famille-de-riviere-des-prairies\\\/\"},\"wordCount\":93,\"image\":{\"@id\":\"https:\\\/\\\/rdp-pat.sanimax.com\\\/fr\\\/venez-nous-rencontrer-le-5-juillet-a-la-fete-de-la-famille-de-riviere-des-prairies\\\/#primaryimage\"},\"thumbnailUrl\":\"https:\\\/\\\/rdp-pat.sanimax.com\\\/wp-content\\\/uploads\\\/2025\\\/06\\\/affiche-fete-de-la-famille-rdp-2025.png\",\"articleSection\":[\"Divers\",\"Int\u00e9r\u00eat g\u00e9n\u00e9ral\"],\"inLanguage\":\"fr-FR\"},{\"@type\":\"WebPage\",\"@id\":\"https:\\\/\\\/rdp-pat.sanimax.com\\\/fr\\\/venez-nous-rencontrer-le-5-juillet-a-la-fete-de-la-famille-de-riviere-des-prairies\\\/\",\"url\":\"https:\\\/\\\/rdp-pat.sanimax.com\\\/fr\\\/venez-nous-rencontrer-le-5-juillet-a-la-fete-de-la-famille-de-riviere-des-prairies\\\/\",\"name\":\"Venez nous rencontrer le 5 juillet \u00e0 la F\u00eate de la famille de Rivi\u00e8re-des-Prairies! - RDP-sanimax\",\"isPartOf\":{\"@id\":\"https:\\\/\\\/rdp-pat.sanimax.com\\\/#website\"},\"primaryImageOfPage\":{\"@id\":\"https:\\\/\\\/rdp-pat.sanimax.com\\\/fr\\\/venez-nous-rencontrer-le-5-juillet-a-la-fete-de-la-famille-de-riviere-des-prairies\\\/#primaryimage\"},\"image\":{\"@id\":\"https:\\\/\\\/rdp-pat.sanimax.com\\\/fr\\\/venez-nous-rencontrer-le-5-juillet-a-la-fete-de-la-famille-de-riviere-des-prairies\\\/#primaryimage\"},\"thumbnailUrl\":\"https:\\\/\\\/rdp-pat.sanimax.com\\\/wp-content\\\/uploads\\\/2025\\\/06\\\/affiche-fete-de-la-famille-rdp-2025.png\",\"datePublished\":\"2025-06-25T15:03:39+00:00\",\"dateModified\":\"2025-06-27T01:32:58+00:00\",\"author\":{\"@id\":\"https:\\\/\\\/rdp-pat.sanimax.com\\\/#\\\/schema\\\/person\\\/b17ec208167307c2119c689230f708ba\"},\"breadcrumb\":{\"@id\":\"https:\\\/\\\/rdp-pat.sanimax.com\\\/fr\\\/venez-nous-rencontrer-le-5-juillet-a-la-fete-de-la-famille-de-riviere-des-prairies\\\/#breadcrumb\"},\"inLanguage\":\"fr-FR\",\"potentialAction\":[{\"@type\":\"ReadAction\",\"target\":[\"https:\\\/\\\/rdp-pat.sanimax.com\\\/fr\\\/venez-nous-rencontrer-le-5-juillet-a-la-fete-de-la-famille-de-riviere-des-prairies\\\/\"]}]},{\"@type\":\"ImageObject\",\"inLanguage\":\"fr-FR\",\"@id\":\"https:\\\/\\\/rdp-pat.sanimax.com\\\/fr\\\/venez-nous-rencontrer-le-5-juillet-a-la-fete-de-la-famille-de-riviere-des-prairies\\\/#primaryimage\",\"url\":\"https:\\\/\\\/rdp-pat.sanimax.com\\\/wp-content\\\/uploads\\\/2025\\\/06\\\/affiche-fete-de-la-famille-rdp-2025.png\",\"contentUrl\":\"https:\\\/\\\/rdp-pat.sanimax.com\\\/wp-content\\\/uploads\\\/2025\\\/06\\\/affiche-fete-de-la-famille-rdp-2025.png\",\"width\":1296,\"height\":864},{\"@type\":\"BreadcrumbList\",\"@id\":\"https:\\\/\\\/rdp-pat.sanimax.com\\\/fr\\\/venez-nous-rencontrer-le-5-juillet-a-la-fete-de-la-famille-de-riviere-des-prairies\\\/#breadcrumb\",\"itemListElement\":[{\"@type\":\"ListItem\",\"position\":1,\"name\":\"Accueil\",\"item\":\"https:\\\/\\\/rdp-pat.sanimax.com\\\/fr\\\/\"},{\"@type\":\"ListItem\",\"position\":2,\"name\":\"Venez nous rencontrer le 5 juillet \u00e0 la F\u00eate de la famille de Rivi\u00e8re-des-Prairies!\"}]},{\"@type\":\"WebSite\",\"@id\":\"https:\\\/\\\/rdp-pat.sanimax.com\\\/#website\",\"url\":\"https:\\\/\\\/rdp-pat.sanimax.com\\\/\",\"name\":\"RDP-sanimax\",\"description\":\"\",\"potentialAction\":[{\"@type\":\"SearchAction\",\"target\":{\"@type\":\"EntryPoint\",\"urlTemplate\":\"https:\\\/\\\/rdp-pat.sanimax.com\\\/?s={search_term_string}\"},\"query-input\":{\"@type\":\"PropertyValueSpecification\",\"valueRequired\":true,\"valueName\":\"search_term_string\"}}],\"inLanguage\":\"fr-FR\"},{\"@type\":\"Person\",\"@id\":\"https:\\\/\\\/rdp-pat.sanimax.com\\\/#\\\/schema\\\/person\\\/b17ec208167307c2119c689230f708ba\",\"name\":\"S\u00e9bastien Poirier\",\"url\":\"https:\\\/\\\/rdp-pat.sanimax.com\\\/fr\\\/author\\\/spoirier\\\/\"}]}<\/script>\n<!-- \/ Yoast SEO plugin. -->","yoast_head_json":{"title":"Venez nous rencontrer le 5 juillet \u00e0 la F\u00eate de la famille de Rivi\u00e8re-des-Prairies! - RDP-sanimax","robots":{"index":"index","follow":"follow","max-snippet":"max-snippet:-1","max-image-preview":"max-image-preview:large","max-video-preview":"max-video-preview:-1"},"canonical":"https:\/\/rdp-pat.sanimax.com\/fr\/venez-nous-rencontrer-le-5-juillet-a-la-fete-de-la-famille-de-riviere-des-prairies\/","og_locale":"fr_FR","og_type":"article","og_title":"Venez nous rencontrer le 5 juillet \u00e0 la F\u00eate de la famille de Rivi\u00e8re-des-Prairies! - RDP-sanimax","og_description":"La F\u00eate de la famille est remise au 5 juillet \u00e0 la suite des mauvaises conditions m\u00e9t\u00e9orologiques annonc\u00e9es. Le 5 juillet, Sanimax sera pr\u00e9sente \u00e0 la F\u00eate de la famille au parc Ferdinand-Biondi (7748, rue Albert-Laberge)! Sur place, vous pourrez en apprendre plus sur Sanimax, voir les produits de l\u2019\u00e9quarrissage et recevoir des cadeaux comme [&hellip;]","og_url":"https:\/\/rdp-pat.sanimax.com\/fr\/venez-nous-rencontrer-le-5-juillet-a-la-fete-de-la-famille-de-riviere-des-prairies\/","og_site_name":"RDP-sanimax","article_published_time":"2025-06-25T15:03:39+00:00","article_modified_time":"2025-06-27T01:32:58+00:00","og_image":[{"width":1296,"height":864,"url":"http:\/\/rdp-pat.sanimax.com\/wp-content\/uploads\/2025\/06\/affiche-fete-de-la-famille-rdp-2025.png","type":"image\/png"}],"author":"S\u00e9bastien Poirier","twitter_card":"summary_large_image","twitter_misc":{"\u00c9crit par":"S\u00e9bastien Poirier","Dur\u00e9e de lecture estim\u00e9e":"1 minute"},"schema":{"@context":"https:\/\/schema.org","@graph":[{"@type":"Article","@id":"https:\/\/rdp-pat.sanimax.com\/fr\/venez-nous-rencontrer-le-5-juillet-a-la-fete-de-la-famille-de-riviere-des-prairies\/#article","isPartOf":{"@id":"https:\/\/rdp-pat.sanimax.com\/fr\/venez-nous-rencontrer-le-5-juillet-a-la-fete-de-la-famille-de-riviere-des-prairies\/"},"author":{"name":"S\u00e9bastien Poirier","@id":"https:\/\/rdp-pat.sanimax.com\/#\/schema\/person\/b17ec208167307c2119c689230f708ba"},"headline":"Venez nous rencontrer le 5 juillet \u00e0 la F\u00eate de la famille de Rivi\u00e8re-des-Prairies!","datePublished":"2025-06-25T15:03:39+00:00","dateModified":"2025-06-27T01:32:58+00:00","mainEntityOfPage":{"@id":"https:\/\/rdp-pat.sanimax.com\/fr\/venez-nous-rencontrer-le-5-juillet-a-la-fete-de-la-famille-de-riviere-des-prairies\/"},"wordCount":93,"image":{"@id":"https:\/\/rdp-pat.sanimax.com\/fr\/venez-nous-rencontrer-le-5-juillet-a-la-fete-de-la-famille-de-riviere-des-prairies\/#primaryimage"},"thumbnailUrl":"https:\/\/rdp-pat.sanimax.com\/wp-content\/uploads\/2025\/06\/affiche-fete-de-la-famille-rdp-2025.png","articleSection":["Divers","Int\u00e9r\u00eat g\u00e9n\u00e9ral"],"inLanguage":"fr-FR"},{"@type":"WebPage","@id":"https:\/\/rdp-pat.sanimax.com\/fr\/venez-nous-rencontrer-le-5-juillet-a-la-fete-de-la-famille-de-riviere-des-prairies\/","url":"https:\/\/rdp-pat.sanimax.com\/fr\/venez-nous-rencontrer-le-5-juillet-a-la-fete-de-la-famille-de-riviere-des-prairies\/","name":"Venez nous rencontrer le 5 juillet \u00e0 la F\u00eate de la famille de Rivi\u00e8re-des-Prairies! - RDP-sanimax","isPartOf":{"@id":"https:\/\/rdp-pat.sanimax.com\/#website"},"primaryImageOfPage":{"@id":"https:\/\/rdp-pat.sanimax.com\/fr\/venez-nous-rencontrer-le-5-juillet-a-la-fete-de-la-famille-de-riviere-des-prairies\/#primaryimage"},"image":{"@id":"https:\/\/rdp-pat.sanimax.com\/fr\/venez-nous-rencontrer-le-5-juillet-a-la-fete-de-la-famille-de-riviere-des-prairies\/#primaryimage"},"thumbnailUrl":"https:\/\/rdp-pat.sanimax.com\/wp-content\/uploads\/2025\/06\/affiche-fete-de-la-famille-rdp-2025.png","datePublished":"2025-06-25T15:03:39+00:00","dateModified":"2025-06-27T01:32:58+00:00","author":{"@id":"https:\/\/rdp-pat.sanimax.com\/#\/schema\/person\/b17ec208167307c2119c689230f708ba"},"breadcrumb":{"@id":"https:\/\/rdp-pat.sanimax.com\/fr\/venez-nous-rencontrer-le-5-juillet-a-la-fete-de-la-famille-de-riviere-des-prairies\/#breadcrumb"},"inLanguage":"fr-FR","potentialAction":[{"@type":"ReadAction","target":["https:\/\/rdp-pat.sanimax.com\/fr\/venez-nous-rencontrer-le-5-juillet-a-la-fete-de-la-famille-de-riviere-des-prairies\/"]}]},{"@type":"ImageObject","inLanguage":"fr-FR","@id":"https:\/\/rdp-pat.sanimax.com\/fr\/venez-nous-rencontrer-le-5-juillet-a-la-fete-de-la-famille-de-riviere-des-prairies\/#primaryimage","url":"https:\/\/rdp-pat.sanimax.com\/wp-content\/uploads\/2025\/06\/affiche-fete-de-la-famille-rdp-2025.png","contentUrl":"https:\/\/rdp-pat.sanimax.com\/wp-content\/uploads\/2025\/06\/affiche-fete-de-la-famille-rdp-2025.png","width":1296,"height":864},{"@type":"BreadcrumbList","@id":"https:\/\/rdp-pat.sanimax.com\/fr\/venez-nous-rencontrer-le-5-juillet-a-la-fete-de-la-famille-de-riviere-des-prairies\/#breadcrumb","itemListElement":[{"@type":"ListItem","position":1,"name":"Accueil","item":"https:\/\/rdp-pat.sanimax.com\/fr\/"},{"@type":"ListItem","position":2,"name":"Venez nous rencontrer le 5 juillet \u00e0 la F\u00eate de la famille de Rivi\u00e8re-des-Prairies!"}]},{"@type":"WebSite","@id":"https:\/\/rdp-pat.sanimax.com\/#website","url":"https:\/\/rdp-pat.sanimax.com\/","name":"RDP-sanimax","description":"","potentialAction":[{"@type":"SearchAction","target":{"@type":"EntryPoint","urlTemplate":"https:\/\/rdp-pat.sanimax.com\/?s={search_term_string}"},"query-input":{"@type":"PropertyValueSpecification","valueRequired":true,"valueName":"search_term_string"}}],"inLanguage":"fr-FR"},{"@type":"Person","@id":"https:\/\/rdp-pat.sanimax.com\/#\/schema\/person\/b17ec208167307c2119c689230f708ba","name":"S\u00e9bastien Poirier","url":"https:\/\/rdp-pat.sanimax.com\/fr\/author\/spoirier\/"}]}},"_links":{"self":[{"href":"https:\/\/rdp-pat.sanimax.com\/fr\/wp-json\/wp\/v2\/posts\/3145","targetHints":{"allow":["GET"]}}],"collection":[{"href":"https:\/\/rdp-pat.sanimax.com\/fr\/wp-json\/wp\/v2\/posts"}],"about":[{"href":"https:\/\/rdp-pat.sanimax.com\/fr\/wp-json\/wp\/v2\/types\/post"}],"author":[{"embeddable":true,"href":"https:\/\/rdp-pat.sanimax.com\/fr\/wp-json\/wp\/v2\/users\/9"}],"replies":[{"embeddable":true,"href":"https:\/\/rdp-pat.sanimax.com\/fr\/wp-json\/wp\/v2\/comments?post=3145"}],"version-history":[{"count":0,"href":"https:\/\/rdp-pat.sanimax.com\/fr\/wp-json\/wp\/v2\/posts\/3145\/revisions"}],"wp:featuredmedia":[{"embeddable":true,"href":"https:\/\/rdp-pat.sanimax.com\/fr\/wp-json\/wp\/v2\/media\/3149"}],"wp:attachment":[{"href":"https:\/\/rdp-pat.sanimax.com\/fr\/wp-json\/wp\/v2\/media?parent=3145"}],"wp:term":[{"taxonomy":"category","embeddable":true,"href":"https:\/\/rdp-pat.sanimax.com\/fr\/wp-json\/wp\/v2\/categories?post=3145"},{"taxonomy":"post_tag","embeddable":true,"href":"https:\/\/rdp-pat.sanimax.com\/fr\/wp-json\/wp\/v2\/tags?post=3145"}],"curies":[{"name":"wp","href":"https:\/\/api.w.org\/{rel}","templated":true}]}}