{"id":3137,"date":"2025-06-20T09:33:49","date_gmt":"2025-06-20T14:33:49","guid":{"rendered":"https:\/\/rdp-pat.sanimax.com\/?p=3137"},"modified":"2025-06-26T08:56:03","modified_gmt":"2025-06-26T13:56:03","slug":"conges-du-24-juin-et-du-1er-juillet-etat-de-la-situation","status":"publish","type":"post","link":"https:\/\/rdp-pat.sanimax.com\/fr\/conges-du-24-juin-et-du-1er-juillet-etat-de-la-situation\/","title":{"rendered":"Cong\u00e9s du 24 juin et du 1er juillet \u2013 \u00c9tat de la situation"},"content":{"rendered":"\t\t<div class=\"et_pb_section et_pb_with_background et_section_regular breadcrumbs_section\">\r\n\t\t\t<div class=\" et_pb_row breadcrumbs_row\">\r\n\t\t\t\t<div class=\"et_pb_column et_pb_column_4_4 breadcrumbs_column\">\r\n\t\t\t\t\t<div class=\"et_pb_code et_pb_module breadcrumbs_module\">\r\n\t\t\t\t\t\t\t\t\t\t\t<\/div> <!-- .et_pb_code -->\r\n\t\t\t\t<\/div> <!-- .et_pb_column -->\r\n\t\t\t<\/div> <!-- .et_pb_row -->\r\n\t\t<\/div>\r\n\t\t<p>Toujours dans l\u2019esprit de favoriser une communication transparente avec le voisinage, Sanimax vous informe de la s\u00e9quence des op\u00e9rations pr\u00e9vues \u00e0 notre usine pour les deux prochains cong\u00e9s.\u00a0<\/p>\n<p><strong>Du vendredi 20 au dimanche 22 juin 2025<\/strong><br \/>\nLors de la fin de semaine pr\u00e9c\u00e9dant la f\u00eate nationale du Qu\u00e9bec, nous ne pr\u00e9voyons aucune intervention importante sur les \u00e9quipements. Les op\u00e9rations s\u2019arr\u00eateront graduellement le mardi 24 juin et reprendront normalement le mercredi 25 juin.<\/p>\n<p>Nos \u00e9quipes surveillent la situation en continu et nous vous tiendrons inform\u00e9 de tout changement qui pourrait survenir.<\/p>\n<p><strong>Du vendredi 27 au dimanche 29 juin<br \/>\n<\/strong>Lors de la fin de semaine pr\u00e9c\u00e9dant la f\u00eate du Canada, nous ne pr\u00e9voyons aucune intervention importante sur les \u00e9quipements. Les op\u00e9rations s\u2019arr\u00eateront graduellement le mardi 1<sup>er<\/sup> juillet et reprendront normalement le mercredi 2 juillet.<\/p>\n<p>Pour la f\u00eate du Canada, il est trop t\u00f4t \u00e0 ce stade-ci pour anticiper tout ph\u00e9nom\u00e8ne m\u00e9t\u00e9orologique. Nous vous tiendrons inform\u00e9 de tout changement qui pourrait survenir.<\/p>\n<p><b><span data-contrast=\"auto\">Ligne de Service aux citoyens<\/span><\/b>\u00a0 <br \/>\n<span data-contrast=\"auto\">Sanimax souhaite le bien-\u00eatre de ses voisins et met activement en place toutes les mesures n\u00e9cessaires afin de s\u2019assurer d\u2019une cohabitation harmonieuse. En cas de probl\u00e8me, vous \u00eates invit\u00e9 \u00e0 faire un signalement \u00e0 la ligne de Service aux citoyens en composant le 514 280-4330. Un suivi diligent vous sera fait.<\/span><span data-ccp-props=\"{}\">\u00a0<\/span><\/p>\n<p>Nous avons \u00e9galement un <a href=\"https:\/\/www.facebook.com\/groups\/253409502678593\" target=\"_blank\" rel=\"noopener\">groupe Facebook<\/a> d\u00e9di\u00e9 \u00e0 notre communaut\u00e9!<\/p>\n","protected":false},"excerpt":{"rendered":"<p>Toujours dans l\u2019esprit de favoriser une communication transparente avec le voisinage, Sanimax vous informe de la s\u00e9quence des op\u00e9rations pr\u00e9vues \u00e0 notre usine pour les deux prochains cong\u00e9s.\u00a0 Du vendredi 20 au dimanche 22 juin 2025 Lors de la fin de semaine pr\u00e9c\u00e9dant la f\u00eate nationale du Qu\u00e9bec, nous ne pr\u00e9voyons aucune intervention importante sur [&hellip;]<\/p>\n","protected":false},"author":9,"featured_media":2972,"comment_status":"closed","ping_status":"closed","sticky":false,"template":"","format":"standard","meta":{"_acf_changed":false,"_et_pb_use_builder":"","_et_pb_old_content":"","_et_gb_content_width":"","_monsterinsights_skip_tracking":false,"_monsterinsights_sitenote_active":false,"_monsterinsights_sitenote_note":"","_monsterinsights_sitenote_category":0,"footnotes":""},"categories":[2,44],"tags":[],"class_list":["post-3137","post","type-post","status-publish","format-standard","has-post-thumbnail","hentry","category-divers","category-interet-general"],"acf":[],"yoast_head":"<!-- This site is optimized with the Yoast SEO plugin v27.5 - https:\/\/yoast.com\/product\/yoast-seo-wordpress\/ -->\n<title>Cong\u00e9s du 24 juin et du 1er juillet \u2013 \u00c9tat de la situation - RDP-sanimax<\/title>\n<meta name=\"robots\" content=\"index, follow, max-snippet:-1, max-image-preview:large, max-video-preview:-1\" \/>\n<link rel=\"canonical\" href=\"https:\/\/rdp-pat.sanimax.com\/fr\/conges-du-24-juin-et-du-1er-juillet-etat-de-la-situation\/\" \/>\n<meta property=\"og:locale\" content=\"fr_FR\" \/>\n<meta property=\"og:type\" content=\"article\" \/>\n<meta property=\"og:title\" content=\"Cong\u00e9s du 24 juin et du 1er juillet \u2013 \u00c9tat de la situation - RDP-sanimax\" \/>\n<meta property=\"og:description\" content=\"Toujours dans l\u2019esprit de favoriser une communication transparente avec le voisinage, Sanimax vous informe de la s\u00e9quence des op\u00e9rations pr\u00e9vues \u00e0 notre usine pour les deux prochains cong\u00e9s.\u00a0 Du vendredi 20 au dimanche 22 juin 2025 Lors de la fin de semaine pr\u00e9c\u00e9dant la f\u00eate nationale du Qu\u00e9bec, nous ne pr\u00e9voyons aucune intervention importante sur [&hellip;]\" \/>\n<meta property=\"og:url\" content=\"https:\/\/rdp-pat.sanimax.com\/fr\/conges-du-24-juin-et-du-1er-juillet-etat-de-la-situation\/\" \/>\n<meta property=\"og:site_name\" content=\"RDP-sanimax\" \/>\n<meta property=\"article:published_time\" content=\"2025-06-20T14:33:49+00:00\" \/>\n<meta property=\"article:modified_time\" content=\"2025-06-26T13:56:03+00:00\" \/>\n<meta property=\"og:image\" content=\"http:\/\/rdp-pat.sanimax.com\/wp-content\/uploads\/2024\/05\/7-usine-montreal.jpg\" \/>\n\t<meta property=\"og:image:width\" content=\"2000\" \/>\n\t<meta property=\"og:image:height\" content=\"1328\" \/>\n\t<meta property=\"og:image:type\" content=\"image\/jpeg\" \/>\n<meta name=\"author\" content=\"S\u00e9bastien Poirier\" \/>\n<meta name=\"twitter:card\" content=\"summary_large_image\" \/>\n<meta name=\"twitter:label1\" content=\"\u00c9crit par\" \/>\n\t<meta name=\"twitter:data1\" content=\"S\u00e9bastien Poirier\" \/>\n\t<meta name=\"twitter:label2\" content=\"Dur\u00e9e de lecture estim\u00e9e\" \/>\n\t<meta name=\"twitter:data2\" content=\"2 minutes\" \/>\n<script type=\"application\/ld+json\" class=\"yoast-schema-graph\">{\"@context\":\"https:\\\/\\\/schema.org\",\"@graph\":[{\"@type\":\"Article\",\"@id\":\"https:\\\/\\\/rdp-pat.sanimax.com\\\/fr\\\/conges-du-24-juin-et-du-1er-juillet-etat-de-la-situation\\\/#article\",\"isPartOf\":{\"@id\":\"https:\\\/\\\/rdp-pat.sanimax.com\\\/fr\\\/conges-du-24-juin-et-du-1er-juillet-etat-de-la-situation\\\/\"},\"author\":{\"name\":\"S\u00e9bastien Poirier\",\"@id\":\"https:\\\/\\\/rdp-pat.sanimax.com\\\/#\\\/schema\\\/person\\\/b17ec208167307c2119c689230f708ba\"},\"headline\":\"Cong\u00e9s du 24 juin et du 1er juillet \u2013 \u00c9tat de la situation\",\"datePublished\":\"2025-06-20T14:33:49+00:00\",\"dateModified\":\"2025-06-26T13:56:03+00:00\",\"mainEntityOfPage\":{\"@id\":\"https:\\\/\\\/rdp-pat.sanimax.com\\\/fr\\\/conges-du-24-juin-et-du-1er-juillet-etat-de-la-situation\\\/\"},\"wordCount\":255,\"image\":{\"@id\":\"https:\\\/\\\/rdp-pat.sanimax.com\\\/fr\\\/conges-du-24-juin-et-du-1er-juillet-etat-de-la-situation\\\/#primaryimage\"},\"thumbnailUrl\":\"https:\\\/\\\/rdp-pat.sanimax.com\\\/wp-content\\\/uploads\\\/2024\\\/05\\\/7-usine-montreal.jpg\",\"articleSection\":[\"Divers\",\"Int\u00e9r\u00eat g\u00e9n\u00e9ral\"],\"inLanguage\":\"fr-FR\"},{\"@type\":\"WebPage\",\"@id\":\"https:\\\/\\\/rdp-pat.sanimax.com\\\/fr\\\/conges-du-24-juin-et-du-1er-juillet-etat-de-la-situation\\\/\",\"url\":\"https:\\\/\\\/rdp-pat.sanimax.com\\\/fr\\\/conges-du-24-juin-et-du-1er-juillet-etat-de-la-situation\\\/\",\"name\":\"Cong\u00e9s du 24 juin et du 1er juillet \u2013 \u00c9tat de la situation - RDP-sanimax\",\"isPartOf\":{\"@id\":\"https:\\\/\\\/rdp-pat.sanimax.com\\\/#website\"},\"primaryImageOfPage\":{\"@id\":\"https:\\\/\\\/rdp-pat.sanimax.com\\\/fr\\\/conges-du-24-juin-et-du-1er-juillet-etat-de-la-situation\\\/#primaryimage\"},\"image\":{\"@id\":\"https:\\\/\\\/rdp-pat.sanimax.com\\\/fr\\\/conges-du-24-juin-et-du-1er-juillet-etat-de-la-situation\\\/#primaryimage\"},\"thumbnailUrl\":\"https:\\\/\\\/rdp-pat.sanimax.com\\\/wp-content\\\/uploads\\\/2024\\\/05\\\/7-usine-montreal.jpg\",\"datePublished\":\"2025-06-20T14:33:49+00:00\",\"dateModified\":\"2025-06-26T13:56:03+00:00\",\"author\":{\"@id\":\"https:\\\/\\\/rdp-pat.sanimax.com\\\/#\\\/schema\\\/person\\\/b17ec208167307c2119c689230f708ba\"},\"breadcrumb\":{\"@id\":\"https:\\\/\\\/rdp-pat.sanimax.com\\\/fr\\\/conges-du-24-juin-et-du-1er-juillet-etat-de-la-situation\\\/#breadcrumb\"},\"inLanguage\":\"fr-FR\",\"potentialAction\":[{\"@type\":\"ReadAction\",\"target\":[\"https:\\\/\\\/rdp-pat.sanimax.com\\\/fr\\\/conges-du-24-juin-et-du-1er-juillet-etat-de-la-situation\\\/\"]}]},{\"@type\":\"ImageObject\",\"inLanguage\":\"fr-FR\",\"@id\":\"https:\\\/\\\/rdp-pat.sanimax.com\\\/fr\\\/conges-du-24-juin-et-du-1er-juillet-etat-de-la-situation\\\/#primaryimage\",\"url\":\"https:\\\/\\\/rdp-pat.sanimax.com\\\/wp-content\\\/uploads\\\/2024\\\/05\\\/7-usine-montreal.jpg\",\"contentUrl\":\"https:\\\/\\\/rdp-pat.sanimax.com\\\/wp-content\\\/uploads\\\/2024\\\/05\\\/7-usine-montreal.jpg\",\"width\":2000,\"height\":1328},{\"@type\":\"BreadcrumbList\",\"@id\":\"https:\\\/\\\/rdp-pat.sanimax.com\\\/fr\\\/conges-du-24-juin-et-du-1er-juillet-etat-de-la-situation\\\/#breadcrumb\",\"itemListElement\":[{\"@type\":\"ListItem\",\"position\":1,\"name\":\"Accueil\",\"item\":\"https:\\\/\\\/rdp-pat.sanimax.com\\\/fr\\\/\"},{\"@type\":\"ListItem\",\"position\":2,\"name\":\"Cong\u00e9s du 24 juin et du 1er juillet \u2013 \u00c9tat de la situation\"}]},{\"@type\":\"WebSite\",\"@id\":\"https:\\\/\\\/rdp-pat.sanimax.com\\\/#website\",\"url\":\"https:\\\/\\\/rdp-pat.sanimax.com\\\/\",\"name\":\"RDP-sanimax\",\"description\":\"\",\"potentialAction\":[{\"@type\":\"SearchAction\",\"target\":{\"@type\":\"EntryPoint\",\"urlTemplate\":\"https:\\\/\\\/rdp-pat.sanimax.com\\\/?s={search_term_string}\"},\"query-input\":{\"@type\":\"PropertyValueSpecification\",\"valueRequired\":true,\"valueName\":\"search_term_string\"}}],\"inLanguage\":\"fr-FR\"},{\"@type\":\"Person\",\"@id\":\"https:\\\/\\\/rdp-pat.sanimax.com\\\/#\\\/schema\\\/person\\\/b17ec208167307c2119c689230f708ba\",\"name\":\"S\u00e9bastien Poirier\",\"url\":\"https:\\\/\\\/rdp-pat.sanimax.com\\\/fr\\\/author\\\/spoirier\\\/\"}]}<\/script>\n<!-- \/ Yoast SEO plugin. -->","yoast_head_json":{"title":"Cong\u00e9s du 24 juin et du 1er juillet \u2013 \u00c9tat de la situation - RDP-sanimax","robots":{"index":"index","follow":"follow","max-snippet":"max-snippet:-1","max-image-preview":"max-image-preview:large","max-video-preview":"max-video-preview:-1"},"canonical":"https:\/\/rdp-pat.sanimax.com\/fr\/conges-du-24-juin-et-du-1er-juillet-etat-de-la-situation\/","og_locale":"fr_FR","og_type":"article","og_title":"Cong\u00e9s du 24 juin et du 1er juillet \u2013 \u00c9tat de la situation - RDP-sanimax","og_description":"Toujours dans l\u2019esprit de favoriser une communication transparente avec le voisinage, Sanimax vous informe de la s\u00e9quence des op\u00e9rations pr\u00e9vues \u00e0 notre usine pour les deux prochains cong\u00e9s.\u00a0 Du vendredi 20 au dimanche 22 juin 2025 Lors de la fin de semaine pr\u00e9c\u00e9dant la f\u00eate nationale du Qu\u00e9bec, nous ne pr\u00e9voyons aucune intervention importante sur [&hellip;]","og_url":"https:\/\/rdp-pat.sanimax.com\/fr\/conges-du-24-juin-et-du-1er-juillet-etat-de-la-situation\/","og_site_name":"RDP-sanimax","article_published_time":"2025-06-20T14:33:49+00:00","article_modified_time":"2025-06-26T13:56:03+00:00","og_image":[{"width":2000,"height":1328,"url":"http:\/\/rdp-pat.sanimax.com\/wp-content\/uploads\/2024\/05\/7-usine-montreal.jpg","type":"image\/jpeg"}],"author":"S\u00e9bastien Poirier","twitter_card":"summary_large_image","twitter_misc":{"\u00c9crit par":"S\u00e9bastien Poirier","Dur\u00e9e de lecture estim\u00e9e":"2 minutes"},"schema":{"@context":"https:\/\/schema.org","@graph":[{"@type":"Article","@id":"https:\/\/rdp-pat.sanimax.com\/fr\/conges-du-24-juin-et-du-1er-juillet-etat-de-la-situation\/#article","isPartOf":{"@id":"https:\/\/rdp-pat.sanimax.com\/fr\/conges-du-24-juin-et-du-1er-juillet-etat-de-la-situation\/"},"author":{"name":"S\u00e9bastien Poirier","@id":"https:\/\/rdp-pat.sanimax.com\/#\/schema\/person\/b17ec208167307c2119c689230f708ba"},"headline":"Cong\u00e9s du 24 juin et du 1er juillet \u2013 \u00c9tat de la situation","datePublished":"2025-06-20T14:33:49+00:00","dateModified":"2025-06-26T13:56:03+00:00","mainEntityOfPage":{"@id":"https:\/\/rdp-pat.sanimax.com\/fr\/conges-du-24-juin-et-du-1er-juillet-etat-de-la-situation\/"},"wordCount":255,"image":{"@id":"https:\/\/rdp-pat.sanimax.com\/fr\/conges-du-24-juin-et-du-1er-juillet-etat-de-la-situation\/#primaryimage"},"thumbnailUrl":"https:\/\/rdp-pat.sanimax.com\/wp-content\/uploads\/2024\/05\/7-usine-montreal.jpg","articleSection":["Divers","Int\u00e9r\u00eat g\u00e9n\u00e9ral"],"inLanguage":"fr-FR"},{"@type":"WebPage","@id":"https:\/\/rdp-pat.sanimax.com\/fr\/conges-du-24-juin-et-du-1er-juillet-etat-de-la-situation\/","url":"https:\/\/rdp-pat.sanimax.com\/fr\/conges-du-24-juin-et-du-1er-juillet-etat-de-la-situation\/","name":"Cong\u00e9s du 24 juin et du 1er juillet \u2013 \u00c9tat de la situation - RDP-sanimax","isPartOf":{"@id":"https:\/\/rdp-pat.sanimax.com\/#website"},"primaryImageOfPage":{"@id":"https:\/\/rdp-pat.sanimax.com\/fr\/conges-du-24-juin-et-du-1er-juillet-etat-de-la-situation\/#primaryimage"},"image":{"@id":"https:\/\/rdp-pat.sanimax.com\/fr\/conges-du-24-juin-et-du-1er-juillet-etat-de-la-situation\/#primaryimage"},"thumbnailUrl":"https:\/\/rdp-pat.sanimax.com\/wp-content\/uploads\/2024\/05\/7-usine-montreal.jpg","datePublished":"2025-06-20T14:33:49+00:00","dateModified":"2025-06-26T13:56:03+00:00","author":{"@id":"https:\/\/rdp-pat.sanimax.com\/#\/schema\/person\/b17ec208167307c2119c689230f708ba"},"breadcrumb":{"@id":"https:\/\/rdp-pat.sanimax.com\/fr\/conges-du-24-juin-et-du-1er-juillet-etat-de-la-situation\/#breadcrumb"},"inLanguage":"fr-FR","potentialAction":[{"@type":"ReadAction","target":["https:\/\/rdp-pat.sanimax.com\/fr\/conges-du-24-juin-et-du-1er-juillet-etat-de-la-situation\/"]}]},{"@type":"ImageObject","inLanguage":"fr-FR","@id":"https:\/\/rdp-pat.sanimax.com\/fr\/conges-du-24-juin-et-du-1er-juillet-etat-de-la-situation\/#primaryimage","url":"https:\/\/rdp-pat.sanimax.com\/wp-content\/uploads\/2024\/05\/7-usine-montreal.jpg","contentUrl":"https:\/\/rdp-pat.sanimax.com\/wp-content\/uploads\/2024\/05\/7-usine-montreal.jpg","width":2000,"height":1328},{"@type":"BreadcrumbList","@id":"https:\/\/rdp-pat.sanimax.com\/fr\/conges-du-24-juin-et-du-1er-juillet-etat-de-la-situation\/#breadcrumb","itemListElement":[{"@type":"ListItem","position":1,"name":"Accueil","item":"https:\/\/rdp-pat.sanimax.com\/fr\/"},{"@type":"ListItem","position":2,"name":"Cong\u00e9s du 24 juin et du 1er juillet \u2013 \u00c9tat de la situation"}]},{"@type":"WebSite","@id":"https:\/\/rdp-pat.sanimax.com\/#website","url":"https:\/\/rdp-pat.sanimax.com\/","name":"RDP-sanimax","description":"","potentialAction":[{"@type":"SearchAction","target":{"@type":"EntryPoint","urlTemplate":"https:\/\/rdp-pat.sanimax.com\/?s={search_term_string}"},"query-input":{"@type":"PropertyValueSpecification","valueRequired":true,"valueName":"search_term_string"}}],"inLanguage":"fr-FR"},{"@type":"Person","@id":"https:\/\/rdp-pat.sanimax.com\/#\/schema\/person\/b17ec208167307c2119c689230f708ba","name":"S\u00e9bastien Poirier","url":"https:\/\/rdp-pat.sanimax.com\/fr\/author\/spoirier\/"}]}},"_links":{"self":[{"href":"https:\/\/rdp-pat.sanimax.com\/fr\/wp-json\/wp\/v2\/posts\/3137","targetHints":{"allow":["GET"]}}],"collection":[{"href":"https:\/\/rdp-pat.sanimax.com\/fr\/wp-json\/wp\/v2\/posts"}],"about":[{"href":"https:\/\/rdp-pat.sanimax.com\/fr\/wp-json\/wp\/v2\/types\/post"}],"author":[{"embeddable":true,"href":"https:\/\/rdp-pat.sanimax.com\/fr\/wp-json\/wp\/v2\/users\/9"}],"replies":[{"embeddable":true,"href":"https:\/\/rdp-pat.sanimax.com\/fr\/wp-json\/wp\/v2\/comments?post=3137"}],"version-history":[{"count":0,"href":"https:\/\/rdp-pat.sanimax.com\/fr\/wp-json\/wp\/v2\/posts\/3137\/revisions"}],"wp:featuredmedia":[{"embeddable":true,"href":"https:\/\/rdp-pat.sanimax.com\/fr\/wp-json\/wp\/v2\/media\/2972"}],"wp:attachment":[{"href":"https:\/\/rdp-pat.sanimax.com\/fr\/wp-json\/wp\/v2\/media?parent=3137"}],"wp:term":[{"taxonomy":"category","embeddable":true,"href":"https:\/\/rdp-pat.sanimax.com\/fr\/wp-json\/wp\/v2\/categories?post=3137"},{"taxonomy":"post_tag","embeddable":true,"href":"https:\/\/rdp-pat.sanimax.com\/fr\/wp-json\/wp\/v2\/tags?post=3137"}],"curies":[{"name":"wp","href":"https:\/\/api.w.org\/{rel}","templated":true}]}}