{"id":2992,"date":"2024-06-21T16:06:10","date_gmt":"2024-06-21T21:06:10","guid":{"rendered":"https:\/\/rdp-pat.sanimax.com\/?p=2992"},"modified":"2024-06-21T16:06:10","modified_gmt":"2024-06-21T21:06:10","slug":"conges-feries-etat-de-la-situation","status":"publish","type":"post","link":"https:\/\/rdp-pat.sanimax.com\/fr\/conges-feries-etat-de-la-situation\/","title":{"rendered":"Cong\u00e9s f\u00e9ri\u00e9s \u2013 \u00c9tat de la situation"},"content":{"rendered":"\t\t<div class=\"et_pb_section et_pb_with_background et_section_regular breadcrumbs_section\">\r\n\t\t\t<div class=\" et_pb_row breadcrumbs_row\">\r\n\t\t\t\t<div class=\"et_pb_column et_pb_column_4_4 breadcrumbs_column\">\r\n\t\t\t\t\t<div class=\"et_pb_code et_pb_module breadcrumbs_module\">\r\n\t\t\t\t\t\t\t\t\t\t\t<\/div> <!-- .et_pb_code -->\r\n\t\t\t\t<\/div> <!-- .et_pb_column -->\r\n\t\t\t<\/div> <!-- .et_pb_row -->\r\n\t\t<\/div>\r\n\t\t<p><u>Le vendredi 21 juin 2024, 17 h<\/u><\/p>\n<p>\u00c0 tous les membres de la communaut\u00e9 de RDP-PAT<\/p>\n<p>Dans l\u2019esprit de favoriser une transparence avec le voisinage, Sanimax tient \u00e0 vous informer de la s\u00e9quence des op\u00e9rations pr\u00e9vues \u00e0 notre usine pour les deux prochaines longues fins de semaines.<\/p>\n<p><strong>Du 22 au 24 juin 2024 &#8211; F\u00eate nationale du Qu\u00e9bec<\/strong><\/p>\n<p>L\u2019\u00e9pisode caniculaire que nous avons connu en d\u00e9but de semaine semble maintenant derri\u00e8re nous. La m\u00e9t\u00e9o pour la fin de semaine de la F\u00eate nationale du Qu\u00e9bec semble favorable au bon d\u00e9roulement des op\u00e9rations.<\/p>\n<p>Pendant cette p\u00e9riode, nous ne pr\u00e9voyons aucune intervention importante sur les \u00e9quipements. Nos \u00e9quipes proc\u00e9derons \u00e0 une cessation graduelle des op\u00e9rations pour ce cong\u00e9 f\u00e9ri\u00e9. L\u2019ensemble de nos op\u00e9rations reprendront normalement en d\u00e9but de semaine.<\/p>\n<p>Nos \u00e9quipes surveillent la situation en continu toute la fin de semaine. Nous vous tiendrons inform\u00e9s de tout changement, le cas \u00e9ch\u00e9ant.<\/p>\n<p>D\u2019ailleurs, nous profitons de l\u2019occasion pour vous inviter \u00e0 venir nous rencontrer cette fin de semaine au kiosque Sanimax lors de la 31e \u00e9dition de la <a href=\"https:\/\/www.fetefamillemepat.com\/#:~:text=F%C3%AAte%20Famille%20%C3%89dition%202024&amp;text=L'%C3%A9v%C3%A9nement%20se%20tiendra%20le,Baptiste%2C%20de%2010h%20%C3%A0%2016h.&amp;text=Notre%20%C3%A9quipe%20du%20comit%C3%A9%20organisateur,aux%20familles%2C%20parents%20et%20enfants.\">F\u00eate de la famille<\/a> au parc St-Jean-Baptiste.<\/p>\n<p><strong>Du 29 juin au 1<sup>er<\/sup> juillet 2024 &#8211; F\u00eate du Canada<\/strong><\/p>\n<p>De nouveau, \u00e0 l\u2019occasion de la fin de semaine de la F\u00eate du Canada, nous proc\u00e9derons \u00e0 une cessation graduelle des op\u00e9rations. Les op\u00e9rations reprendront normalement en d\u00e9but de semaine.<\/p>\n<p>Il est trop t\u00f4t \u00e0 ce stade-ci pour anticiper tout ph\u00e9nom\u00e8ne m\u00e9t\u00e9orologique. Nous vous tiendrons inform\u00e9s de tout changement qui pourrait survenir.<\/p>\n<p><strong>Quelles mesures sont mises en place pour am\u00e9liorer la cohabitation\u00a0cet \u00e9t\u00e9 ?<\/strong><\/p>\n<p>Plusieurs mesures estivales d\u00e9j\u00e0 en place, pour tous les d\u00e9tails veuillez consulter cet article publi\u00e9 sur notre blog\u00a0: <a href=\"https:\/\/rdp-pat.sanimax.com\/fr\/plan-estival-2024\/\">Plan estival 2024<\/a><\/p>\n<p>Des am\u00e9nagements suppl\u00e9mentaires vont \u00eatre r\u00e9alis\u00e9s au cours des prochains mois sur notre site, \u00e0 la suite de l\u2019<a href=\"https:\/\/www.newswire.ca\/fr\/news-releases\/sanimax-de-riviere-des-prairies-la-qualite-de-vie-des-citoyens-et-la-chaine-de-production-alimentaire-au-coeur-d-une-entente-tripartite-aux-effets-concrets-863995169.html\">entente<\/a> intervenue en mars dernier entre Sanimax, la Ville de Montr\u00e9al et le Gouvernement du Qu\u00e9bec.\u00a0<strong>\u00a0<\/strong><\/p>\n<p><strong>POUR NOUS JOINDRE<\/strong><\/p>\n<p>Nous vous invitons \u00e0 nous signaler directement les inconv\u00e9nients ou situations inhabituelles que vous observez et qui pourraient provenir de nos activit\u00e9s. Cela nous permet d\u2019en v\u00e9rifier la source et d\u2019intervenir rapidement pour corriger la situation, le cas \u00e9ch\u00e9ant.<\/p>\n<p>Nous sommes \u00e0 votre \u00e9coute et nous nous engageons \u00e0 r\u00e9pondre avec attention et diligence.<\/p>\n<ul>\n<li><strong>Services aux citoyens\u00a0: <\/strong><strong>514-648-1083 <\/strong><\/li>\n<\/ul>\n<p>Vous pouvez aussi vous informer en visitant notre <a href=\"https:\/\/rdp-pat.sanimax.com\/fr\/blogue\/\">blogue<\/a>, en rejoignant notre <a href=\"https:\/\/www.facebook.com\/groups\/sanimaxrdppat\/\">groupe Facebook<\/a> ou en vous abonnant \u00e0 notre infolettre pour consulter les informations les plus \u00e0 jour sur nos op\u00e9rations.\u00a0<\/p>\n<p>Merci.<\/p>\n","protected":false},"excerpt":{"rendered":"<p>Le vendredi 21 juin 2024, 17 h \u00c0 tous les membres de la communaut\u00e9 de RDP-PAT Dans l\u2019esprit de favoriser une transparence avec le voisinage, Sanimax tient \u00e0 vous informer de la s\u00e9quence des op\u00e9rations pr\u00e9vues \u00e0 notre usine pour les deux prochaines longues fins de semaines. Du 22 au 24 juin 2024 &#8211; F\u00eate [&hellip;]<\/p>\n","protected":false},"author":7,"featured_media":2993,"comment_status":"closed","ping_status":"closed","sticky":false,"template":"","format":"standard","meta":{"_acf_changed":false,"_et_pb_use_builder":"","_et_pb_old_content":"","_et_gb_content_width":"","_monsterinsights_skip_tracking":false,"_monsterinsights_sitenote_active":false,"_monsterinsights_sitenote_note":"","_monsterinsights_sitenote_category":0,"footnotes":""},"categories":[2],"tags":[],"class_list":["post-2992","post","type-post","status-publish","format-standard","has-post-thumbnail","hentry","category-divers"],"acf":[],"yoast_head":"<!-- This site is optimized with the Yoast SEO plugin v27.5 - https:\/\/yoast.com\/product\/yoast-seo-wordpress\/ -->\n<title>Cong\u00e9s f\u00e9ri\u00e9s \u2013 \u00c9tat de la situation - RDP-sanimax<\/title>\n<meta name=\"robots\" content=\"index, follow, max-snippet:-1, max-image-preview:large, max-video-preview:-1\" \/>\n<link rel=\"canonical\" href=\"https:\/\/rdp-pat.sanimax.com\/fr\/conges-feries-etat-de-la-situation\/\" \/>\n<meta property=\"og:locale\" content=\"fr_FR\" \/>\n<meta property=\"og:type\" content=\"article\" \/>\n<meta property=\"og:title\" content=\"Cong\u00e9s f\u00e9ri\u00e9s \u2013 \u00c9tat de la situation - RDP-sanimax\" \/>\n<meta property=\"og:description\" content=\"Le vendredi 21 juin 2024, 17 h \u00c0 tous les membres de la communaut\u00e9 de RDP-PAT Dans l\u2019esprit de favoriser une transparence avec le voisinage, Sanimax tient \u00e0 vous informer de la s\u00e9quence des op\u00e9rations pr\u00e9vues \u00e0 notre usine pour les deux prochaines longues fins de semaines. Du 22 au 24 juin 2024 &#8211; F\u00eate [&hellip;]\" \/>\n<meta property=\"og:url\" content=\"https:\/\/rdp-pat.sanimax.com\/fr\/conges-feries-etat-de-la-situation\/\" \/>\n<meta property=\"og:site_name\" content=\"RDP-sanimax\" \/>\n<meta property=\"article:published_time\" content=\"2024-06-21T21:06:10+00:00\" \/>\n<meta property=\"og:image\" content=\"http:\/\/rdp-pat.sanimax.com\/wp-content\/uploads\/2024\/06\/meteo-22-24juin.jpg\" \/>\n\t<meta property=\"og:image:width\" content=\"1025\" \/>\n\t<meta property=\"og:image:height\" content=\"536\" \/>\n\t<meta property=\"og:image:type\" content=\"image\/jpeg\" \/>\n<meta name=\"author\" content=\"Nicolas Laflamme\" \/>\n<meta name=\"twitter:card\" content=\"summary_large_image\" \/>\n<meta name=\"twitter:label1\" content=\"\u00c9crit par\" \/>\n\t<meta name=\"twitter:data1\" content=\"Nicolas Laflamme\" \/>\n\t<meta name=\"twitter:label2\" content=\"Dur\u00e9e de lecture estim\u00e9e\" \/>\n\t<meta name=\"twitter:data2\" content=\"1 minute\" \/>\n<script type=\"application\/ld+json\" class=\"yoast-schema-graph\">{\"@context\":\"https:\\\/\\\/schema.org\",\"@graph\":[{\"@type\":\"Article\",\"@id\":\"https:\\\/\\\/rdp-pat.sanimax.com\\\/fr\\\/conges-feries-etat-de-la-situation\\\/#article\",\"isPartOf\":{\"@id\":\"https:\\\/\\\/rdp-pat.sanimax.com\\\/fr\\\/conges-feries-etat-de-la-situation\\\/\"},\"author\":{\"name\":\"Nicolas Laflamme\",\"@id\":\"https:\\\/\\\/rdp-pat.sanimax.com\\\/#\\\/schema\\\/person\\\/de4c027f6858c724ab46490c68601270\"},\"headline\":\"Cong\u00e9s f\u00e9ri\u00e9s \u2013 \u00c9tat de la situation\",\"datePublished\":\"2024-06-21T21:06:10+00:00\",\"mainEntityOfPage\":{\"@id\":\"https:\\\/\\\/rdp-pat.sanimax.com\\\/fr\\\/conges-feries-etat-de-la-situation\\\/\"},\"wordCount\":452,\"image\":{\"@id\":\"https:\\\/\\\/rdp-pat.sanimax.com\\\/fr\\\/conges-feries-etat-de-la-situation\\\/#primaryimage\"},\"thumbnailUrl\":\"https:\\\/\\\/rdp-pat.sanimax.com\\\/wp-content\\\/uploads\\\/2024\\\/06\\\/meteo-22-24juin.jpg\",\"articleSection\":[\"Divers\"],\"inLanguage\":\"fr-FR\"},{\"@type\":\"WebPage\",\"@id\":\"https:\\\/\\\/rdp-pat.sanimax.com\\\/fr\\\/conges-feries-etat-de-la-situation\\\/\",\"url\":\"https:\\\/\\\/rdp-pat.sanimax.com\\\/fr\\\/conges-feries-etat-de-la-situation\\\/\",\"name\":\"Cong\u00e9s f\u00e9ri\u00e9s \u2013 \u00c9tat de la situation - RDP-sanimax\",\"isPartOf\":{\"@id\":\"https:\\\/\\\/rdp-pat.sanimax.com\\\/#website\"},\"primaryImageOfPage\":{\"@id\":\"https:\\\/\\\/rdp-pat.sanimax.com\\\/fr\\\/conges-feries-etat-de-la-situation\\\/#primaryimage\"},\"image\":{\"@id\":\"https:\\\/\\\/rdp-pat.sanimax.com\\\/fr\\\/conges-feries-etat-de-la-situation\\\/#primaryimage\"},\"thumbnailUrl\":\"https:\\\/\\\/rdp-pat.sanimax.com\\\/wp-content\\\/uploads\\\/2024\\\/06\\\/meteo-22-24juin.jpg\",\"datePublished\":\"2024-06-21T21:06:10+00:00\",\"author\":{\"@id\":\"https:\\\/\\\/rdp-pat.sanimax.com\\\/#\\\/schema\\\/person\\\/de4c027f6858c724ab46490c68601270\"},\"breadcrumb\":{\"@id\":\"https:\\\/\\\/rdp-pat.sanimax.com\\\/fr\\\/conges-feries-etat-de-la-situation\\\/#breadcrumb\"},\"inLanguage\":\"fr-FR\",\"potentialAction\":[{\"@type\":\"ReadAction\",\"target\":[\"https:\\\/\\\/rdp-pat.sanimax.com\\\/fr\\\/conges-feries-etat-de-la-situation\\\/\"]}]},{\"@type\":\"ImageObject\",\"inLanguage\":\"fr-FR\",\"@id\":\"https:\\\/\\\/rdp-pat.sanimax.com\\\/fr\\\/conges-feries-etat-de-la-situation\\\/#primaryimage\",\"url\":\"https:\\\/\\\/rdp-pat.sanimax.com\\\/wp-content\\\/uploads\\\/2024\\\/06\\\/meteo-22-24juin.jpg\",\"contentUrl\":\"https:\\\/\\\/rdp-pat.sanimax.com\\\/wp-content\\\/uploads\\\/2024\\\/06\\\/meteo-22-24juin.jpg\",\"width\":1025,\"height\":536},{\"@type\":\"BreadcrumbList\",\"@id\":\"https:\\\/\\\/rdp-pat.sanimax.com\\\/fr\\\/conges-feries-etat-de-la-situation\\\/#breadcrumb\",\"itemListElement\":[{\"@type\":\"ListItem\",\"position\":1,\"name\":\"Accueil\",\"item\":\"https:\\\/\\\/rdp-pat.sanimax.com\\\/fr\\\/\"},{\"@type\":\"ListItem\",\"position\":2,\"name\":\"Cong\u00e9s f\u00e9ri\u00e9s \u2013 \u00c9tat de la situation\"}]},{\"@type\":\"WebSite\",\"@id\":\"https:\\\/\\\/rdp-pat.sanimax.com\\\/#website\",\"url\":\"https:\\\/\\\/rdp-pat.sanimax.com\\\/\",\"name\":\"RDP-sanimax\",\"description\":\"\",\"potentialAction\":[{\"@type\":\"SearchAction\",\"target\":{\"@type\":\"EntryPoint\",\"urlTemplate\":\"https:\\\/\\\/rdp-pat.sanimax.com\\\/?s={search_term_string}\"},\"query-input\":{\"@type\":\"PropertyValueSpecification\",\"valueRequired\":true,\"valueName\":\"search_term_string\"}}],\"inLanguage\":\"fr-FR\"},{\"@type\":\"Person\",\"@id\":\"https:\\\/\\\/rdp-pat.sanimax.com\\\/#\\\/schema\\\/person\\\/de4c027f6858c724ab46490c68601270\",\"name\":\"Nicolas Laflamme\",\"url\":\"https:\\\/\\\/rdp-pat.sanimax.com\\\/fr\\\/author\\\/nicolas\\\/\"}]}<\/script>\n<!-- \/ Yoast SEO plugin. -->","yoast_head_json":{"title":"Cong\u00e9s f\u00e9ri\u00e9s \u2013 \u00c9tat de la situation - RDP-sanimax","robots":{"index":"index","follow":"follow","max-snippet":"max-snippet:-1","max-image-preview":"max-image-preview:large","max-video-preview":"max-video-preview:-1"},"canonical":"https:\/\/rdp-pat.sanimax.com\/fr\/conges-feries-etat-de-la-situation\/","og_locale":"fr_FR","og_type":"article","og_title":"Cong\u00e9s f\u00e9ri\u00e9s \u2013 \u00c9tat de la situation - RDP-sanimax","og_description":"Le vendredi 21 juin 2024, 17 h \u00c0 tous les membres de la communaut\u00e9 de RDP-PAT Dans l\u2019esprit de favoriser une transparence avec le voisinage, Sanimax tient \u00e0 vous informer de la s\u00e9quence des op\u00e9rations pr\u00e9vues \u00e0 notre usine pour les deux prochaines longues fins de semaines. Du 22 au 24 juin 2024 &#8211; F\u00eate [&hellip;]","og_url":"https:\/\/rdp-pat.sanimax.com\/fr\/conges-feries-etat-de-la-situation\/","og_site_name":"RDP-sanimax","article_published_time":"2024-06-21T21:06:10+00:00","og_image":[{"width":1025,"height":536,"url":"http:\/\/rdp-pat.sanimax.com\/wp-content\/uploads\/2024\/06\/meteo-22-24juin.jpg","type":"image\/jpeg"}],"author":"Nicolas Laflamme","twitter_card":"summary_large_image","twitter_misc":{"\u00c9crit par":"Nicolas Laflamme","Dur\u00e9e de lecture estim\u00e9e":"1 minute"},"schema":{"@context":"https:\/\/schema.org","@graph":[{"@type":"Article","@id":"https:\/\/rdp-pat.sanimax.com\/fr\/conges-feries-etat-de-la-situation\/#article","isPartOf":{"@id":"https:\/\/rdp-pat.sanimax.com\/fr\/conges-feries-etat-de-la-situation\/"},"author":{"name":"Nicolas Laflamme","@id":"https:\/\/rdp-pat.sanimax.com\/#\/schema\/person\/de4c027f6858c724ab46490c68601270"},"headline":"Cong\u00e9s f\u00e9ri\u00e9s \u2013 \u00c9tat de la situation","datePublished":"2024-06-21T21:06:10+00:00","mainEntityOfPage":{"@id":"https:\/\/rdp-pat.sanimax.com\/fr\/conges-feries-etat-de-la-situation\/"},"wordCount":452,"image":{"@id":"https:\/\/rdp-pat.sanimax.com\/fr\/conges-feries-etat-de-la-situation\/#primaryimage"},"thumbnailUrl":"https:\/\/rdp-pat.sanimax.com\/wp-content\/uploads\/2024\/06\/meteo-22-24juin.jpg","articleSection":["Divers"],"inLanguage":"fr-FR"},{"@type":"WebPage","@id":"https:\/\/rdp-pat.sanimax.com\/fr\/conges-feries-etat-de-la-situation\/","url":"https:\/\/rdp-pat.sanimax.com\/fr\/conges-feries-etat-de-la-situation\/","name":"Cong\u00e9s f\u00e9ri\u00e9s \u2013 \u00c9tat de la situation - RDP-sanimax","isPartOf":{"@id":"https:\/\/rdp-pat.sanimax.com\/#website"},"primaryImageOfPage":{"@id":"https:\/\/rdp-pat.sanimax.com\/fr\/conges-feries-etat-de-la-situation\/#primaryimage"},"image":{"@id":"https:\/\/rdp-pat.sanimax.com\/fr\/conges-feries-etat-de-la-situation\/#primaryimage"},"thumbnailUrl":"https:\/\/rdp-pat.sanimax.com\/wp-content\/uploads\/2024\/06\/meteo-22-24juin.jpg","datePublished":"2024-06-21T21:06:10+00:00","author":{"@id":"https:\/\/rdp-pat.sanimax.com\/#\/schema\/person\/de4c027f6858c724ab46490c68601270"},"breadcrumb":{"@id":"https:\/\/rdp-pat.sanimax.com\/fr\/conges-feries-etat-de-la-situation\/#breadcrumb"},"inLanguage":"fr-FR","potentialAction":[{"@type":"ReadAction","target":["https:\/\/rdp-pat.sanimax.com\/fr\/conges-feries-etat-de-la-situation\/"]}]},{"@type":"ImageObject","inLanguage":"fr-FR","@id":"https:\/\/rdp-pat.sanimax.com\/fr\/conges-feries-etat-de-la-situation\/#primaryimage","url":"https:\/\/rdp-pat.sanimax.com\/wp-content\/uploads\/2024\/06\/meteo-22-24juin.jpg","contentUrl":"https:\/\/rdp-pat.sanimax.com\/wp-content\/uploads\/2024\/06\/meteo-22-24juin.jpg","width":1025,"height":536},{"@type":"BreadcrumbList","@id":"https:\/\/rdp-pat.sanimax.com\/fr\/conges-feries-etat-de-la-situation\/#breadcrumb","itemListElement":[{"@type":"ListItem","position":1,"name":"Accueil","item":"https:\/\/rdp-pat.sanimax.com\/fr\/"},{"@type":"ListItem","position":2,"name":"Cong\u00e9s f\u00e9ri\u00e9s \u2013 \u00c9tat de la situation"}]},{"@type":"WebSite","@id":"https:\/\/rdp-pat.sanimax.com\/#website","url":"https:\/\/rdp-pat.sanimax.com\/","name":"RDP-sanimax","description":"","potentialAction":[{"@type":"SearchAction","target":{"@type":"EntryPoint","urlTemplate":"https:\/\/rdp-pat.sanimax.com\/?s={search_term_string}"},"query-input":{"@type":"PropertyValueSpecification","valueRequired":true,"valueName":"search_term_string"}}],"inLanguage":"fr-FR"},{"@type":"Person","@id":"https:\/\/rdp-pat.sanimax.com\/#\/schema\/person\/de4c027f6858c724ab46490c68601270","name":"Nicolas Laflamme","url":"https:\/\/rdp-pat.sanimax.com\/fr\/author\/nicolas\/"}]}},"_links":{"self":[{"href":"https:\/\/rdp-pat.sanimax.com\/fr\/wp-json\/wp\/v2\/posts\/2992","targetHints":{"allow":["GET"]}}],"collection":[{"href":"https:\/\/rdp-pat.sanimax.com\/fr\/wp-json\/wp\/v2\/posts"}],"about":[{"href":"https:\/\/rdp-pat.sanimax.com\/fr\/wp-json\/wp\/v2\/types\/post"}],"author":[{"embeddable":true,"href":"https:\/\/rdp-pat.sanimax.com\/fr\/wp-json\/wp\/v2\/users\/7"}],"replies":[{"embeddable":true,"href":"https:\/\/rdp-pat.sanimax.com\/fr\/wp-json\/wp\/v2\/comments?post=2992"}],"version-history":[{"count":0,"href":"https:\/\/rdp-pat.sanimax.com\/fr\/wp-json\/wp\/v2\/posts\/2992\/revisions"}],"wp:featuredmedia":[{"embeddable":true,"href":"https:\/\/rdp-pat.sanimax.com\/fr\/wp-json\/wp\/v2\/media\/2993"}],"wp:attachment":[{"href":"https:\/\/rdp-pat.sanimax.com\/fr\/wp-json\/wp\/v2\/media?parent=2992"}],"wp:term":[{"taxonomy":"category","embeddable":true,"href":"https:\/\/rdp-pat.sanimax.com\/fr\/wp-json\/wp\/v2\/categories?post=2992"},{"taxonomy":"post_tag","embeddable":true,"href":"https:\/\/rdp-pat.sanimax.com\/fr\/wp-json\/wp\/v2\/tags?post=2992"}],"curies":[{"name":"wp","href":"https:\/\/api.w.org\/{rel}","templated":true}]}}