{"id":2849,"date":"2022-09-09T14:52:55","date_gmt":"2022-09-09T19:52:55","guid":{"rendered":"https:\/\/rdp-pat.sanimax.com\/?p=2849"},"modified":"2022-09-09T14:52:55","modified_gmt":"2022-09-09T19:52:55","slug":"retour-sur-la-fin-de-semaine-de-la-fete-du-travail-2","status":"publish","type":"post","link":"https:\/\/rdp-pat.sanimax.com\/fr\/retour-sur-la-fin-de-semaine-de-la-fete-du-travail-2\/","title":{"rendered":"Retour sur la fin de semaine de la f\u00eate du Travail"},"content":{"rendered":"\t\t<div class=\"et_pb_section et_pb_with_background et_section_regular breadcrumbs_section\">\r\n\t\t\t<div class=\" et_pb_row breadcrumbs_row\">\r\n\t\t\t\t<div class=\"et_pb_column et_pb_column_4_4 breadcrumbs_column\">\r\n\t\t\t\t\t<div class=\"et_pb_code et_pb_module breadcrumbs_module\">\r\n\t\t\t\t\t\t\t\t\t\t\t<\/div> <!-- .et_pb_code -->\r\n\t\t\t\t<\/div> <!-- .et_pb_column -->\r\n\t\t\t<\/div> <!-- .et_pb_row -->\r\n\t\t<\/div>\r\n\t\t<p><img decoding=\"async\" class=\"alignnone size-full wp-image-1904\" src=\"https:\/\/rdp-pat.sanimax.com\/wp-content\/uploads\/2020\/04\/background-accueil.jpg\" alt=\"Comit\u00e9 des citoyens de Rivi\u00e8re-des-Prairies\u2013Pointe-aux-Trembles et de Sanimax\" width=\"1920\" height=\"1281\" srcset=\"https:\/\/rdp-pat.sanimax.com\/wp-content\/uploads\/2020\/04\/background-accueil.jpg 1920w, https:\/\/rdp-pat.sanimax.com\/wp-content\/uploads\/2020\/04\/background-accueil-1536x1025.jpg 1536w\" sizes=\"(max-width: 1920px) 100vw, 1920px\" \/><\/p>\n<p>Chers membres de la communaut\u00e9,<\/p>\n<p>Le processus de fermeture de notre usine a \u00e9t\u00e9 entam\u00e9 samedi dernier et a \u00e9t\u00e9 compl\u00e9t\u00e9 avec succ\u00e8s durant la nuit. L\u2019usine \u00e9tait donc compl\u00e8tement ferm\u00e9e dimanche et lundi toute la journ\u00e9e.<\/p>\n<p>En ce sens, nous avons eu quatre jours, plut\u00f4t que cinq, pour traiter la m\u00eame quantit\u00e9 de mati\u00e8re que nous recevons en une semaine. Afin que cela se passe correctement, nos \u00e9quipes d\u2019ing\u00e9nierie, de production et de maintenance ont travaill\u00e9 d\u2019arrache-pied afin de traiter toute la mati\u00e8re re\u00e7ue.<\/p>\n<p>Nous en profitons pour vous aviser que nous serons en mesure de poursuivre de fa\u00e7on efficace le traitement de la mati\u00e8re organique re\u00e7ue cette semaine, pour une fermeture compl\u00e8te de nos op\u00e9rations dans la nuit de samedi \u00e0 dimanche.<\/p>\n<p>L\u2019\u00e9quipe de Sanimax Montr\u00e9al<\/p>\n","protected":false},"excerpt":{"rendered":"<p>Chers membres de la communaut\u00e9, Le processus de fermeture de notre usine a \u00e9t\u00e9 entam\u00e9 samedi dernier et a \u00e9t\u00e9 compl\u00e9t\u00e9 avec succ\u00e8s durant la nuit. L\u2019usine \u00e9tait donc compl\u00e8tement ferm\u00e9e dimanche et lundi toute la journ\u00e9e. En ce sens, nous avons eu quatre jours, plut\u00f4t que cinq, pour traiter la m\u00eame quantit\u00e9 de mati\u00e8re [&hellip;]<\/p>\n","protected":false},"author":7,"featured_media":0,"comment_status":"closed","ping_status":"closed","sticky":false,"template":"","format":"standard","meta":{"_acf_changed":false,"_et_pb_use_builder":"","_et_pb_old_content":"","_et_gb_content_width":"","_monsterinsights_skip_tracking":false,"_monsterinsights_sitenote_active":false,"_monsterinsights_sitenote_note":"","_monsterinsights_sitenote_category":0,"footnotes":""},"categories":[44],"tags":[],"class_list":["post-2849","post","type-post","status-publish","format-standard","hentry","category-interet-general"],"acf":[],"yoast_head":"<!-- This site is optimized with the Yoast SEO plugin v27.5 - https:\/\/yoast.com\/product\/yoast-seo-wordpress\/ -->\n<title>Retour sur la fin de semaine de la f\u00eate du Travail - RDP-sanimax<\/title>\n<meta name=\"robots\" content=\"index, follow, max-snippet:-1, max-image-preview:large, max-video-preview:-1\" \/>\n<link rel=\"canonical\" href=\"https:\/\/rdp-pat.sanimax.com\/fr\/retour-sur-la-fin-de-semaine-de-la-fete-du-travail-2\/\" \/>\n<meta property=\"og:locale\" content=\"fr_FR\" \/>\n<meta property=\"og:type\" content=\"article\" \/>\n<meta property=\"og:title\" content=\"Retour sur la fin de semaine de la f\u00eate du Travail - RDP-sanimax\" \/>\n<meta property=\"og:description\" content=\"Chers membres de la communaut\u00e9, Le processus de fermeture de notre usine a \u00e9t\u00e9 entam\u00e9 samedi dernier et a \u00e9t\u00e9 compl\u00e9t\u00e9 avec succ\u00e8s durant la nuit. L\u2019usine \u00e9tait donc compl\u00e8tement ferm\u00e9e dimanche et lundi toute la journ\u00e9e. En ce sens, nous avons eu quatre jours, plut\u00f4t que cinq, pour traiter la m\u00eame quantit\u00e9 de mati\u00e8re [&hellip;]\" \/>\n<meta property=\"og:url\" content=\"https:\/\/rdp-pat.sanimax.com\/fr\/retour-sur-la-fin-de-semaine-de-la-fete-du-travail-2\/\" \/>\n<meta property=\"og:site_name\" content=\"RDP-sanimax\" \/>\n<meta property=\"article:published_time\" content=\"2022-09-09T19:52:55+00:00\" \/>\n<meta property=\"og:image\" content=\"https:\/\/rdp-pat.sanimax.com\/wp-content\/uploads\/2020\/04\/background-accueil.jpg\" \/>\n<meta name=\"author\" content=\"Nicolas Laflamme\" \/>\n<meta name=\"twitter:card\" content=\"summary_large_image\" \/>\n<meta name=\"twitter:label1\" content=\"\u00c9crit par\" \/>\n\t<meta name=\"twitter:data1\" content=\"Nicolas Laflamme\" \/>\n\t<meta name=\"twitter:label2\" content=\"Dur\u00e9e de lecture estim\u00e9e\" \/>\n\t<meta name=\"twitter:data2\" content=\"1 minute\" \/>\n<script type=\"application\/ld+json\" class=\"yoast-schema-graph\">{\"@context\":\"https:\\\/\\\/schema.org\",\"@graph\":[{\"@type\":\"Article\",\"@id\":\"https:\\\/\\\/rdp-pat.sanimax.com\\\/fr\\\/retour-sur-la-fin-de-semaine-de-la-fete-du-travail-2\\\/#article\",\"isPartOf\":{\"@id\":\"https:\\\/\\\/rdp-pat.sanimax.com\\\/fr\\\/retour-sur-la-fin-de-semaine-de-la-fete-du-travail-2\\\/\"},\"author\":{\"name\":\"Nicolas Laflamme\",\"@id\":\"https:\\\/\\\/rdp-pat.sanimax.com\\\/#\\\/schema\\\/person\\\/de4c027f6858c724ab46490c68601270\"},\"headline\":\"Retour sur la fin de semaine de la f\u00eate du Travail\",\"datePublished\":\"2022-09-09T19:52:55+00:00\",\"mainEntityOfPage\":{\"@id\":\"https:\\\/\\\/rdp-pat.sanimax.com\\\/fr\\\/retour-sur-la-fin-de-semaine-de-la-fete-du-travail-2\\\/\"},\"wordCount\":160,\"image\":{\"@id\":\"https:\\\/\\\/rdp-pat.sanimax.com\\\/fr\\\/retour-sur-la-fin-de-semaine-de-la-fete-du-travail-2\\\/#primaryimage\"},\"thumbnailUrl\":\"https:\\\/\\\/rdp-pat.sanimax.com\\\/wp-content\\\/uploads\\\/2020\\\/04\\\/background-accueil.jpg\",\"articleSection\":[\"Int\u00e9r\u00eat g\u00e9n\u00e9ral\"],\"inLanguage\":\"fr-FR\"},{\"@type\":\"WebPage\",\"@id\":\"https:\\\/\\\/rdp-pat.sanimax.com\\\/fr\\\/retour-sur-la-fin-de-semaine-de-la-fete-du-travail-2\\\/\",\"url\":\"https:\\\/\\\/rdp-pat.sanimax.com\\\/fr\\\/retour-sur-la-fin-de-semaine-de-la-fete-du-travail-2\\\/\",\"name\":\"Retour sur la fin de semaine de la f\u00eate du Travail - RDP-sanimax\",\"isPartOf\":{\"@id\":\"https:\\\/\\\/rdp-pat.sanimax.com\\\/#website\"},\"primaryImageOfPage\":{\"@id\":\"https:\\\/\\\/rdp-pat.sanimax.com\\\/fr\\\/retour-sur-la-fin-de-semaine-de-la-fete-du-travail-2\\\/#primaryimage\"},\"image\":{\"@id\":\"https:\\\/\\\/rdp-pat.sanimax.com\\\/fr\\\/retour-sur-la-fin-de-semaine-de-la-fete-du-travail-2\\\/#primaryimage\"},\"thumbnailUrl\":\"https:\\\/\\\/rdp-pat.sanimax.com\\\/wp-content\\\/uploads\\\/2020\\\/04\\\/background-accueil.jpg\",\"datePublished\":\"2022-09-09T19:52:55+00:00\",\"author\":{\"@id\":\"https:\\\/\\\/rdp-pat.sanimax.com\\\/#\\\/schema\\\/person\\\/de4c027f6858c724ab46490c68601270\"},\"breadcrumb\":{\"@id\":\"https:\\\/\\\/rdp-pat.sanimax.com\\\/fr\\\/retour-sur-la-fin-de-semaine-de-la-fete-du-travail-2\\\/#breadcrumb\"},\"inLanguage\":\"fr-FR\",\"potentialAction\":[{\"@type\":\"ReadAction\",\"target\":[\"https:\\\/\\\/rdp-pat.sanimax.com\\\/fr\\\/retour-sur-la-fin-de-semaine-de-la-fete-du-travail-2\\\/\"]}]},{\"@type\":\"ImageObject\",\"inLanguage\":\"fr-FR\",\"@id\":\"https:\\\/\\\/rdp-pat.sanimax.com\\\/fr\\\/retour-sur-la-fin-de-semaine-de-la-fete-du-travail-2\\\/#primaryimage\",\"url\":\"https:\\\/\\\/rdp-pat.sanimax.com\\\/wp-content\\\/uploads\\\/2020\\\/04\\\/background-accueil.jpg\",\"contentUrl\":\"https:\\\/\\\/rdp-pat.sanimax.com\\\/wp-content\\\/uploads\\\/2020\\\/04\\\/background-accueil.jpg\"},{\"@type\":\"BreadcrumbList\",\"@id\":\"https:\\\/\\\/rdp-pat.sanimax.com\\\/fr\\\/retour-sur-la-fin-de-semaine-de-la-fete-du-travail-2\\\/#breadcrumb\",\"itemListElement\":[{\"@type\":\"ListItem\",\"position\":1,\"name\":\"Accueil\",\"item\":\"https:\\\/\\\/rdp-pat.sanimax.com\\\/fr\\\/\"},{\"@type\":\"ListItem\",\"position\":2,\"name\":\"Retour sur la fin de semaine de la f\u00eate du Travail\"}]},{\"@type\":\"WebSite\",\"@id\":\"https:\\\/\\\/rdp-pat.sanimax.com\\\/#website\",\"url\":\"https:\\\/\\\/rdp-pat.sanimax.com\\\/\",\"name\":\"RDP-sanimax\",\"description\":\"\",\"potentialAction\":[{\"@type\":\"SearchAction\",\"target\":{\"@type\":\"EntryPoint\",\"urlTemplate\":\"https:\\\/\\\/rdp-pat.sanimax.com\\\/?s={search_term_string}\"},\"query-input\":{\"@type\":\"PropertyValueSpecification\",\"valueRequired\":true,\"valueName\":\"search_term_string\"}}],\"inLanguage\":\"fr-FR\"},{\"@type\":\"Person\",\"@id\":\"https:\\\/\\\/rdp-pat.sanimax.com\\\/#\\\/schema\\\/person\\\/de4c027f6858c724ab46490c68601270\",\"name\":\"Nicolas Laflamme\",\"url\":\"https:\\\/\\\/rdp-pat.sanimax.com\\\/fr\\\/author\\\/nicolas\\\/\"}]}<\/script>\n<!-- \/ Yoast SEO plugin. -->","yoast_head_json":{"title":"Retour sur la fin de semaine de la f\u00eate du Travail - RDP-sanimax","robots":{"index":"index","follow":"follow","max-snippet":"max-snippet:-1","max-image-preview":"max-image-preview:large","max-video-preview":"max-video-preview:-1"},"canonical":"https:\/\/rdp-pat.sanimax.com\/fr\/retour-sur-la-fin-de-semaine-de-la-fete-du-travail-2\/","og_locale":"fr_FR","og_type":"article","og_title":"Retour sur la fin de semaine de la f\u00eate du Travail - RDP-sanimax","og_description":"Chers membres de la communaut\u00e9, Le processus de fermeture de notre usine a \u00e9t\u00e9 entam\u00e9 samedi dernier et a \u00e9t\u00e9 compl\u00e9t\u00e9 avec succ\u00e8s durant la nuit. L\u2019usine \u00e9tait donc compl\u00e8tement ferm\u00e9e dimanche et lundi toute la journ\u00e9e. En ce sens, nous avons eu quatre jours, plut\u00f4t que cinq, pour traiter la m\u00eame quantit\u00e9 de mati\u00e8re [&hellip;]","og_url":"https:\/\/rdp-pat.sanimax.com\/fr\/retour-sur-la-fin-de-semaine-de-la-fete-du-travail-2\/","og_site_name":"RDP-sanimax","article_published_time":"2022-09-09T19:52:55+00:00","og_image":[{"url":"https:\/\/rdp-pat.sanimax.com\/wp-content\/uploads\/2020\/04\/background-accueil.jpg","type":"","width":"","height":""}],"author":"Nicolas Laflamme","twitter_card":"summary_large_image","twitter_misc":{"\u00c9crit par":"Nicolas Laflamme","Dur\u00e9e de lecture estim\u00e9e":"1 minute"},"schema":{"@context":"https:\/\/schema.org","@graph":[{"@type":"Article","@id":"https:\/\/rdp-pat.sanimax.com\/fr\/retour-sur-la-fin-de-semaine-de-la-fete-du-travail-2\/#article","isPartOf":{"@id":"https:\/\/rdp-pat.sanimax.com\/fr\/retour-sur-la-fin-de-semaine-de-la-fete-du-travail-2\/"},"author":{"name":"Nicolas Laflamme","@id":"https:\/\/rdp-pat.sanimax.com\/#\/schema\/person\/de4c027f6858c724ab46490c68601270"},"headline":"Retour sur la fin de semaine de la f\u00eate du Travail","datePublished":"2022-09-09T19:52:55+00:00","mainEntityOfPage":{"@id":"https:\/\/rdp-pat.sanimax.com\/fr\/retour-sur-la-fin-de-semaine-de-la-fete-du-travail-2\/"},"wordCount":160,"image":{"@id":"https:\/\/rdp-pat.sanimax.com\/fr\/retour-sur-la-fin-de-semaine-de-la-fete-du-travail-2\/#primaryimage"},"thumbnailUrl":"https:\/\/rdp-pat.sanimax.com\/wp-content\/uploads\/2020\/04\/background-accueil.jpg","articleSection":["Int\u00e9r\u00eat g\u00e9n\u00e9ral"],"inLanguage":"fr-FR"},{"@type":"WebPage","@id":"https:\/\/rdp-pat.sanimax.com\/fr\/retour-sur-la-fin-de-semaine-de-la-fete-du-travail-2\/","url":"https:\/\/rdp-pat.sanimax.com\/fr\/retour-sur-la-fin-de-semaine-de-la-fete-du-travail-2\/","name":"Retour sur la fin de semaine de la f\u00eate du Travail - RDP-sanimax","isPartOf":{"@id":"https:\/\/rdp-pat.sanimax.com\/#website"},"primaryImageOfPage":{"@id":"https:\/\/rdp-pat.sanimax.com\/fr\/retour-sur-la-fin-de-semaine-de-la-fete-du-travail-2\/#primaryimage"},"image":{"@id":"https:\/\/rdp-pat.sanimax.com\/fr\/retour-sur-la-fin-de-semaine-de-la-fete-du-travail-2\/#primaryimage"},"thumbnailUrl":"https:\/\/rdp-pat.sanimax.com\/wp-content\/uploads\/2020\/04\/background-accueil.jpg","datePublished":"2022-09-09T19:52:55+00:00","author":{"@id":"https:\/\/rdp-pat.sanimax.com\/#\/schema\/person\/de4c027f6858c724ab46490c68601270"},"breadcrumb":{"@id":"https:\/\/rdp-pat.sanimax.com\/fr\/retour-sur-la-fin-de-semaine-de-la-fete-du-travail-2\/#breadcrumb"},"inLanguage":"fr-FR","potentialAction":[{"@type":"ReadAction","target":["https:\/\/rdp-pat.sanimax.com\/fr\/retour-sur-la-fin-de-semaine-de-la-fete-du-travail-2\/"]}]},{"@type":"ImageObject","inLanguage":"fr-FR","@id":"https:\/\/rdp-pat.sanimax.com\/fr\/retour-sur-la-fin-de-semaine-de-la-fete-du-travail-2\/#primaryimage","url":"https:\/\/rdp-pat.sanimax.com\/wp-content\/uploads\/2020\/04\/background-accueil.jpg","contentUrl":"https:\/\/rdp-pat.sanimax.com\/wp-content\/uploads\/2020\/04\/background-accueil.jpg"},{"@type":"BreadcrumbList","@id":"https:\/\/rdp-pat.sanimax.com\/fr\/retour-sur-la-fin-de-semaine-de-la-fete-du-travail-2\/#breadcrumb","itemListElement":[{"@type":"ListItem","position":1,"name":"Accueil","item":"https:\/\/rdp-pat.sanimax.com\/fr\/"},{"@type":"ListItem","position":2,"name":"Retour sur la fin de semaine de la f\u00eate du Travail"}]},{"@type":"WebSite","@id":"https:\/\/rdp-pat.sanimax.com\/#website","url":"https:\/\/rdp-pat.sanimax.com\/","name":"RDP-sanimax","description":"","potentialAction":[{"@type":"SearchAction","target":{"@type":"EntryPoint","urlTemplate":"https:\/\/rdp-pat.sanimax.com\/?s={search_term_string}"},"query-input":{"@type":"PropertyValueSpecification","valueRequired":true,"valueName":"search_term_string"}}],"inLanguage":"fr-FR"},{"@type":"Person","@id":"https:\/\/rdp-pat.sanimax.com\/#\/schema\/person\/de4c027f6858c724ab46490c68601270","name":"Nicolas Laflamme","url":"https:\/\/rdp-pat.sanimax.com\/fr\/author\/nicolas\/"}]}},"_links":{"self":[{"href":"https:\/\/rdp-pat.sanimax.com\/fr\/wp-json\/wp\/v2\/posts\/2849","targetHints":{"allow":["GET"]}}],"collection":[{"href":"https:\/\/rdp-pat.sanimax.com\/fr\/wp-json\/wp\/v2\/posts"}],"about":[{"href":"https:\/\/rdp-pat.sanimax.com\/fr\/wp-json\/wp\/v2\/types\/post"}],"author":[{"embeddable":true,"href":"https:\/\/rdp-pat.sanimax.com\/fr\/wp-json\/wp\/v2\/users\/7"}],"replies":[{"embeddable":true,"href":"https:\/\/rdp-pat.sanimax.com\/fr\/wp-json\/wp\/v2\/comments?post=2849"}],"version-history":[{"count":0,"href":"https:\/\/rdp-pat.sanimax.com\/fr\/wp-json\/wp\/v2\/posts\/2849\/revisions"}],"wp:attachment":[{"href":"https:\/\/rdp-pat.sanimax.com\/fr\/wp-json\/wp\/v2\/media?parent=2849"}],"wp:term":[{"taxonomy":"category","embeddable":true,"href":"https:\/\/rdp-pat.sanimax.com\/fr\/wp-json\/wp\/v2\/categories?post=2849"},{"taxonomy":"post_tag","embeddable":true,"href":"https:\/\/rdp-pat.sanimax.com\/fr\/wp-json\/wp\/v2\/tags?post=2849"}],"curies":[{"name":"wp","href":"https:\/\/api.w.org\/{rel}","templated":true}]}}