{"id":2825,"date":"2022-07-22T14:57:34","date_gmt":"2022-07-22T19:57:34","guid":{"rendered":"https:\/\/rdp-pat.sanimax.com\/?p=2825"},"modified":"2022-07-22T14:57:34","modified_gmt":"2022-07-22T19:57:34","slug":"reaction-de-sanimax-sur-le-projet-de-reglement-de-la-cmm","status":"publish","type":"post","link":"https:\/\/rdp-pat.sanimax.com\/fr\/reaction-de-sanimax-sur-le-projet-de-reglement-de-la-cmm\/","title":{"rendered":"R\u00e9action de Sanimax sur le projet de r\u00e8glement de la CMM"},"content":{"rendered":"\t\t<div class=\"et_pb_section et_pb_with_background et_section_regular breadcrumbs_section\">\r\n\t\t\t<div class=\" et_pb_row breadcrumbs_row\">\r\n\t\t\t\t<div class=\"et_pb_column et_pb_column_4_4 breadcrumbs_column\">\r\n\t\t\t\t\t<div class=\"et_pb_code et_pb_module breadcrumbs_module\">\r\n\t\t\t\t\t\t\t\t\t\t\t<\/div> <!-- .et_pb_code -->\r\n\t\t\t\t<\/div> <!-- .et_pb_column -->\r\n\t\t\t<\/div> <!-- .et_pb_row -->\r\n\t\t<\/div>\r\n\t\t<p>Chers membres de la communaut\u00e9,<\/p>\n<p>Le quotidien La Presse a publi\u00e9 ce matin un <a href=\"https:\/\/www.lapresse.ca\/actualites\/grand-montreal\/2022-07-22\/riviere-des-prairies\/le-reglement-propose-rate-la-cible-proteste-sanimax.php\">article<\/a> portant sur la r\u00e9action de Sanimax vis-\u00e0-vis le <em>R\u00e8glement num\u00e9ro 2022-98 modifiant le R\u00e8glement num\u00e9ro 2001-10 sur le rejet \u00e0 l\u2019atmosph\u00e8re et sur la d\u00e9l\u00e9gation de son application<\/em> de la Communaut\u00e9 m\u00e9tropolitaine de Montr\u00e9al.<\/p>\n<p>Nous jugeons essentiel de vous transmettre notre r\u00e9action compl\u00e8te pour vous donner un \u00e9clairage suppl\u00e9mentaire par rapport \u00e0 la situation g\u00e9n\u00e9rale dans laquelle nous nous trouvons\u00a0:<\/p>\n<ul>\n<li>Sanimax poursuit les m\u00eames objectifs que la Ville de Montr\u00e9al, soit d\u2019am\u00e9liorer la cohabitation avec la communaut\u00e9 de Rivi\u00e8re-des-Prairies \u2013 Pointe-aux-Trembles (RDP-PAT) ; nous croyons toutefois qu\u2019il existe de meilleurs moyens d\u2019y arriver que l\u2019approche de confrontation adopt\u00e9e par la Ville.<\/li>\n<li>Dans une optique de collaboration et d\u2019ouverture, nous avons \u00e9labor\u00e9 un plan d\u2019investissement majeur qui propose autant des solutions \u00e0 court terme que des am\u00e9liorations durables pour notre usine, avec des gains r\u00e9els et directs pour les r\u00e9sidents avoisinants et l\u2019ensemble de la cha\u00eene agroalimentaire du Qu\u00e9bec. Ce plan d\u2019investissement de plusieurs dizaines de millions de dollars a \u00e9t\u00e9 discut\u00e9 en long et en large depuis 2019 avec la Ville de Montr\u00e9al et r\u00e9pond aux enjeux de cohabitation.<\/li>\n<li>Pourtant, la Ville a mis unilat\u00e9ralement fin aux discussions en ao\u00fbt 2021, une situation que nous jugeons contreproductive puisque la modernisation de notre usine est n\u00e9cessaire pour atteindre les objectifs de cohabitation. Si les discussions s\u2019\u00e9taient poursuivies, nous aurions d\u00e9j\u00e0 entam\u00e9 la r\u00e9alisation de plusieurs actions cl\u00e9s de ce plan, dont la construction d\u2019un garage ventil\u00e9.<\/li>\n<li>Rappelons que la collaboration a d\u00e9j\u00e0 port\u00e9 fruit cette ann\u00e9e pour nos installations de L\u00e9vis et de Saint-Hyacinthe, o\u00f9 des projets sont en cours pour justement permettre des op\u00e9rations plus adapt\u00e9es \u00e0 nos voisins. M\u00eame si du chemin reste \u00e0 faire, nous progressons sur la bonne voie ; et ce, gr\u00e2ce \u00e0 l\u2019ouverture et la volont\u00e9 sinc\u00e8re de collaborer des instances concern\u00e9es.<\/li>\n<li>Comme \u00e0 L\u00e9vis et \u00e0 Saint-Hyacinthe, nous sommes convaincus que des solutions sont possibles; il est temps que la Ville de Montr\u00e9al fasse partie de la solution et cesse de jouer au loup solitaire, avec une vision soutenue au d\u00e9triment de toute une industrie. En fin de compte, ce sont les r\u00e9sidents de Rivi\u00e8re-des-Prairies qui paient les frais de cette attitude contreproductive.\u00a0<\/li>\n<\/ul>\n<p>Nous esp\u00e9rons que cette d\u00e9claration vous aura permis de mieux comprendre la situation actuelle.<\/p>\n<p>En ce qui concerne nos op\u00e9rations, le traitement de la mati\u00e8re se poursuit cette semaine \u00e0 un rythme soutenu et efficace; nous pr\u00e9voyons une fermeture de nos op\u00e9rations dans la nuit de samedi \u00e0 dimanche.<\/p>\n","protected":false},"excerpt":{"rendered":"<p>Chers membres de la communaut\u00e9, Le quotidien La Presse a publi\u00e9 ce matin un article portant sur la r\u00e9action de Sanimax vis-\u00e0-vis le R\u00e8glement num\u00e9ro 2022-98 modifiant le R\u00e8glement num\u00e9ro 2001-10 sur le rejet \u00e0 l\u2019atmosph\u00e8re et sur la d\u00e9l\u00e9gation de son application de la Communaut\u00e9 m\u00e9tropolitaine de Montr\u00e9al. Nous jugeons essentiel de vous transmettre [&hellip;]<\/p>\n","protected":false},"author":7,"featured_media":0,"comment_status":"closed","ping_status":"closed","sticky":false,"template":"","format":"standard","meta":{"_acf_changed":false,"_et_pb_use_builder":"","_et_pb_old_content":"","_et_gb_content_width":"","_monsterinsights_skip_tracking":false,"_monsterinsights_sitenote_active":false,"_monsterinsights_sitenote_note":"","_monsterinsights_sitenote_category":0,"footnotes":""},"categories":[44],"tags":[],"class_list":["post-2825","post","type-post","status-publish","format-standard","hentry","category-interet-general"],"acf":[],"yoast_head":"<!-- This site is optimized with the Yoast SEO plugin v27.5 - https:\/\/yoast.com\/product\/yoast-seo-wordpress\/ -->\n<title>R\u00e9action de Sanimax sur le projet de r\u00e8glement de la CMM - RDP-sanimax<\/title>\n<meta name=\"robots\" content=\"index, follow, max-snippet:-1, max-image-preview:large, max-video-preview:-1\" \/>\n<link rel=\"canonical\" href=\"https:\/\/rdp-pat.sanimax.com\/fr\/reaction-de-sanimax-sur-le-projet-de-reglement-de-la-cmm\/\" \/>\n<meta property=\"og:locale\" content=\"fr_FR\" \/>\n<meta property=\"og:type\" content=\"article\" \/>\n<meta property=\"og:title\" content=\"R\u00e9action de Sanimax sur le projet de r\u00e8glement de la CMM - RDP-sanimax\" \/>\n<meta property=\"og:description\" content=\"Chers membres de la communaut\u00e9, Le quotidien La Presse a publi\u00e9 ce matin un article portant sur la r\u00e9action de Sanimax vis-\u00e0-vis le R\u00e8glement num\u00e9ro 2022-98 modifiant le R\u00e8glement num\u00e9ro 2001-10 sur le rejet \u00e0 l\u2019atmosph\u00e8re et sur la d\u00e9l\u00e9gation de son application de la Communaut\u00e9 m\u00e9tropolitaine de Montr\u00e9al. Nous jugeons essentiel de vous transmettre [&hellip;]\" \/>\n<meta property=\"og:url\" content=\"https:\/\/rdp-pat.sanimax.com\/fr\/reaction-de-sanimax-sur-le-projet-de-reglement-de-la-cmm\/\" \/>\n<meta property=\"og:site_name\" content=\"RDP-sanimax\" \/>\n<meta property=\"article:published_time\" content=\"2022-07-22T19:57:34+00:00\" \/>\n<meta name=\"author\" content=\"Nicolas Laflamme\" \/>\n<meta name=\"twitter:card\" content=\"summary_large_image\" \/>\n<meta name=\"twitter:label1\" content=\"\u00c9crit par\" \/>\n\t<meta name=\"twitter:data1\" content=\"Nicolas Laflamme\" \/>\n\t<meta name=\"twitter:label2\" content=\"Dur\u00e9e de lecture estim\u00e9e\" \/>\n\t<meta name=\"twitter:data2\" content=\"2 minutes\" \/>\n<script type=\"application\/ld+json\" class=\"yoast-schema-graph\">{\"@context\":\"https:\\\/\\\/schema.org\",\"@graph\":[{\"@type\":\"Article\",\"@id\":\"https:\\\/\\\/rdp-pat.sanimax.com\\\/fr\\\/reaction-de-sanimax-sur-le-projet-de-reglement-de-la-cmm\\\/#article\",\"isPartOf\":{\"@id\":\"https:\\\/\\\/rdp-pat.sanimax.com\\\/fr\\\/reaction-de-sanimax-sur-le-projet-de-reglement-de-la-cmm\\\/\"},\"author\":{\"name\":\"Nicolas Laflamme\",\"@id\":\"https:\\\/\\\/rdp-pat.sanimax.com\\\/#\\\/schema\\\/person\\\/de4c027f6858c724ab46490c68601270\"},\"headline\":\"R\u00e9action de Sanimax sur le projet de r\u00e8glement de la CMM\",\"datePublished\":\"2022-07-22T19:57:34+00:00\",\"mainEntityOfPage\":{\"@id\":\"https:\\\/\\\/rdp-pat.sanimax.com\\\/fr\\\/reaction-de-sanimax-sur-le-projet-de-reglement-de-la-cmm\\\/\"},\"wordCount\":487,\"articleSection\":[\"Int\u00e9r\u00eat g\u00e9n\u00e9ral\"],\"inLanguage\":\"fr-FR\"},{\"@type\":\"WebPage\",\"@id\":\"https:\\\/\\\/rdp-pat.sanimax.com\\\/fr\\\/reaction-de-sanimax-sur-le-projet-de-reglement-de-la-cmm\\\/\",\"url\":\"https:\\\/\\\/rdp-pat.sanimax.com\\\/fr\\\/reaction-de-sanimax-sur-le-projet-de-reglement-de-la-cmm\\\/\",\"name\":\"R\u00e9action de Sanimax sur le projet de r\u00e8glement de la CMM - RDP-sanimax\",\"isPartOf\":{\"@id\":\"https:\\\/\\\/rdp-pat.sanimax.com\\\/#website\"},\"datePublished\":\"2022-07-22T19:57:34+00:00\",\"author\":{\"@id\":\"https:\\\/\\\/rdp-pat.sanimax.com\\\/#\\\/schema\\\/person\\\/de4c027f6858c724ab46490c68601270\"},\"breadcrumb\":{\"@id\":\"https:\\\/\\\/rdp-pat.sanimax.com\\\/fr\\\/reaction-de-sanimax-sur-le-projet-de-reglement-de-la-cmm\\\/#breadcrumb\"},\"inLanguage\":\"fr-FR\",\"potentialAction\":[{\"@type\":\"ReadAction\",\"target\":[\"https:\\\/\\\/rdp-pat.sanimax.com\\\/fr\\\/reaction-de-sanimax-sur-le-projet-de-reglement-de-la-cmm\\\/\"]}]},{\"@type\":\"BreadcrumbList\",\"@id\":\"https:\\\/\\\/rdp-pat.sanimax.com\\\/fr\\\/reaction-de-sanimax-sur-le-projet-de-reglement-de-la-cmm\\\/#breadcrumb\",\"itemListElement\":[{\"@type\":\"ListItem\",\"position\":1,\"name\":\"Accueil\",\"item\":\"https:\\\/\\\/rdp-pat.sanimax.com\\\/fr\\\/\"},{\"@type\":\"ListItem\",\"position\":2,\"name\":\"R\u00e9action de Sanimax sur le projet de r\u00e8glement de la CMM\"}]},{\"@type\":\"WebSite\",\"@id\":\"https:\\\/\\\/rdp-pat.sanimax.com\\\/#website\",\"url\":\"https:\\\/\\\/rdp-pat.sanimax.com\\\/\",\"name\":\"RDP-sanimax\",\"description\":\"\",\"potentialAction\":[{\"@type\":\"SearchAction\",\"target\":{\"@type\":\"EntryPoint\",\"urlTemplate\":\"https:\\\/\\\/rdp-pat.sanimax.com\\\/?s={search_term_string}\"},\"query-input\":{\"@type\":\"PropertyValueSpecification\",\"valueRequired\":true,\"valueName\":\"search_term_string\"}}],\"inLanguage\":\"fr-FR\"},{\"@type\":\"Person\",\"@id\":\"https:\\\/\\\/rdp-pat.sanimax.com\\\/#\\\/schema\\\/person\\\/de4c027f6858c724ab46490c68601270\",\"name\":\"Nicolas Laflamme\",\"url\":\"https:\\\/\\\/rdp-pat.sanimax.com\\\/fr\\\/author\\\/nicolas\\\/\"}]}<\/script>\n<!-- \/ Yoast SEO plugin. -->","yoast_head_json":{"title":"R\u00e9action de Sanimax sur le projet de r\u00e8glement de la CMM - RDP-sanimax","robots":{"index":"index","follow":"follow","max-snippet":"max-snippet:-1","max-image-preview":"max-image-preview:large","max-video-preview":"max-video-preview:-1"},"canonical":"https:\/\/rdp-pat.sanimax.com\/fr\/reaction-de-sanimax-sur-le-projet-de-reglement-de-la-cmm\/","og_locale":"fr_FR","og_type":"article","og_title":"R\u00e9action de Sanimax sur le projet de r\u00e8glement de la CMM - RDP-sanimax","og_description":"Chers membres de la communaut\u00e9, Le quotidien La Presse a publi\u00e9 ce matin un article portant sur la r\u00e9action de Sanimax vis-\u00e0-vis le R\u00e8glement num\u00e9ro 2022-98 modifiant le R\u00e8glement num\u00e9ro 2001-10 sur le rejet \u00e0 l\u2019atmosph\u00e8re et sur la d\u00e9l\u00e9gation de son application de la Communaut\u00e9 m\u00e9tropolitaine de Montr\u00e9al. Nous jugeons essentiel de vous transmettre [&hellip;]","og_url":"https:\/\/rdp-pat.sanimax.com\/fr\/reaction-de-sanimax-sur-le-projet-de-reglement-de-la-cmm\/","og_site_name":"RDP-sanimax","article_published_time":"2022-07-22T19:57:34+00:00","author":"Nicolas Laflamme","twitter_card":"summary_large_image","twitter_misc":{"\u00c9crit par":"Nicolas Laflamme","Dur\u00e9e de lecture estim\u00e9e":"2 minutes"},"schema":{"@context":"https:\/\/schema.org","@graph":[{"@type":"Article","@id":"https:\/\/rdp-pat.sanimax.com\/fr\/reaction-de-sanimax-sur-le-projet-de-reglement-de-la-cmm\/#article","isPartOf":{"@id":"https:\/\/rdp-pat.sanimax.com\/fr\/reaction-de-sanimax-sur-le-projet-de-reglement-de-la-cmm\/"},"author":{"name":"Nicolas Laflamme","@id":"https:\/\/rdp-pat.sanimax.com\/#\/schema\/person\/de4c027f6858c724ab46490c68601270"},"headline":"R\u00e9action de Sanimax sur le projet de r\u00e8glement de la CMM","datePublished":"2022-07-22T19:57:34+00:00","mainEntityOfPage":{"@id":"https:\/\/rdp-pat.sanimax.com\/fr\/reaction-de-sanimax-sur-le-projet-de-reglement-de-la-cmm\/"},"wordCount":487,"articleSection":["Int\u00e9r\u00eat g\u00e9n\u00e9ral"],"inLanguage":"fr-FR"},{"@type":"WebPage","@id":"https:\/\/rdp-pat.sanimax.com\/fr\/reaction-de-sanimax-sur-le-projet-de-reglement-de-la-cmm\/","url":"https:\/\/rdp-pat.sanimax.com\/fr\/reaction-de-sanimax-sur-le-projet-de-reglement-de-la-cmm\/","name":"R\u00e9action de Sanimax sur le projet de r\u00e8glement de la CMM - RDP-sanimax","isPartOf":{"@id":"https:\/\/rdp-pat.sanimax.com\/#website"},"datePublished":"2022-07-22T19:57:34+00:00","author":{"@id":"https:\/\/rdp-pat.sanimax.com\/#\/schema\/person\/de4c027f6858c724ab46490c68601270"},"breadcrumb":{"@id":"https:\/\/rdp-pat.sanimax.com\/fr\/reaction-de-sanimax-sur-le-projet-de-reglement-de-la-cmm\/#breadcrumb"},"inLanguage":"fr-FR","potentialAction":[{"@type":"ReadAction","target":["https:\/\/rdp-pat.sanimax.com\/fr\/reaction-de-sanimax-sur-le-projet-de-reglement-de-la-cmm\/"]}]},{"@type":"BreadcrumbList","@id":"https:\/\/rdp-pat.sanimax.com\/fr\/reaction-de-sanimax-sur-le-projet-de-reglement-de-la-cmm\/#breadcrumb","itemListElement":[{"@type":"ListItem","position":1,"name":"Accueil","item":"https:\/\/rdp-pat.sanimax.com\/fr\/"},{"@type":"ListItem","position":2,"name":"R\u00e9action de Sanimax sur le projet de r\u00e8glement de la CMM"}]},{"@type":"WebSite","@id":"https:\/\/rdp-pat.sanimax.com\/#website","url":"https:\/\/rdp-pat.sanimax.com\/","name":"RDP-sanimax","description":"","potentialAction":[{"@type":"SearchAction","target":{"@type":"EntryPoint","urlTemplate":"https:\/\/rdp-pat.sanimax.com\/?s={search_term_string}"},"query-input":{"@type":"PropertyValueSpecification","valueRequired":true,"valueName":"search_term_string"}}],"inLanguage":"fr-FR"},{"@type":"Person","@id":"https:\/\/rdp-pat.sanimax.com\/#\/schema\/person\/de4c027f6858c724ab46490c68601270","name":"Nicolas Laflamme","url":"https:\/\/rdp-pat.sanimax.com\/fr\/author\/nicolas\/"}]}},"_links":{"self":[{"href":"https:\/\/rdp-pat.sanimax.com\/fr\/wp-json\/wp\/v2\/posts\/2825","targetHints":{"allow":["GET"]}}],"collection":[{"href":"https:\/\/rdp-pat.sanimax.com\/fr\/wp-json\/wp\/v2\/posts"}],"about":[{"href":"https:\/\/rdp-pat.sanimax.com\/fr\/wp-json\/wp\/v2\/types\/post"}],"author":[{"embeddable":true,"href":"https:\/\/rdp-pat.sanimax.com\/fr\/wp-json\/wp\/v2\/users\/7"}],"replies":[{"embeddable":true,"href":"https:\/\/rdp-pat.sanimax.com\/fr\/wp-json\/wp\/v2\/comments?post=2825"}],"version-history":[{"count":0,"href":"https:\/\/rdp-pat.sanimax.com\/fr\/wp-json\/wp\/v2\/posts\/2825\/revisions"}],"wp:attachment":[{"href":"https:\/\/rdp-pat.sanimax.com\/fr\/wp-json\/wp\/v2\/media?parent=2825"}],"wp:term":[{"taxonomy":"category","embeddable":true,"href":"https:\/\/rdp-pat.sanimax.com\/fr\/wp-json\/wp\/v2\/categories?post=2825"},{"taxonomy":"post_tag","embeddable":true,"href":"https:\/\/rdp-pat.sanimax.com\/fr\/wp-json\/wp\/v2\/tags?post=2825"}],"curies":[{"name":"wp","href":"https:\/\/api.w.org\/{rel}","templated":true}]}}