{"id":2821,"date":"2022-07-15T14:59:35","date_gmt":"2022-07-15T19:59:35","guid":{"rendered":"https:\/\/rdp-pat.sanimax.com\/?p=2821"},"modified":"2022-07-15T14:59:35","modified_gmt":"2022-07-15T19:59:35","slug":"finalisation-de-notre-sous-station-electrique-avec-hydro-quebec","status":"publish","type":"post","link":"https:\/\/rdp-pat.sanimax.com\/fr\/finalisation-de-notre-sous-station-electrique-avec-hydro-quebec\/","title":{"rendered":"Finalisation de notre sous-station \u00e9lectrique avec Hydro-Qu\u00e9bec"},"content":{"rendered":"\t\t<div class=\"et_pb_section et_pb_with_background et_section_regular breadcrumbs_section\">\r\n\t\t\t<div class=\" et_pb_row breadcrumbs_row\">\r\n\t\t\t\t<div class=\"et_pb_column et_pb_column_4_4 breadcrumbs_column\">\r\n\t\t\t\t\t<div class=\"et_pb_code et_pb_module breadcrumbs_module\">\r\n\t\t\t\t\t\t\t\t\t\t\t<\/div> <!-- .et_pb_code -->\r\n\t\t\t\t<\/div> <!-- .et_pb_column -->\r\n\t\t\t<\/div> <!-- .et_pb_row -->\r\n\t\t<\/div>\r\n\t\t<p>Chers membres de la communaut\u00e9,<\/p>\n<p>Le d\u00e9but de l\u2019\u00e9t\u00e9 rime g\u00e9n\u00e9ralement avec le beau temps, mais \u00e9galement avec le d\u00e9veloppement d\u2019orages violents. Afin de nous pr\u00e9parer \u00e0 cette saison estivale, nous avons r\u00e9cemment finalis\u00e9 la modernisation de notre sous-station \u00e9lectrique avec Hydro-Qu\u00e9bec. Cet important projet n\u00e9cessitant des investissements de pr\u00e8s d\u2019un million de dollars et r\u00e9alis\u00e9 de concert avec Hydro-Qu\u00e9bec permettra au r\u00e9seau \u00e9lectrique de l\u2019usine d\u2019\u00eatre plus fiable en minimisant les risques de pannes en cas de fluctuation de l\u2019approvisionnement \u00e9lectrique. Cette am\u00e9lioration signifie une meilleure gestion de nos op\u00e9rations, au b\u00e9n\u00e9fice de la communaut\u00e9. Nous en avons vu les effets lors des deux derniers orages majeurs depuis le d\u00e9but de l\u2019\u00e9t\u00e9 alors qu\u2019aucun enjeu n\u2019a \u00e9t\u00e9 signal\u00e9\u00a0: une excellente nouvelle!<\/p>\n<p>Cette initiative est une des mesures annonc\u00e9es dans le cadre de notre programme <em>Soyons pr\u00eats pour l\u2019\u00e9t\u00e9<\/em>. La r\u00e9alisation des objectifs que nous nous sommes fix\u00e9s t\u00e9moigne de notre d\u00e9termination \u00e0 tout mettre en \u0153uvre pour assurer une bonne cohabitation avec la communaut\u00e9 de Rivi\u00e8re-des-Prairies.<\/p>\n<p>Selon nos indicateurs actuels, nous pr\u00e9voyons \u00eatre en mesure de poursuivre de fa\u00e7on efficace le traitement de la mati\u00e8re organique re\u00e7ue cette semaine. Nous pr\u00e9voyons finir toutes nos op\u00e9rations au cours de la soir\u00e9e de samedi.<\/p>\n","protected":false},"excerpt":{"rendered":"<p>Chers membres de la communaut\u00e9, Le d\u00e9but de l\u2019\u00e9t\u00e9 rime g\u00e9n\u00e9ralement avec le beau temps, mais \u00e9galement avec le d\u00e9veloppement d\u2019orages violents. Afin de nous pr\u00e9parer \u00e0 cette saison estivale, nous avons r\u00e9cemment finalis\u00e9 la modernisation de notre sous-station \u00e9lectrique avec Hydro-Qu\u00e9bec. Cet important projet n\u00e9cessitant des investissements de pr\u00e8s d\u2019un million de dollars et [&hellip;]<\/p>\n","protected":false},"author":7,"featured_media":1904,"comment_status":"closed","ping_status":"closed","sticky":false,"template":"","format":"standard","meta":{"_acf_changed":false,"_et_pb_use_builder":"","_et_pb_old_content":"","_et_gb_content_width":"","_monsterinsights_skip_tracking":false,"_monsterinsights_sitenote_active":false,"_monsterinsights_sitenote_note":"","_monsterinsights_sitenote_category":0,"footnotes":""},"categories":[44],"tags":[],"class_list":["post-2821","post","type-post","status-publish","format-standard","has-post-thumbnail","hentry","category-interet-general"],"acf":[],"yoast_head":"<!-- This site is optimized with the Yoast SEO plugin v27.5 - https:\/\/yoast.com\/product\/yoast-seo-wordpress\/ -->\n<title>Finalisation de notre sous-station \u00e9lectrique avec Hydro-Qu\u00e9bec - RDP-sanimax<\/title>\n<meta name=\"robots\" content=\"index, follow, max-snippet:-1, max-image-preview:large, max-video-preview:-1\" \/>\n<link rel=\"canonical\" href=\"https:\/\/rdp-pat.sanimax.com\/fr\/finalisation-de-notre-sous-station-electrique-avec-hydro-quebec\/\" \/>\n<meta property=\"og:locale\" content=\"fr_FR\" \/>\n<meta property=\"og:type\" content=\"article\" \/>\n<meta property=\"og:title\" content=\"Finalisation de notre sous-station \u00e9lectrique avec Hydro-Qu\u00e9bec - RDP-sanimax\" \/>\n<meta property=\"og:description\" content=\"Chers membres de la communaut\u00e9, Le d\u00e9but de l\u2019\u00e9t\u00e9 rime g\u00e9n\u00e9ralement avec le beau temps, mais \u00e9galement avec le d\u00e9veloppement d\u2019orages violents. Afin de nous pr\u00e9parer \u00e0 cette saison estivale, nous avons r\u00e9cemment finalis\u00e9 la modernisation de notre sous-station \u00e9lectrique avec Hydro-Qu\u00e9bec. Cet important projet n\u00e9cessitant des investissements de pr\u00e8s d\u2019un million de dollars et [&hellip;]\" \/>\n<meta property=\"og:url\" content=\"https:\/\/rdp-pat.sanimax.com\/fr\/finalisation-de-notre-sous-station-electrique-avec-hydro-quebec\/\" \/>\n<meta property=\"og:site_name\" content=\"RDP-sanimax\" \/>\n<meta property=\"article:published_time\" content=\"2022-07-15T19:59:35+00:00\" \/>\n<meta property=\"og:image\" content=\"https:\/\/rdp-pat.sanimax.com\/wp-content\/uploads\/2020\/04\/background-accueil.jpg\" \/>\n\t<meta property=\"og:image:width\" content=\"1920\" \/>\n\t<meta property=\"og:image:height\" content=\"1281\" \/>\n\t<meta property=\"og:image:type\" content=\"image\/jpeg\" \/>\n<meta name=\"author\" content=\"Nicolas Laflamme\" \/>\n<meta name=\"twitter:card\" content=\"summary_large_image\" \/>\n<meta name=\"twitter:label1\" content=\"\u00c9crit par\" \/>\n\t<meta name=\"twitter:data1\" content=\"Nicolas Laflamme\" \/>\n\t<meta name=\"twitter:label2\" content=\"Dur\u00e9e de lecture estim\u00e9e\" \/>\n\t<meta name=\"twitter:data2\" content=\"1 minute\" \/>\n<script type=\"application\/ld+json\" class=\"yoast-schema-graph\">{\"@context\":\"https:\\\/\\\/schema.org\",\"@graph\":[{\"@type\":\"Article\",\"@id\":\"https:\\\/\\\/rdp-pat.sanimax.com\\\/fr\\\/finalisation-de-notre-sous-station-electrique-avec-hydro-quebec\\\/#article\",\"isPartOf\":{\"@id\":\"https:\\\/\\\/rdp-pat.sanimax.com\\\/fr\\\/finalisation-de-notre-sous-station-electrique-avec-hydro-quebec\\\/\"},\"author\":{\"name\":\"Nicolas Laflamme\",\"@id\":\"https:\\\/\\\/rdp-pat.sanimax.com\\\/#\\\/schema\\\/person\\\/de4c027f6858c724ab46490c68601270\"},\"headline\":\"Finalisation de notre sous-station \u00e9lectrique avec Hydro-Qu\u00e9bec\",\"datePublished\":\"2022-07-15T19:59:35+00:00\",\"mainEntityOfPage\":{\"@id\":\"https:\\\/\\\/rdp-pat.sanimax.com\\\/fr\\\/finalisation-de-notre-sous-station-electrique-avec-hydro-quebec\\\/\"},\"wordCount\":250,\"image\":{\"@id\":\"https:\\\/\\\/rdp-pat.sanimax.com\\\/fr\\\/finalisation-de-notre-sous-station-electrique-avec-hydro-quebec\\\/#primaryimage\"},\"thumbnailUrl\":\"https:\\\/\\\/rdp-pat.sanimax.com\\\/wp-content\\\/uploads\\\/2020\\\/04\\\/background-accueil.jpg\",\"articleSection\":[\"Int\u00e9r\u00eat g\u00e9n\u00e9ral\"],\"inLanguage\":\"fr-FR\"},{\"@type\":\"WebPage\",\"@id\":\"https:\\\/\\\/rdp-pat.sanimax.com\\\/fr\\\/finalisation-de-notre-sous-station-electrique-avec-hydro-quebec\\\/\",\"url\":\"https:\\\/\\\/rdp-pat.sanimax.com\\\/fr\\\/finalisation-de-notre-sous-station-electrique-avec-hydro-quebec\\\/\",\"name\":\"Finalisation de notre sous-station \u00e9lectrique avec Hydro-Qu\u00e9bec - RDP-sanimax\",\"isPartOf\":{\"@id\":\"https:\\\/\\\/rdp-pat.sanimax.com\\\/#website\"},\"primaryImageOfPage\":{\"@id\":\"https:\\\/\\\/rdp-pat.sanimax.com\\\/fr\\\/finalisation-de-notre-sous-station-electrique-avec-hydro-quebec\\\/#primaryimage\"},\"image\":{\"@id\":\"https:\\\/\\\/rdp-pat.sanimax.com\\\/fr\\\/finalisation-de-notre-sous-station-electrique-avec-hydro-quebec\\\/#primaryimage\"},\"thumbnailUrl\":\"https:\\\/\\\/rdp-pat.sanimax.com\\\/wp-content\\\/uploads\\\/2020\\\/04\\\/background-accueil.jpg\",\"datePublished\":\"2022-07-15T19:59:35+00:00\",\"author\":{\"@id\":\"https:\\\/\\\/rdp-pat.sanimax.com\\\/#\\\/schema\\\/person\\\/de4c027f6858c724ab46490c68601270\"},\"breadcrumb\":{\"@id\":\"https:\\\/\\\/rdp-pat.sanimax.com\\\/fr\\\/finalisation-de-notre-sous-station-electrique-avec-hydro-quebec\\\/#breadcrumb\"},\"inLanguage\":\"fr-FR\",\"potentialAction\":[{\"@type\":\"ReadAction\",\"target\":[\"https:\\\/\\\/rdp-pat.sanimax.com\\\/fr\\\/finalisation-de-notre-sous-station-electrique-avec-hydro-quebec\\\/\"]}]},{\"@type\":\"ImageObject\",\"inLanguage\":\"fr-FR\",\"@id\":\"https:\\\/\\\/rdp-pat.sanimax.com\\\/fr\\\/finalisation-de-notre-sous-station-electrique-avec-hydro-quebec\\\/#primaryimage\",\"url\":\"https:\\\/\\\/rdp-pat.sanimax.com\\\/wp-content\\\/uploads\\\/2020\\\/04\\\/background-accueil.jpg\",\"contentUrl\":\"https:\\\/\\\/rdp-pat.sanimax.com\\\/wp-content\\\/uploads\\\/2020\\\/04\\\/background-accueil.jpg\",\"width\":1920,\"height\":1281,\"caption\":\"Comit\u00e9 des citoyens de Rivi\u00e8re-des-Prairies\u2013Pointe-aux-Trembles et de Sanimax\"},{\"@type\":\"BreadcrumbList\",\"@id\":\"https:\\\/\\\/rdp-pat.sanimax.com\\\/fr\\\/finalisation-de-notre-sous-station-electrique-avec-hydro-quebec\\\/#breadcrumb\",\"itemListElement\":[{\"@type\":\"ListItem\",\"position\":1,\"name\":\"Accueil\",\"item\":\"https:\\\/\\\/rdp-pat.sanimax.com\\\/fr\\\/\"},{\"@type\":\"ListItem\",\"position\":2,\"name\":\"Finalisation de notre sous-station \u00e9lectrique avec Hydro-Qu\u00e9bec\"}]},{\"@type\":\"WebSite\",\"@id\":\"https:\\\/\\\/rdp-pat.sanimax.com\\\/#website\",\"url\":\"https:\\\/\\\/rdp-pat.sanimax.com\\\/\",\"name\":\"RDP-sanimax\",\"description\":\"\",\"potentialAction\":[{\"@type\":\"SearchAction\",\"target\":{\"@type\":\"EntryPoint\",\"urlTemplate\":\"https:\\\/\\\/rdp-pat.sanimax.com\\\/?s={search_term_string}\"},\"query-input\":{\"@type\":\"PropertyValueSpecification\",\"valueRequired\":true,\"valueName\":\"search_term_string\"}}],\"inLanguage\":\"fr-FR\"},{\"@type\":\"Person\",\"@id\":\"https:\\\/\\\/rdp-pat.sanimax.com\\\/#\\\/schema\\\/person\\\/de4c027f6858c724ab46490c68601270\",\"name\":\"Nicolas Laflamme\",\"url\":\"https:\\\/\\\/rdp-pat.sanimax.com\\\/fr\\\/author\\\/nicolas\\\/\"}]}<\/script>\n<!-- \/ Yoast SEO plugin. -->","yoast_head_json":{"title":"Finalisation de notre sous-station \u00e9lectrique avec Hydro-Qu\u00e9bec - RDP-sanimax","robots":{"index":"index","follow":"follow","max-snippet":"max-snippet:-1","max-image-preview":"max-image-preview:large","max-video-preview":"max-video-preview:-1"},"canonical":"https:\/\/rdp-pat.sanimax.com\/fr\/finalisation-de-notre-sous-station-electrique-avec-hydro-quebec\/","og_locale":"fr_FR","og_type":"article","og_title":"Finalisation de notre sous-station \u00e9lectrique avec Hydro-Qu\u00e9bec - RDP-sanimax","og_description":"Chers membres de la communaut\u00e9, Le d\u00e9but de l\u2019\u00e9t\u00e9 rime g\u00e9n\u00e9ralement avec le beau temps, mais \u00e9galement avec le d\u00e9veloppement d\u2019orages violents. Afin de nous pr\u00e9parer \u00e0 cette saison estivale, nous avons r\u00e9cemment finalis\u00e9 la modernisation de notre sous-station \u00e9lectrique avec Hydro-Qu\u00e9bec. Cet important projet n\u00e9cessitant des investissements de pr\u00e8s d\u2019un million de dollars et [&hellip;]","og_url":"https:\/\/rdp-pat.sanimax.com\/fr\/finalisation-de-notre-sous-station-electrique-avec-hydro-quebec\/","og_site_name":"RDP-sanimax","article_published_time":"2022-07-15T19:59:35+00:00","og_image":[{"width":1920,"height":1281,"url":"https:\/\/rdp-pat.sanimax.com\/wp-content\/uploads\/2020\/04\/background-accueil.jpg","type":"image\/jpeg"}],"author":"Nicolas Laflamme","twitter_card":"summary_large_image","twitter_misc":{"\u00c9crit par":"Nicolas Laflamme","Dur\u00e9e de lecture estim\u00e9e":"1 minute"},"schema":{"@context":"https:\/\/schema.org","@graph":[{"@type":"Article","@id":"https:\/\/rdp-pat.sanimax.com\/fr\/finalisation-de-notre-sous-station-electrique-avec-hydro-quebec\/#article","isPartOf":{"@id":"https:\/\/rdp-pat.sanimax.com\/fr\/finalisation-de-notre-sous-station-electrique-avec-hydro-quebec\/"},"author":{"name":"Nicolas Laflamme","@id":"https:\/\/rdp-pat.sanimax.com\/#\/schema\/person\/de4c027f6858c724ab46490c68601270"},"headline":"Finalisation de notre sous-station \u00e9lectrique avec Hydro-Qu\u00e9bec","datePublished":"2022-07-15T19:59:35+00:00","mainEntityOfPage":{"@id":"https:\/\/rdp-pat.sanimax.com\/fr\/finalisation-de-notre-sous-station-electrique-avec-hydro-quebec\/"},"wordCount":250,"image":{"@id":"https:\/\/rdp-pat.sanimax.com\/fr\/finalisation-de-notre-sous-station-electrique-avec-hydro-quebec\/#primaryimage"},"thumbnailUrl":"https:\/\/rdp-pat.sanimax.com\/wp-content\/uploads\/2020\/04\/background-accueil.jpg","articleSection":["Int\u00e9r\u00eat g\u00e9n\u00e9ral"],"inLanguage":"fr-FR"},{"@type":"WebPage","@id":"https:\/\/rdp-pat.sanimax.com\/fr\/finalisation-de-notre-sous-station-electrique-avec-hydro-quebec\/","url":"https:\/\/rdp-pat.sanimax.com\/fr\/finalisation-de-notre-sous-station-electrique-avec-hydro-quebec\/","name":"Finalisation de notre sous-station \u00e9lectrique avec Hydro-Qu\u00e9bec - RDP-sanimax","isPartOf":{"@id":"https:\/\/rdp-pat.sanimax.com\/#website"},"primaryImageOfPage":{"@id":"https:\/\/rdp-pat.sanimax.com\/fr\/finalisation-de-notre-sous-station-electrique-avec-hydro-quebec\/#primaryimage"},"image":{"@id":"https:\/\/rdp-pat.sanimax.com\/fr\/finalisation-de-notre-sous-station-electrique-avec-hydro-quebec\/#primaryimage"},"thumbnailUrl":"https:\/\/rdp-pat.sanimax.com\/wp-content\/uploads\/2020\/04\/background-accueil.jpg","datePublished":"2022-07-15T19:59:35+00:00","author":{"@id":"https:\/\/rdp-pat.sanimax.com\/#\/schema\/person\/de4c027f6858c724ab46490c68601270"},"breadcrumb":{"@id":"https:\/\/rdp-pat.sanimax.com\/fr\/finalisation-de-notre-sous-station-electrique-avec-hydro-quebec\/#breadcrumb"},"inLanguage":"fr-FR","potentialAction":[{"@type":"ReadAction","target":["https:\/\/rdp-pat.sanimax.com\/fr\/finalisation-de-notre-sous-station-electrique-avec-hydro-quebec\/"]}]},{"@type":"ImageObject","inLanguage":"fr-FR","@id":"https:\/\/rdp-pat.sanimax.com\/fr\/finalisation-de-notre-sous-station-electrique-avec-hydro-quebec\/#primaryimage","url":"https:\/\/rdp-pat.sanimax.com\/wp-content\/uploads\/2020\/04\/background-accueil.jpg","contentUrl":"https:\/\/rdp-pat.sanimax.com\/wp-content\/uploads\/2020\/04\/background-accueil.jpg","width":1920,"height":1281,"caption":"Comit\u00e9 des citoyens de Rivi\u00e8re-des-Prairies\u2013Pointe-aux-Trembles et de Sanimax"},{"@type":"BreadcrumbList","@id":"https:\/\/rdp-pat.sanimax.com\/fr\/finalisation-de-notre-sous-station-electrique-avec-hydro-quebec\/#breadcrumb","itemListElement":[{"@type":"ListItem","position":1,"name":"Accueil","item":"https:\/\/rdp-pat.sanimax.com\/fr\/"},{"@type":"ListItem","position":2,"name":"Finalisation de notre sous-station \u00e9lectrique avec Hydro-Qu\u00e9bec"}]},{"@type":"WebSite","@id":"https:\/\/rdp-pat.sanimax.com\/#website","url":"https:\/\/rdp-pat.sanimax.com\/","name":"RDP-sanimax","description":"","potentialAction":[{"@type":"SearchAction","target":{"@type":"EntryPoint","urlTemplate":"https:\/\/rdp-pat.sanimax.com\/?s={search_term_string}"},"query-input":{"@type":"PropertyValueSpecification","valueRequired":true,"valueName":"search_term_string"}}],"inLanguage":"fr-FR"},{"@type":"Person","@id":"https:\/\/rdp-pat.sanimax.com\/#\/schema\/person\/de4c027f6858c724ab46490c68601270","name":"Nicolas Laflamme","url":"https:\/\/rdp-pat.sanimax.com\/fr\/author\/nicolas\/"}]}},"_links":{"self":[{"href":"https:\/\/rdp-pat.sanimax.com\/fr\/wp-json\/wp\/v2\/posts\/2821","targetHints":{"allow":["GET"]}}],"collection":[{"href":"https:\/\/rdp-pat.sanimax.com\/fr\/wp-json\/wp\/v2\/posts"}],"about":[{"href":"https:\/\/rdp-pat.sanimax.com\/fr\/wp-json\/wp\/v2\/types\/post"}],"author":[{"embeddable":true,"href":"https:\/\/rdp-pat.sanimax.com\/fr\/wp-json\/wp\/v2\/users\/7"}],"replies":[{"embeddable":true,"href":"https:\/\/rdp-pat.sanimax.com\/fr\/wp-json\/wp\/v2\/comments?post=2821"}],"version-history":[{"count":0,"href":"https:\/\/rdp-pat.sanimax.com\/fr\/wp-json\/wp\/v2\/posts\/2821\/revisions"}],"wp:featuredmedia":[{"embeddable":true,"href":"https:\/\/rdp-pat.sanimax.com\/fr\/wp-json\/wp\/v2\/media\/1904"}],"wp:attachment":[{"href":"https:\/\/rdp-pat.sanimax.com\/fr\/wp-json\/wp\/v2\/media?parent=2821"}],"wp:term":[{"taxonomy":"category","embeddable":true,"href":"https:\/\/rdp-pat.sanimax.com\/fr\/wp-json\/wp\/v2\/categories?post=2821"},{"taxonomy":"post_tag","embeddable":true,"href":"https:\/\/rdp-pat.sanimax.com\/fr\/wp-json\/wp\/v2\/tags?post=2821"}],"curies":[{"name":"wp","href":"https:\/\/api.w.org\/{rel}","templated":true}]}}