{"id":2801,"date":"2022-06-23T15:57:15","date_gmt":"2022-06-23T20:57:15","guid":{"rendered":"https:\/\/rdp-pat.sanimax.com\/?p=2801"},"modified":"2022-06-23T15:57:15","modified_gmt":"2022-06-23T20:57:15","slug":"soyons-prets-pour-lete-2022-et-fin-de-semaine-de-la-fete-nationale","status":"publish","type":"post","link":"https:\/\/rdp-pat.sanimax.com\/fr\/soyons-prets-pour-lete-2022-et-fin-de-semaine-de-la-fete-nationale\/","title":{"rendered":"Soyons pr\u00eats pour l\u2019\u00e9t\u00e9 2022 et fin de semaine de la F\u00eate nationale"},"content":{"rendered":"\t\t<div class=\"et_pb_section et_pb_with_background et_section_regular breadcrumbs_section\">\r\n\t\t\t<div class=\" et_pb_row breadcrumbs_row\">\r\n\t\t\t\t<div class=\"et_pb_column et_pb_column_4_4 breadcrumbs_column\">\r\n\t\t\t\t\t<div class=\"et_pb_code et_pb_module breadcrumbs_module\">\r\n\t\t\t\t\t\t\t\t\t\t\t<\/div> <!-- .et_pb_code -->\r\n\t\t\t\t<\/div> <!-- .et_pb_column -->\r\n\t\t\t<\/div> <!-- .et_pb_row -->\r\n\t\t<\/div>\r\n\t\t<p>Chers membres de la communaut\u00e9,<\/p>\n<p>Au nom de toute l\u2019\u00e9quipe de Sanimax Montr\u00e9al et juste \u00e0 temps pour le long week-end, nous sommes heureux de vous informer des mesures pr\u00e9vues pour la saison estivale \u00e0 notre usine de Rivi\u00e8re-des-Prairies\u00a0: notre programme <strong><em>Soyons pr\u00eats pour l\u2019\u00e9t\u00e9<\/em><\/strong>.<\/p>\n<p><strong>En guise de rappel, voici un survol des mesures que nous d\u00e9ployons de fa\u00e7on continue pour am\u00e9liorer notre performance\u00a0:<\/strong><\/p>\n<ul>\n<li>Am\u00e9lioration continue de nos processus et programmes d\u2019entretien pr\u00e9ventif et pr\u00e9dictif et de suivi sur nos installations et \u00e9quipements roulants, ayant pour r\u00e9sultat une grande fiabilit\u00e9 op\u00e9rationnelle;<\/li>\n<li>Am\u00e9lioration continue du processus de d\u00e9marrage hebdomadaire des op\u00e9rations;<\/li>\n<li>Poursuite du processus de revue hebdomadaire (chaque dimanche) des maintenances de la fin de semaine;<\/li>\n<li>Formation accrue et en continu des chauffeurs;<\/li>\n<li>Installation et entretien des toiles sur l\u2019ensemble de nos remorques;<\/li>\n<li>Calibration r\u00e9guli\u00e8re de nos technologies de pointe;<\/li>\n<li>Installation d\u2019un syst\u00e8me de rideau d\u2019air sur les portes d\u2019une des baies de r\u00e9ception;<\/li>\n<li>Finalisation de notre sous-station \u00e9lectrique avec Hydro-Qu\u00e9bec pour accro\u00eetre la robustesse \u00e9lectrique de l\u2019usine en temps de p\u00e9riodes orageuses;<\/li>\n<li>Installation d\u2019un nouveau syst\u00e8me de captation d\u2019air dans un de nos secteurs de traitement;<\/li>\n<li>Poursuite du projet-pilote de captation d\u2019air.<\/li>\n<\/ul>\n<p>D\u00e8s le printemps, nous avons entam\u00e9 le d\u00e9ploiement de <strong>notre plan Soyons pr\u00eats pour l\u2019\u00e9t\u00e9<\/strong>, qui implique une modification de notre mode op\u00e9rationnel sp\u00e9cifiquement pour la p\u00e9riode estivale\u00a0:<\/p>\n<ul>\n<li>D\u00e9placement de la circulation des camions et remorques de mati\u00e8res premi\u00e8res par l\u2019entr\u00e9e de la 7<sup>e<\/sup> rue, \u00e0 partir du 1<sup>er<\/sup> mai 2022;<\/li>\n<li>Maintien en fonction en tout temps des syst\u00e8mes d\u2019air ambiant;<\/li>\n<li>Utilisation d\u2019un syst\u00e8me de brumisation dans les aires d\u2019attente des remorques, de pes\u00e9e et le long du boulevard Maurice-Duplessis;<\/li>\n<li>Augmentation de la fr\u00e9quence de nettoyage des camions et remorques;<\/li>\n<li>\u00c9largissement et syst\u00e9matisation de la communication avec la communaut\u00e9 par le biais des outils num\u00e9riques (site internet d\u00e9di\u00e9, infolettres, groupe Facebook, etc.);<\/li>\n<li>Maintien des communications transparentes avec les autorit\u00e9s r\u00e9glementaires et politiques.<\/li>\n<\/ul>\n<p>Ces mesures t\u00e9moignent de notre d\u00e9termination \u00e0 tout mettre en \u0153uvre pour assurer une bonne cohabitation avec la communaut\u00e9 de Rivi\u00e8re-des-Prairies.<\/p>\n<p>Finalement, en plus des mesures sp\u00e9cifiques \u00e0 notre usine de Montr\u00e9al, nous collaborons actuellement avec le gouvernement du Qu\u00e9bec pour la mise en place de mesures durables dans le cadre de notre plan global d\u2019investissements et de modernisation de nos usines qu\u00e9b\u00e9coises. Des mesures sont d\u00e9j\u00e0 d\u00e9ploy\u00e9es ou pr\u00e9vues dans plusieurs de nos usines et t\u00e9moignent d\u2019une collaboration r\u00e9ussie avec les autorit\u00e9s locales.<\/p>\n<h2><strong>\u00c9tat des op\u00e9rations en vue de la F\u00eate nationale<\/strong><\/h2>\n<p>En pr\u00e9vision de la longue fin de semaine, certains abattoirs finiront leurs op\u00e9rations durant la journ\u00e9e du 24 juin. \u00c0 cet effet, toute l\u2019\u00e9quipe de Sanimax s\u2019est mobilis\u00e9e pour assurer un d\u00e9marrage r\u00e9ussi de l\u2019usine cette semaine et veiller au bon fonctionnement des op\u00e9rations tout au long de la semaine. Ces actions sont essentielles pour nous permettre de traiter toute la mati\u00e8re que nous recevons durant la semaine et ainsi assurer une fermeture compl\u00e8te et sans d\u00e9lai pour la fin de semaine.<\/p>\n<p>Nous vous confirmons que le d\u00e9marrage de lundi dernier s\u2019est bien d\u00e9roul\u00e9, ce qui nous a permis de traiter la mati\u00e8re organique re\u00e7ue \u00e0 un rythme soutenu pendant toute la semaine. En date d\u2019aujourd\u2019hui, nous pr\u00e9voyons donc la fermeture de l\u2019usine samedi matin.<\/p>\n<p>Si vous souhaitez communiquer avec Sanimax ou suivre les actions de Sanimax, veuillez consulter les ressources suivantes :<\/p>\n<ul>\n<li><strong>Sanimax \u2013 Services aux citoyens<\/strong> : 514-648-1083<\/li>\n<li><strong>Site web \u2013 Sanimax RDP-PAT<\/strong>: <a href=\"https:\/\/rdp-pat.sanimax.com\/fr\/\">https:\/\/rdp-pat.sanimax.com\/fr\/<\/a><\/li>\n<li><strong>Infolettre \u2013 Sanimax RDP-PAT\u00a0<\/strong>: <a href=\"https:\/\/rdp-pat.sanimax.com\/fr\/#form-accueil\">https:\/\/rdp-pat.sanimax.com\/fr\/#form-accueil<\/a><\/li>\n<li><strong>Groupe Facebook\u00a0\u2013 Sanimax RDP-PAT<\/strong>: <a href=\"https:\/\/www.facebook.com\/groups\/sanimaxrdppat\/\">https:\/\/www.facebook.com\/groups\/sanimaxrdppat\/<\/a>\u00a0<\/li>\n<\/ul>\n<p>Sinc\u00e8res salutations,<\/p>\n<p><em>Jean Yvon Plouffe <\/em><\/p>\n<p><em>Directeur d\u2019usine, Sanimax<\/em><\/p>\n","protected":false},"excerpt":{"rendered":"<p>Chers membres de la communaut\u00e9, Au nom de toute l\u2019\u00e9quipe de Sanimax Montr\u00e9al et juste \u00e0 temps pour le long week-end, nous sommes heureux de vous informer des mesures pr\u00e9vues pour la saison estivale \u00e0 notre usine de Rivi\u00e8re-des-Prairies\u00a0: notre programme Soyons pr\u00eats pour l\u2019\u00e9t\u00e9. En guise de rappel, voici un survol des mesures que [&hellip;]<\/p>\n","protected":false},"author":7,"featured_media":0,"comment_status":"closed","ping_status":"closed","sticky":false,"template":"","format":"standard","meta":{"_acf_changed":false,"_et_pb_use_builder":"","_et_pb_old_content":"","_et_gb_content_width":"","_monsterinsights_skip_tracking":false,"_monsterinsights_sitenote_active":false,"_monsterinsights_sitenote_note":"","_monsterinsights_sitenote_category":0,"footnotes":""},"categories":[44],"tags":[],"class_list":["post-2801","post","type-post","status-publish","format-standard","hentry","category-interet-general"],"acf":[],"yoast_head":"<!-- This site is optimized with the Yoast SEO plugin v27.5 - https:\/\/yoast.com\/product\/yoast-seo-wordpress\/ -->\n<title>Soyons pr\u00eats pour l\u2019\u00e9t\u00e9 2022 et fin de semaine de la F\u00eate nationale - RDP-sanimax<\/title>\n<meta name=\"robots\" content=\"index, follow, max-snippet:-1, max-image-preview:large, max-video-preview:-1\" \/>\n<link rel=\"canonical\" href=\"https:\/\/rdp-pat.sanimax.com\/fr\/soyons-prets-pour-lete-2022-et-fin-de-semaine-de-la-fete-nationale\/\" \/>\n<meta property=\"og:locale\" content=\"fr_FR\" \/>\n<meta property=\"og:type\" content=\"article\" \/>\n<meta property=\"og:title\" content=\"Soyons pr\u00eats pour l\u2019\u00e9t\u00e9 2022 et fin de semaine de la F\u00eate nationale - RDP-sanimax\" \/>\n<meta property=\"og:description\" content=\"Chers membres de la communaut\u00e9, Au nom de toute l\u2019\u00e9quipe de Sanimax Montr\u00e9al et juste \u00e0 temps pour le long week-end, nous sommes heureux de vous informer des mesures pr\u00e9vues pour la saison estivale \u00e0 notre usine de Rivi\u00e8re-des-Prairies\u00a0: notre programme Soyons pr\u00eats pour l\u2019\u00e9t\u00e9. En guise de rappel, voici un survol des mesures que [&hellip;]\" \/>\n<meta property=\"og:url\" content=\"https:\/\/rdp-pat.sanimax.com\/fr\/soyons-prets-pour-lete-2022-et-fin-de-semaine-de-la-fete-nationale\/\" \/>\n<meta property=\"og:site_name\" content=\"RDP-sanimax\" \/>\n<meta property=\"article:published_time\" content=\"2022-06-23T20:57:15+00:00\" \/>\n<meta name=\"author\" content=\"Nicolas Laflamme\" \/>\n<meta name=\"twitter:card\" content=\"summary_large_image\" \/>\n<meta name=\"twitter:label1\" content=\"\u00c9crit par\" \/>\n\t<meta name=\"twitter:data1\" content=\"Nicolas Laflamme\" \/>\n\t<meta name=\"twitter:label2\" content=\"Dur\u00e9e de lecture estim\u00e9e\" \/>\n\t<meta name=\"twitter:data2\" content=\"3 minutes\" \/>\n<script type=\"application\/ld+json\" class=\"yoast-schema-graph\">{\"@context\":\"https:\\\/\\\/schema.org\",\"@graph\":[{\"@type\":\"Article\",\"@id\":\"https:\\\/\\\/rdp-pat.sanimax.com\\\/fr\\\/soyons-prets-pour-lete-2022-et-fin-de-semaine-de-la-fete-nationale\\\/#article\",\"isPartOf\":{\"@id\":\"https:\\\/\\\/rdp-pat.sanimax.com\\\/fr\\\/soyons-prets-pour-lete-2022-et-fin-de-semaine-de-la-fete-nationale\\\/\"},\"author\":{\"name\":\"Nicolas Laflamme\",\"@id\":\"https:\\\/\\\/rdp-pat.sanimax.com\\\/#\\\/schema\\\/person\\\/de4c027f6858c724ab46490c68601270\"},\"headline\":\"Soyons pr\u00eats pour l\u2019\u00e9t\u00e9 2022 et fin de semaine de la F\u00eate nationale\",\"datePublished\":\"2022-06-23T20:57:15+00:00\",\"mainEntityOfPage\":{\"@id\":\"https:\\\/\\\/rdp-pat.sanimax.com\\\/fr\\\/soyons-prets-pour-lete-2022-et-fin-de-semaine-de-la-fete-nationale\\\/\"},\"wordCount\":698,\"articleSection\":[\"Int\u00e9r\u00eat g\u00e9n\u00e9ral\"],\"inLanguage\":\"fr-FR\"},{\"@type\":\"WebPage\",\"@id\":\"https:\\\/\\\/rdp-pat.sanimax.com\\\/fr\\\/soyons-prets-pour-lete-2022-et-fin-de-semaine-de-la-fete-nationale\\\/\",\"url\":\"https:\\\/\\\/rdp-pat.sanimax.com\\\/fr\\\/soyons-prets-pour-lete-2022-et-fin-de-semaine-de-la-fete-nationale\\\/\",\"name\":\"Soyons pr\u00eats pour l\u2019\u00e9t\u00e9 2022 et fin de semaine de la F\u00eate nationale - RDP-sanimax\",\"isPartOf\":{\"@id\":\"https:\\\/\\\/rdp-pat.sanimax.com\\\/#website\"},\"datePublished\":\"2022-06-23T20:57:15+00:00\",\"author\":{\"@id\":\"https:\\\/\\\/rdp-pat.sanimax.com\\\/#\\\/schema\\\/person\\\/de4c027f6858c724ab46490c68601270\"},\"breadcrumb\":{\"@id\":\"https:\\\/\\\/rdp-pat.sanimax.com\\\/fr\\\/soyons-prets-pour-lete-2022-et-fin-de-semaine-de-la-fete-nationale\\\/#breadcrumb\"},\"inLanguage\":\"fr-FR\",\"potentialAction\":[{\"@type\":\"ReadAction\",\"target\":[\"https:\\\/\\\/rdp-pat.sanimax.com\\\/fr\\\/soyons-prets-pour-lete-2022-et-fin-de-semaine-de-la-fete-nationale\\\/\"]}]},{\"@type\":\"BreadcrumbList\",\"@id\":\"https:\\\/\\\/rdp-pat.sanimax.com\\\/fr\\\/soyons-prets-pour-lete-2022-et-fin-de-semaine-de-la-fete-nationale\\\/#breadcrumb\",\"itemListElement\":[{\"@type\":\"ListItem\",\"position\":1,\"name\":\"Accueil\",\"item\":\"https:\\\/\\\/rdp-pat.sanimax.com\\\/fr\\\/\"},{\"@type\":\"ListItem\",\"position\":2,\"name\":\"Soyons pr\u00eats pour l\u2019\u00e9t\u00e9 2022 et fin de semaine de la F\u00eate nationale\"}]},{\"@type\":\"WebSite\",\"@id\":\"https:\\\/\\\/rdp-pat.sanimax.com\\\/#website\",\"url\":\"https:\\\/\\\/rdp-pat.sanimax.com\\\/\",\"name\":\"RDP-sanimax\",\"description\":\"\",\"potentialAction\":[{\"@type\":\"SearchAction\",\"target\":{\"@type\":\"EntryPoint\",\"urlTemplate\":\"https:\\\/\\\/rdp-pat.sanimax.com\\\/?s={search_term_string}\"},\"query-input\":{\"@type\":\"PropertyValueSpecification\",\"valueRequired\":true,\"valueName\":\"search_term_string\"}}],\"inLanguage\":\"fr-FR\"},{\"@type\":\"Person\",\"@id\":\"https:\\\/\\\/rdp-pat.sanimax.com\\\/#\\\/schema\\\/person\\\/de4c027f6858c724ab46490c68601270\",\"name\":\"Nicolas Laflamme\",\"url\":\"https:\\\/\\\/rdp-pat.sanimax.com\\\/fr\\\/author\\\/nicolas\\\/\"}]}<\/script>\n<!-- \/ Yoast SEO plugin. -->","yoast_head_json":{"title":"Soyons pr\u00eats pour l\u2019\u00e9t\u00e9 2022 et fin de semaine de la F\u00eate nationale - RDP-sanimax","robots":{"index":"index","follow":"follow","max-snippet":"max-snippet:-1","max-image-preview":"max-image-preview:large","max-video-preview":"max-video-preview:-1"},"canonical":"https:\/\/rdp-pat.sanimax.com\/fr\/soyons-prets-pour-lete-2022-et-fin-de-semaine-de-la-fete-nationale\/","og_locale":"fr_FR","og_type":"article","og_title":"Soyons pr\u00eats pour l\u2019\u00e9t\u00e9 2022 et fin de semaine de la F\u00eate nationale - RDP-sanimax","og_description":"Chers membres de la communaut\u00e9, Au nom de toute l\u2019\u00e9quipe de Sanimax Montr\u00e9al et juste \u00e0 temps pour le long week-end, nous sommes heureux de vous informer des mesures pr\u00e9vues pour la saison estivale \u00e0 notre usine de Rivi\u00e8re-des-Prairies\u00a0: notre programme Soyons pr\u00eats pour l\u2019\u00e9t\u00e9. En guise de rappel, voici un survol des mesures que [&hellip;]","og_url":"https:\/\/rdp-pat.sanimax.com\/fr\/soyons-prets-pour-lete-2022-et-fin-de-semaine-de-la-fete-nationale\/","og_site_name":"RDP-sanimax","article_published_time":"2022-06-23T20:57:15+00:00","author":"Nicolas Laflamme","twitter_card":"summary_large_image","twitter_misc":{"\u00c9crit par":"Nicolas Laflamme","Dur\u00e9e de lecture estim\u00e9e":"3 minutes"},"schema":{"@context":"https:\/\/schema.org","@graph":[{"@type":"Article","@id":"https:\/\/rdp-pat.sanimax.com\/fr\/soyons-prets-pour-lete-2022-et-fin-de-semaine-de-la-fete-nationale\/#article","isPartOf":{"@id":"https:\/\/rdp-pat.sanimax.com\/fr\/soyons-prets-pour-lete-2022-et-fin-de-semaine-de-la-fete-nationale\/"},"author":{"name":"Nicolas Laflamme","@id":"https:\/\/rdp-pat.sanimax.com\/#\/schema\/person\/de4c027f6858c724ab46490c68601270"},"headline":"Soyons pr\u00eats pour l\u2019\u00e9t\u00e9 2022 et fin de semaine de la F\u00eate nationale","datePublished":"2022-06-23T20:57:15+00:00","mainEntityOfPage":{"@id":"https:\/\/rdp-pat.sanimax.com\/fr\/soyons-prets-pour-lete-2022-et-fin-de-semaine-de-la-fete-nationale\/"},"wordCount":698,"articleSection":["Int\u00e9r\u00eat g\u00e9n\u00e9ral"],"inLanguage":"fr-FR"},{"@type":"WebPage","@id":"https:\/\/rdp-pat.sanimax.com\/fr\/soyons-prets-pour-lete-2022-et-fin-de-semaine-de-la-fete-nationale\/","url":"https:\/\/rdp-pat.sanimax.com\/fr\/soyons-prets-pour-lete-2022-et-fin-de-semaine-de-la-fete-nationale\/","name":"Soyons pr\u00eats pour l\u2019\u00e9t\u00e9 2022 et fin de semaine de la F\u00eate nationale - RDP-sanimax","isPartOf":{"@id":"https:\/\/rdp-pat.sanimax.com\/#website"},"datePublished":"2022-06-23T20:57:15+00:00","author":{"@id":"https:\/\/rdp-pat.sanimax.com\/#\/schema\/person\/de4c027f6858c724ab46490c68601270"},"breadcrumb":{"@id":"https:\/\/rdp-pat.sanimax.com\/fr\/soyons-prets-pour-lete-2022-et-fin-de-semaine-de-la-fete-nationale\/#breadcrumb"},"inLanguage":"fr-FR","potentialAction":[{"@type":"ReadAction","target":["https:\/\/rdp-pat.sanimax.com\/fr\/soyons-prets-pour-lete-2022-et-fin-de-semaine-de-la-fete-nationale\/"]}]},{"@type":"BreadcrumbList","@id":"https:\/\/rdp-pat.sanimax.com\/fr\/soyons-prets-pour-lete-2022-et-fin-de-semaine-de-la-fete-nationale\/#breadcrumb","itemListElement":[{"@type":"ListItem","position":1,"name":"Accueil","item":"https:\/\/rdp-pat.sanimax.com\/fr\/"},{"@type":"ListItem","position":2,"name":"Soyons pr\u00eats pour l\u2019\u00e9t\u00e9 2022 et fin de semaine de la F\u00eate nationale"}]},{"@type":"WebSite","@id":"https:\/\/rdp-pat.sanimax.com\/#website","url":"https:\/\/rdp-pat.sanimax.com\/","name":"RDP-sanimax","description":"","potentialAction":[{"@type":"SearchAction","target":{"@type":"EntryPoint","urlTemplate":"https:\/\/rdp-pat.sanimax.com\/?s={search_term_string}"},"query-input":{"@type":"PropertyValueSpecification","valueRequired":true,"valueName":"search_term_string"}}],"inLanguage":"fr-FR"},{"@type":"Person","@id":"https:\/\/rdp-pat.sanimax.com\/#\/schema\/person\/de4c027f6858c724ab46490c68601270","name":"Nicolas Laflamme","url":"https:\/\/rdp-pat.sanimax.com\/fr\/author\/nicolas\/"}]}},"_links":{"self":[{"href":"https:\/\/rdp-pat.sanimax.com\/fr\/wp-json\/wp\/v2\/posts\/2801","targetHints":{"allow":["GET"]}}],"collection":[{"href":"https:\/\/rdp-pat.sanimax.com\/fr\/wp-json\/wp\/v2\/posts"}],"about":[{"href":"https:\/\/rdp-pat.sanimax.com\/fr\/wp-json\/wp\/v2\/types\/post"}],"author":[{"embeddable":true,"href":"https:\/\/rdp-pat.sanimax.com\/fr\/wp-json\/wp\/v2\/users\/7"}],"replies":[{"embeddable":true,"href":"https:\/\/rdp-pat.sanimax.com\/fr\/wp-json\/wp\/v2\/comments?post=2801"}],"version-history":[{"count":0,"href":"https:\/\/rdp-pat.sanimax.com\/fr\/wp-json\/wp\/v2\/posts\/2801\/revisions"}],"wp:attachment":[{"href":"https:\/\/rdp-pat.sanimax.com\/fr\/wp-json\/wp\/v2\/media?parent=2801"}],"wp:term":[{"taxonomy":"category","embeddable":true,"href":"https:\/\/rdp-pat.sanimax.com\/fr\/wp-json\/wp\/v2\/categories?post=2801"},{"taxonomy":"post_tag","embeddable":true,"href":"https:\/\/rdp-pat.sanimax.com\/fr\/wp-json\/wp\/v2\/tags?post=2801"}],"curies":[{"name":"wp","href":"https:\/\/api.w.org\/{rel}","templated":true}]}}