{"id":2773,"date":"2022-01-31T16:44:38","date_gmt":"2022-01-31T21:44:38","guid":{"rendered":"https:\/\/rdp-pat.sanimax.com\/?p=2773"},"modified":"2022-01-31T16:44:38","modified_gmt":"2022-01-31T21:44:38","slug":"mise-au-point-sur-le-transport-de-matiere-organique","status":"publish","type":"post","link":"https:\/\/rdp-pat.sanimax.com\/fr\/mise-au-point-sur-le-transport-de-matiere-organique\/","title":{"rendered":"Mise au point sur le transport de mati\u00e8re organique"},"content":{"rendered":"\t\t<div class=\"et_pb_section et_pb_with_background et_section_regular breadcrumbs_section\">\r\n\t\t\t<div class=\" et_pb_row breadcrumbs_row\">\r\n\t\t\t\t<div class=\"et_pb_column et_pb_column_4_4 breadcrumbs_column\">\r\n\t\t\t\t\t<div class=\"et_pb_code et_pb_module breadcrumbs_module\">\r\n\t\t\t\t\t\t\t\t\t\t\t<\/div> <!-- .et_pb_code -->\r\n\t\t\t\t<\/div> <!-- .et_pb_column -->\r\n\t\t\t<\/div> <!-- .et_pb_row -->\r\n\t\t<\/div>\r\n\t\t<p><img decoding=\"async\" class=\"alignnone size-full wp-image-1904\" src=\"https:\/\/rdp-pat.sanimax.com\/wp-content\/uploads\/2020\/04\/background-accueil.jpg\" alt=\"Comit\u00e9 des citoyens de Rivi\u00e8re-des-Prairies\u2013Pointe-aux-Trembles et de Sanimax\" width=\"1920\" height=\"1281\" srcset=\"https:\/\/rdp-pat.sanimax.com\/wp-content\/uploads\/2020\/04\/background-accueil.jpg 1920w, https:\/\/rdp-pat.sanimax.com\/wp-content\/uploads\/2020\/04\/background-accueil-1536x1025.jpg 1536w\" sizes=\"(max-width: 1920px) 100vw, 1920px\" \/><\/p>\n<p>Chers membres de la communaut\u00e9,<\/p>\n<p>En fin de semaine derni\u00e8re, des images ont circul\u00e9 sur les r\u00e9seaux sociaux dans lesquelles on pouvait apercevoir un camion transportant de la mati\u00e8re organique sans aucune protection. Cette situation a rapidement \u00e9t\u00e9 port\u00e9e \u00e0 notre attention.<\/p>\n<p>Apr\u00e8s avoir proc\u00e9d\u00e9 aux v\u00e9rifications n\u00e9cessaires aupr\u00e8s de notre \u00e9quipe de transport et de logistique, nous pouvons vous confirmer que <strong>le camion en question<\/strong> <strong>ne fait pas partie de la flotte de Sanimax ou de celle de l\u2019un de nos sous-traitants<\/strong>. Ce camion est la propri\u00e9t\u00e9 d\u2019une autre compagnie de l\u2019industrie.<\/p>\n<p>Rappelons que Sanimax a investi des sommes consid\u00e9rables durant les derni\u00e8res ann\u00e9es afin d\u2019\u00e9quiper l\u2019ensemble de ses camions de grilles anti-versements et de toiles de mani\u00e8re \u00e0 assurer un transport s\u00e9curitaire de mati\u00e8re, et ce, avec les plus hauts standards sanitaires possible. Un programme de maintenance et d\u2019entretien des camions-remorques est \u00e9galement en place pour assurer de r\u00e9pondre de fa\u00e7on continue \u00e0 nos engagements.<\/p>\n<p>Nous vous remercions pour votre compr\u00e9hension.<\/p>\n<p>L\u2019\u00e9quipe de Sanimax<\/p>\n","protected":false},"excerpt":{"rendered":"<p>Chers membres de la communaut\u00e9, En fin de semaine derni\u00e8re, des images ont circul\u00e9 sur les r\u00e9seaux sociaux dans lesquelles on pouvait apercevoir un camion transportant de la mati\u00e8re organique sans aucune protection. Cette situation a rapidement \u00e9t\u00e9 port\u00e9e \u00e0 notre attention. Apr\u00e8s avoir proc\u00e9d\u00e9 aux v\u00e9rifications n\u00e9cessaires aupr\u00e8s de notre \u00e9quipe de transport et [&hellip;]<\/p>\n","protected":false},"author":7,"featured_media":0,"comment_status":"closed","ping_status":"closed","sticky":false,"template":"","format":"standard","meta":{"_acf_changed":false,"_et_pb_use_builder":"","_et_pb_old_content":"","_et_gb_content_width":"","_monsterinsights_skip_tracking":false,"_monsterinsights_sitenote_active":false,"_monsterinsights_sitenote_note":"","_monsterinsights_sitenote_category":0,"footnotes":""},"categories":[44],"tags":[],"class_list":["post-2773","post","type-post","status-publish","format-standard","hentry","category-interet-general"],"acf":[],"yoast_head":"<!-- This site is optimized with the Yoast SEO plugin v27.5 - https:\/\/yoast.com\/product\/yoast-seo-wordpress\/ -->\n<title>Mise au point sur le transport de mati\u00e8re organique - RDP-sanimax<\/title>\n<meta name=\"robots\" content=\"index, follow, max-snippet:-1, max-image-preview:large, max-video-preview:-1\" \/>\n<link rel=\"canonical\" href=\"https:\/\/rdp-pat.sanimax.com\/fr\/mise-au-point-sur-le-transport-de-matiere-organique\/\" \/>\n<meta property=\"og:locale\" content=\"fr_FR\" \/>\n<meta property=\"og:type\" content=\"article\" \/>\n<meta property=\"og:title\" content=\"Mise au point sur le transport de mati\u00e8re organique - RDP-sanimax\" \/>\n<meta property=\"og:description\" content=\"Chers membres de la communaut\u00e9, En fin de semaine derni\u00e8re, des images ont circul\u00e9 sur les r\u00e9seaux sociaux dans lesquelles on pouvait apercevoir un camion transportant de la mati\u00e8re organique sans aucune protection. Cette situation a rapidement \u00e9t\u00e9 port\u00e9e \u00e0 notre attention. Apr\u00e8s avoir proc\u00e9d\u00e9 aux v\u00e9rifications n\u00e9cessaires aupr\u00e8s de notre \u00e9quipe de transport et [&hellip;]\" \/>\n<meta property=\"og:url\" content=\"https:\/\/rdp-pat.sanimax.com\/fr\/mise-au-point-sur-le-transport-de-matiere-organique\/\" \/>\n<meta property=\"og:site_name\" content=\"RDP-sanimax\" \/>\n<meta property=\"article:published_time\" content=\"2022-01-31T21:44:38+00:00\" \/>\n<meta property=\"og:image\" content=\"https:\/\/rdp-pat.sanimax.com\/wp-content\/uploads\/2020\/04\/background-accueil.jpg\" \/>\n<meta name=\"author\" content=\"Nicolas Laflamme\" \/>\n<meta name=\"twitter:card\" content=\"summary_large_image\" \/>\n<meta name=\"twitter:label1\" content=\"\u00c9crit par\" \/>\n\t<meta name=\"twitter:data1\" content=\"Nicolas Laflamme\" \/>\n\t<meta name=\"twitter:label2\" content=\"Dur\u00e9e de lecture estim\u00e9e\" \/>\n\t<meta name=\"twitter:data2\" content=\"1 minute\" \/>\n<script type=\"application\/ld+json\" class=\"yoast-schema-graph\">{\"@context\":\"https:\\\/\\\/schema.org\",\"@graph\":[{\"@type\":\"Article\",\"@id\":\"https:\\\/\\\/rdp-pat.sanimax.com\\\/fr\\\/mise-au-point-sur-le-transport-de-matiere-organique\\\/#article\",\"isPartOf\":{\"@id\":\"https:\\\/\\\/rdp-pat.sanimax.com\\\/fr\\\/mise-au-point-sur-le-transport-de-matiere-organique\\\/\"},\"author\":{\"name\":\"Nicolas Laflamme\",\"@id\":\"https:\\\/\\\/rdp-pat.sanimax.com\\\/#\\\/schema\\\/person\\\/de4c027f6858c724ab46490c68601270\"},\"headline\":\"Mise au point sur le transport de mati\u00e8re organique\",\"datePublished\":\"2022-01-31T21:44:38+00:00\",\"mainEntityOfPage\":{\"@id\":\"https:\\\/\\\/rdp-pat.sanimax.com\\\/fr\\\/mise-au-point-sur-le-transport-de-matiere-organique\\\/\"},\"wordCount\":199,\"image\":{\"@id\":\"https:\\\/\\\/rdp-pat.sanimax.com\\\/fr\\\/mise-au-point-sur-le-transport-de-matiere-organique\\\/#primaryimage\"},\"thumbnailUrl\":\"https:\\\/\\\/rdp-pat.sanimax.com\\\/wp-content\\\/uploads\\\/2020\\\/04\\\/background-accueil.jpg\",\"articleSection\":[\"Int\u00e9r\u00eat g\u00e9n\u00e9ral\"],\"inLanguage\":\"fr-FR\"},{\"@type\":\"WebPage\",\"@id\":\"https:\\\/\\\/rdp-pat.sanimax.com\\\/fr\\\/mise-au-point-sur-le-transport-de-matiere-organique\\\/\",\"url\":\"https:\\\/\\\/rdp-pat.sanimax.com\\\/fr\\\/mise-au-point-sur-le-transport-de-matiere-organique\\\/\",\"name\":\"Mise au point sur le transport de mati\u00e8re organique - RDP-sanimax\",\"isPartOf\":{\"@id\":\"https:\\\/\\\/rdp-pat.sanimax.com\\\/#website\"},\"primaryImageOfPage\":{\"@id\":\"https:\\\/\\\/rdp-pat.sanimax.com\\\/fr\\\/mise-au-point-sur-le-transport-de-matiere-organique\\\/#primaryimage\"},\"image\":{\"@id\":\"https:\\\/\\\/rdp-pat.sanimax.com\\\/fr\\\/mise-au-point-sur-le-transport-de-matiere-organique\\\/#primaryimage\"},\"thumbnailUrl\":\"https:\\\/\\\/rdp-pat.sanimax.com\\\/wp-content\\\/uploads\\\/2020\\\/04\\\/background-accueil.jpg\",\"datePublished\":\"2022-01-31T21:44:38+00:00\",\"author\":{\"@id\":\"https:\\\/\\\/rdp-pat.sanimax.com\\\/#\\\/schema\\\/person\\\/de4c027f6858c724ab46490c68601270\"},\"breadcrumb\":{\"@id\":\"https:\\\/\\\/rdp-pat.sanimax.com\\\/fr\\\/mise-au-point-sur-le-transport-de-matiere-organique\\\/#breadcrumb\"},\"inLanguage\":\"fr-FR\",\"potentialAction\":[{\"@type\":\"ReadAction\",\"target\":[\"https:\\\/\\\/rdp-pat.sanimax.com\\\/fr\\\/mise-au-point-sur-le-transport-de-matiere-organique\\\/\"]}]},{\"@type\":\"ImageObject\",\"inLanguage\":\"fr-FR\",\"@id\":\"https:\\\/\\\/rdp-pat.sanimax.com\\\/fr\\\/mise-au-point-sur-le-transport-de-matiere-organique\\\/#primaryimage\",\"url\":\"https:\\\/\\\/rdp-pat.sanimax.com\\\/wp-content\\\/uploads\\\/2020\\\/04\\\/background-accueil.jpg\",\"contentUrl\":\"https:\\\/\\\/rdp-pat.sanimax.com\\\/wp-content\\\/uploads\\\/2020\\\/04\\\/background-accueil.jpg\"},{\"@type\":\"BreadcrumbList\",\"@id\":\"https:\\\/\\\/rdp-pat.sanimax.com\\\/fr\\\/mise-au-point-sur-le-transport-de-matiere-organique\\\/#breadcrumb\",\"itemListElement\":[{\"@type\":\"ListItem\",\"position\":1,\"name\":\"Accueil\",\"item\":\"https:\\\/\\\/rdp-pat.sanimax.com\\\/fr\\\/\"},{\"@type\":\"ListItem\",\"position\":2,\"name\":\"Mise au point sur le transport de mati\u00e8re organique\"}]},{\"@type\":\"WebSite\",\"@id\":\"https:\\\/\\\/rdp-pat.sanimax.com\\\/#website\",\"url\":\"https:\\\/\\\/rdp-pat.sanimax.com\\\/\",\"name\":\"RDP-sanimax\",\"description\":\"\",\"potentialAction\":[{\"@type\":\"SearchAction\",\"target\":{\"@type\":\"EntryPoint\",\"urlTemplate\":\"https:\\\/\\\/rdp-pat.sanimax.com\\\/?s={search_term_string}\"},\"query-input\":{\"@type\":\"PropertyValueSpecification\",\"valueRequired\":true,\"valueName\":\"search_term_string\"}}],\"inLanguage\":\"fr-FR\"},{\"@type\":\"Person\",\"@id\":\"https:\\\/\\\/rdp-pat.sanimax.com\\\/#\\\/schema\\\/person\\\/de4c027f6858c724ab46490c68601270\",\"name\":\"Nicolas Laflamme\",\"url\":\"https:\\\/\\\/rdp-pat.sanimax.com\\\/fr\\\/author\\\/nicolas\\\/\"}]}<\/script>\n<!-- \/ Yoast SEO plugin. -->","yoast_head_json":{"title":"Mise au point sur le transport de mati\u00e8re organique - RDP-sanimax","robots":{"index":"index","follow":"follow","max-snippet":"max-snippet:-1","max-image-preview":"max-image-preview:large","max-video-preview":"max-video-preview:-1"},"canonical":"https:\/\/rdp-pat.sanimax.com\/fr\/mise-au-point-sur-le-transport-de-matiere-organique\/","og_locale":"fr_FR","og_type":"article","og_title":"Mise au point sur le transport de mati\u00e8re organique - RDP-sanimax","og_description":"Chers membres de la communaut\u00e9, En fin de semaine derni\u00e8re, des images ont circul\u00e9 sur les r\u00e9seaux sociaux dans lesquelles on pouvait apercevoir un camion transportant de la mati\u00e8re organique sans aucune protection. Cette situation a rapidement \u00e9t\u00e9 port\u00e9e \u00e0 notre attention. Apr\u00e8s avoir proc\u00e9d\u00e9 aux v\u00e9rifications n\u00e9cessaires aupr\u00e8s de notre \u00e9quipe de transport et [&hellip;]","og_url":"https:\/\/rdp-pat.sanimax.com\/fr\/mise-au-point-sur-le-transport-de-matiere-organique\/","og_site_name":"RDP-sanimax","article_published_time":"2022-01-31T21:44:38+00:00","og_image":[{"url":"https:\/\/rdp-pat.sanimax.com\/wp-content\/uploads\/2020\/04\/background-accueil.jpg","type":"","width":"","height":""}],"author":"Nicolas Laflamme","twitter_card":"summary_large_image","twitter_misc":{"\u00c9crit par":"Nicolas Laflamme","Dur\u00e9e de lecture estim\u00e9e":"1 minute"},"schema":{"@context":"https:\/\/schema.org","@graph":[{"@type":"Article","@id":"https:\/\/rdp-pat.sanimax.com\/fr\/mise-au-point-sur-le-transport-de-matiere-organique\/#article","isPartOf":{"@id":"https:\/\/rdp-pat.sanimax.com\/fr\/mise-au-point-sur-le-transport-de-matiere-organique\/"},"author":{"name":"Nicolas Laflamme","@id":"https:\/\/rdp-pat.sanimax.com\/#\/schema\/person\/de4c027f6858c724ab46490c68601270"},"headline":"Mise au point sur le transport de mati\u00e8re organique","datePublished":"2022-01-31T21:44:38+00:00","mainEntityOfPage":{"@id":"https:\/\/rdp-pat.sanimax.com\/fr\/mise-au-point-sur-le-transport-de-matiere-organique\/"},"wordCount":199,"image":{"@id":"https:\/\/rdp-pat.sanimax.com\/fr\/mise-au-point-sur-le-transport-de-matiere-organique\/#primaryimage"},"thumbnailUrl":"https:\/\/rdp-pat.sanimax.com\/wp-content\/uploads\/2020\/04\/background-accueil.jpg","articleSection":["Int\u00e9r\u00eat g\u00e9n\u00e9ral"],"inLanguage":"fr-FR"},{"@type":"WebPage","@id":"https:\/\/rdp-pat.sanimax.com\/fr\/mise-au-point-sur-le-transport-de-matiere-organique\/","url":"https:\/\/rdp-pat.sanimax.com\/fr\/mise-au-point-sur-le-transport-de-matiere-organique\/","name":"Mise au point sur le transport de mati\u00e8re organique - RDP-sanimax","isPartOf":{"@id":"https:\/\/rdp-pat.sanimax.com\/#website"},"primaryImageOfPage":{"@id":"https:\/\/rdp-pat.sanimax.com\/fr\/mise-au-point-sur-le-transport-de-matiere-organique\/#primaryimage"},"image":{"@id":"https:\/\/rdp-pat.sanimax.com\/fr\/mise-au-point-sur-le-transport-de-matiere-organique\/#primaryimage"},"thumbnailUrl":"https:\/\/rdp-pat.sanimax.com\/wp-content\/uploads\/2020\/04\/background-accueil.jpg","datePublished":"2022-01-31T21:44:38+00:00","author":{"@id":"https:\/\/rdp-pat.sanimax.com\/#\/schema\/person\/de4c027f6858c724ab46490c68601270"},"breadcrumb":{"@id":"https:\/\/rdp-pat.sanimax.com\/fr\/mise-au-point-sur-le-transport-de-matiere-organique\/#breadcrumb"},"inLanguage":"fr-FR","potentialAction":[{"@type":"ReadAction","target":["https:\/\/rdp-pat.sanimax.com\/fr\/mise-au-point-sur-le-transport-de-matiere-organique\/"]}]},{"@type":"ImageObject","inLanguage":"fr-FR","@id":"https:\/\/rdp-pat.sanimax.com\/fr\/mise-au-point-sur-le-transport-de-matiere-organique\/#primaryimage","url":"https:\/\/rdp-pat.sanimax.com\/wp-content\/uploads\/2020\/04\/background-accueil.jpg","contentUrl":"https:\/\/rdp-pat.sanimax.com\/wp-content\/uploads\/2020\/04\/background-accueil.jpg"},{"@type":"BreadcrumbList","@id":"https:\/\/rdp-pat.sanimax.com\/fr\/mise-au-point-sur-le-transport-de-matiere-organique\/#breadcrumb","itemListElement":[{"@type":"ListItem","position":1,"name":"Accueil","item":"https:\/\/rdp-pat.sanimax.com\/fr\/"},{"@type":"ListItem","position":2,"name":"Mise au point sur le transport de mati\u00e8re organique"}]},{"@type":"WebSite","@id":"https:\/\/rdp-pat.sanimax.com\/#website","url":"https:\/\/rdp-pat.sanimax.com\/","name":"RDP-sanimax","description":"","potentialAction":[{"@type":"SearchAction","target":{"@type":"EntryPoint","urlTemplate":"https:\/\/rdp-pat.sanimax.com\/?s={search_term_string}"},"query-input":{"@type":"PropertyValueSpecification","valueRequired":true,"valueName":"search_term_string"}}],"inLanguage":"fr-FR"},{"@type":"Person","@id":"https:\/\/rdp-pat.sanimax.com\/#\/schema\/person\/de4c027f6858c724ab46490c68601270","name":"Nicolas Laflamme","url":"https:\/\/rdp-pat.sanimax.com\/fr\/author\/nicolas\/"}]}},"_links":{"self":[{"href":"https:\/\/rdp-pat.sanimax.com\/fr\/wp-json\/wp\/v2\/posts\/2773","targetHints":{"allow":["GET"]}}],"collection":[{"href":"https:\/\/rdp-pat.sanimax.com\/fr\/wp-json\/wp\/v2\/posts"}],"about":[{"href":"https:\/\/rdp-pat.sanimax.com\/fr\/wp-json\/wp\/v2\/types\/post"}],"author":[{"embeddable":true,"href":"https:\/\/rdp-pat.sanimax.com\/fr\/wp-json\/wp\/v2\/users\/7"}],"replies":[{"embeddable":true,"href":"https:\/\/rdp-pat.sanimax.com\/fr\/wp-json\/wp\/v2\/comments?post=2773"}],"version-history":[{"count":0,"href":"https:\/\/rdp-pat.sanimax.com\/fr\/wp-json\/wp\/v2\/posts\/2773\/revisions"}],"wp:attachment":[{"href":"https:\/\/rdp-pat.sanimax.com\/fr\/wp-json\/wp\/v2\/media?parent=2773"}],"wp:term":[{"taxonomy":"category","embeddable":true,"href":"https:\/\/rdp-pat.sanimax.com\/fr\/wp-json\/wp\/v2\/categories?post=2773"},{"taxonomy":"post_tag","embeddable":true,"href":"https:\/\/rdp-pat.sanimax.com\/fr\/wp-json\/wp\/v2\/tags?post=2773"}],"curies":[{"name":"wp","href":"https:\/\/api.w.org\/{rel}","templated":true}]}}