{"id":2760,"date":"2021-09-17T16:37:05","date_gmt":"2021-09-17T21:37:05","guid":{"rendered":"https:\/\/rdp-pat.sanimax.com\/?p=2760"},"modified":"2021-09-17T16:37:05","modified_gmt":"2021-09-17T21:37:05","slug":"traiter-les-airs-de-procedes-a-linterieur-de-lusine","status":"publish","type":"post","link":"https:\/\/rdp-pat.sanimax.com\/fr\/traiter-les-airs-de-procedes-a-linterieur-de-lusine\/","title":{"rendered":"Traiter les airs de proc\u00e9d\u00e9s \u00e0 l\u2019int\u00e9rieur de l\u2019usine"},"content":{"rendered":"\t\t<div class=\"et_pb_section et_pb_with_background et_section_regular breadcrumbs_section\">\r\n\t\t\t<div class=\" et_pb_row breadcrumbs_row\">\r\n\t\t\t\t<div class=\"et_pb_column et_pb_column_4_4 breadcrumbs_column\">\r\n\t\t\t\t\t<div class=\"et_pb_code et_pb_module breadcrumbs_module\">\r\n\t\t\t\t\t\t\t\t\t\t\t<\/div> <!-- .et_pb_code -->\r\n\t\t\t\t<\/div> <!-- .et_pb_column -->\r\n\t\t\t<\/div> <!-- .et_pb_row -->\r\n\t\t<\/div>\r\n\t\t<p><img decoding=\"async\" class=\"alignnone size-full wp-image-1904\" src=\"https:\/\/rdp-pat.sanimax.com\/wp-content\/uploads\/2020\/04\/background-accueil.jpg\" alt=\"Comit\u00e9 des citoyens de Rivi\u00e8re-des-Prairies\u2013Pointe-aux-Trembles et de Sanimax\" width=\"1920\" height=\"1281\" srcset=\"https:\/\/rdp-pat.sanimax.com\/wp-content\/uploads\/2020\/04\/background-accueil.jpg 1920w, https:\/\/rdp-pat.sanimax.com\/wp-content\/uploads\/2020\/04\/background-accueil-1536x1025.jpg 1536w\" sizes=\"(max-width: 1920px) 100vw, 1920px\" \/><\/p>\n<p>Chers membres de la communaut\u00e9,<\/p>\n<p>Lors d\u2019une infolettre ant\u00e9rieure, nous avions mentionn\u00e9 nos diff\u00e9rents \u00e9quipements contribuent au traitement des odeurs contenues dans nos airs de proc\u00e9d\u00e9. Saviez-vous que l\u2019efficacit\u00e9 de ce syst\u00e8me est accrue gr\u00e2ce au principe de pression n\u00e9gative?<\/p>\n<p>Afin de contr\u00f4ler ad\u00e9quatement l\u2019air qui entre et qui sort de nos b\u00e2timents, l\u2019usine fonctionne \u00e0 pression n\u00e9gative, c\u2019est-\u00e0-dire que l\u2019air est aspir\u00e9 vers l\u2019int\u00e9rieur de l\u2019usine pour d\u2019abord \u00eatre trait\u00e9 (chaudi\u00e8res et \u00e9purateurs \u00e0 voie humide), puis rel\u00e2ch\u00e9 \u00e0 l\u2019ext\u00e9rieur de l\u2019usine. Cela nous permet d\u2019\u00e9liminer la quasi-totalit\u00e9 des particules odorantes li\u00e9es \u00e0 nos op\u00e9rations.<\/p>\n<p>De plus, et tel que mentionn\u00e9 pr\u00e9c\u00e9demment, les remorques en attente sont, quant \u00e0 elles, support\u00e9es par un syst\u00e8me d\u2019abattement des odeurs \u00e0 l\u2019ext\u00e9rieur de l\u2019usine, soit le parc \u00e0 brume, fonctionnant 24 heures sur 24, 7 jours sur 7 durant la p\u00e9riode estivale.<\/p>\n<p>Nous vous confirmons que le traitement de la mati\u00e8re organique re\u00e7ue se d\u00e9roule bien et que nous d\u00e9buterons la fermeture progressive de l\u2019usine samedi durant la journ\u00e9e, pour une fermeture compl\u00e8te dans la nuit de samedi \u00e0 dimanche.<\/p>\n","protected":false},"excerpt":{"rendered":"<p>Chers membres de la communaut\u00e9, Lors d\u2019une infolettre ant\u00e9rieure, nous avions mentionn\u00e9 nos diff\u00e9rents \u00e9quipements contribuent au traitement des odeurs contenues dans nos airs de proc\u00e9d\u00e9. Saviez-vous que l\u2019efficacit\u00e9 de ce syst\u00e8me est accrue gr\u00e2ce au principe de pression n\u00e9gative? Afin de contr\u00f4ler ad\u00e9quatement l\u2019air qui entre et qui sort de nos b\u00e2timents, l\u2019usine fonctionne [&hellip;]<\/p>\n","protected":false},"author":7,"featured_media":0,"comment_status":"closed","ping_status":"closed","sticky":false,"template":"","format":"standard","meta":{"_acf_changed":false,"_et_pb_use_builder":"","_et_pb_old_content":"","_et_gb_content_width":"","_monsterinsights_skip_tracking":false,"_monsterinsights_sitenote_active":false,"_monsterinsights_sitenote_note":"","_monsterinsights_sitenote_category":0,"footnotes":""},"categories":[44],"tags":[],"class_list":["post-2760","post","type-post","status-publish","format-standard","hentry","category-interet-general"],"acf":[],"yoast_head":"<!-- This site is optimized with the Yoast SEO plugin v27.5 - https:\/\/yoast.com\/product\/yoast-seo-wordpress\/ -->\n<title>Traiter les airs de proc\u00e9d\u00e9s \u00e0 l\u2019int\u00e9rieur de l\u2019usine - RDP-sanimax<\/title>\n<meta name=\"robots\" content=\"index, follow, max-snippet:-1, max-image-preview:large, max-video-preview:-1\" \/>\n<link rel=\"canonical\" href=\"https:\/\/rdp-pat.sanimax.com\/fr\/traiter-les-airs-de-procedes-a-linterieur-de-lusine\/\" \/>\n<meta property=\"og:locale\" content=\"fr_FR\" \/>\n<meta property=\"og:type\" content=\"article\" \/>\n<meta property=\"og:title\" content=\"Traiter les airs de proc\u00e9d\u00e9s \u00e0 l\u2019int\u00e9rieur de l\u2019usine - RDP-sanimax\" \/>\n<meta property=\"og:description\" content=\"Chers membres de la communaut\u00e9, Lors d\u2019une infolettre ant\u00e9rieure, nous avions mentionn\u00e9 nos diff\u00e9rents \u00e9quipements contribuent au traitement des odeurs contenues dans nos airs de proc\u00e9d\u00e9. Saviez-vous que l\u2019efficacit\u00e9 de ce syst\u00e8me est accrue gr\u00e2ce au principe de pression n\u00e9gative? Afin de contr\u00f4ler ad\u00e9quatement l\u2019air qui entre et qui sort de nos b\u00e2timents, l\u2019usine fonctionne [&hellip;]\" \/>\n<meta property=\"og:url\" content=\"https:\/\/rdp-pat.sanimax.com\/fr\/traiter-les-airs-de-procedes-a-linterieur-de-lusine\/\" \/>\n<meta property=\"og:site_name\" content=\"RDP-sanimax\" \/>\n<meta property=\"article:published_time\" content=\"2021-09-17T21:37:05+00:00\" \/>\n<meta property=\"og:image\" content=\"https:\/\/rdp-pat.sanimax.com\/wp-content\/uploads\/2020\/04\/background-accueil.jpg\" \/>\n<meta name=\"author\" content=\"Nicolas Laflamme\" \/>\n<meta name=\"twitter:card\" content=\"summary_large_image\" \/>\n<meta name=\"twitter:label1\" content=\"\u00c9crit par\" \/>\n\t<meta name=\"twitter:data1\" content=\"Nicolas Laflamme\" \/>\n\t<meta name=\"twitter:label2\" content=\"Dur\u00e9e de lecture estim\u00e9e\" \/>\n\t<meta name=\"twitter:data2\" content=\"1 minute\" \/>\n<script type=\"application\/ld+json\" class=\"yoast-schema-graph\">{\"@context\":\"https:\\\/\\\/schema.org\",\"@graph\":[{\"@type\":\"Article\",\"@id\":\"https:\\\/\\\/rdp-pat.sanimax.com\\\/fr\\\/traiter-les-airs-de-procedes-a-linterieur-de-lusine\\\/#article\",\"isPartOf\":{\"@id\":\"https:\\\/\\\/rdp-pat.sanimax.com\\\/fr\\\/traiter-les-airs-de-procedes-a-linterieur-de-lusine\\\/\"},\"author\":{\"name\":\"Nicolas Laflamme\",\"@id\":\"https:\\\/\\\/rdp-pat.sanimax.com\\\/#\\\/schema\\\/person\\\/de4c027f6858c724ab46490c68601270\"},\"headline\":\"Traiter les airs de proc\u00e9d\u00e9s \u00e0 l\u2019int\u00e9rieur de l\u2019usine\",\"datePublished\":\"2021-09-17T21:37:05+00:00\",\"mainEntityOfPage\":{\"@id\":\"https:\\\/\\\/rdp-pat.sanimax.com\\\/fr\\\/traiter-les-airs-de-procedes-a-linterieur-de-lusine\\\/\"},\"wordCount\":224,\"image\":{\"@id\":\"https:\\\/\\\/rdp-pat.sanimax.com\\\/fr\\\/traiter-les-airs-de-procedes-a-linterieur-de-lusine\\\/#primaryimage\"},\"thumbnailUrl\":\"https:\\\/\\\/rdp-pat.sanimax.com\\\/wp-content\\\/uploads\\\/2020\\\/04\\\/background-accueil.jpg\",\"articleSection\":[\"Int\u00e9r\u00eat g\u00e9n\u00e9ral\"],\"inLanguage\":\"fr-FR\"},{\"@type\":\"WebPage\",\"@id\":\"https:\\\/\\\/rdp-pat.sanimax.com\\\/fr\\\/traiter-les-airs-de-procedes-a-linterieur-de-lusine\\\/\",\"url\":\"https:\\\/\\\/rdp-pat.sanimax.com\\\/fr\\\/traiter-les-airs-de-procedes-a-linterieur-de-lusine\\\/\",\"name\":\"Traiter les airs de proc\u00e9d\u00e9s \u00e0 l\u2019int\u00e9rieur de l\u2019usine - RDP-sanimax\",\"isPartOf\":{\"@id\":\"https:\\\/\\\/rdp-pat.sanimax.com\\\/#website\"},\"primaryImageOfPage\":{\"@id\":\"https:\\\/\\\/rdp-pat.sanimax.com\\\/fr\\\/traiter-les-airs-de-procedes-a-linterieur-de-lusine\\\/#primaryimage\"},\"image\":{\"@id\":\"https:\\\/\\\/rdp-pat.sanimax.com\\\/fr\\\/traiter-les-airs-de-procedes-a-linterieur-de-lusine\\\/#primaryimage\"},\"thumbnailUrl\":\"https:\\\/\\\/rdp-pat.sanimax.com\\\/wp-content\\\/uploads\\\/2020\\\/04\\\/background-accueil.jpg\",\"datePublished\":\"2021-09-17T21:37:05+00:00\",\"author\":{\"@id\":\"https:\\\/\\\/rdp-pat.sanimax.com\\\/#\\\/schema\\\/person\\\/de4c027f6858c724ab46490c68601270\"},\"breadcrumb\":{\"@id\":\"https:\\\/\\\/rdp-pat.sanimax.com\\\/fr\\\/traiter-les-airs-de-procedes-a-linterieur-de-lusine\\\/#breadcrumb\"},\"inLanguage\":\"fr-FR\",\"potentialAction\":[{\"@type\":\"ReadAction\",\"target\":[\"https:\\\/\\\/rdp-pat.sanimax.com\\\/fr\\\/traiter-les-airs-de-procedes-a-linterieur-de-lusine\\\/\"]}]},{\"@type\":\"ImageObject\",\"inLanguage\":\"fr-FR\",\"@id\":\"https:\\\/\\\/rdp-pat.sanimax.com\\\/fr\\\/traiter-les-airs-de-procedes-a-linterieur-de-lusine\\\/#primaryimage\",\"url\":\"https:\\\/\\\/rdp-pat.sanimax.com\\\/wp-content\\\/uploads\\\/2020\\\/04\\\/background-accueil.jpg\",\"contentUrl\":\"https:\\\/\\\/rdp-pat.sanimax.com\\\/wp-content\\\/uploads\\\/2020\\\/04\\\/background-accueil.jpg\"},{\"@type\":\"BreadcrumbList\",\"@id\":\"https:\\\/\\\/rdp-pat.sanimax.com\\\/fr\\\/traiter-les-airs-de-procedes-a-linterieur-de-lusine\\\/#breadcrumb\",\"itemListElement\":[{\"@type\":\"ListItem\",\"position\":1,\"name\":\"Accueil\",\"item\":\"https:\\\/\\\/rdp-pat.sanimax.com\\\/fr\\\/\"},{\"@type\":\"ListItem\",\"position\":2,\"name\":\"Traiter les airs de proc\u00e9d\u00e9s \u00e0 l\u2019int\u00e9rieur de l\u2019usine\"}]},{\"@type\":\"WebSite\",\"@id\":\"https:\\\/\\\/rdp-pat.sanimax.com\\\/#website\",\"url\":\"https:\\\/\\\/rdp-pat.sanimax.com\\\/\",\"name\":\"RDP-sanimax\",\"description\":\"\",\"potentialAction\":[{\"@type\":\"SearchAction\",\"target\":{\"@type\":\"EntryPoint\",\"urlTemplate\":\"https:\\\/\\\/rdp-pat.sanimax.com\\\/?s={search_term_string}\"},\"query-input\":{\"@type\":\"PropertyValueSpecification\",\"valueRequired\":true,\"valueName\":\"search_term_string\"}}],\"inLanguage\":\"fr-FR\"},{\"@type\":\"Person\",\"@id\":\"https:\\\/\\\/rdp-pat.sanimax.com\\\/#\\\/schema\\\/person\\\/de4c027f6858c724ab46490c68601270\",\"name\":\"Nicolas Laflamme\",\"url\":\"https:\\\/\\\/rdp-pat.sanimax.com\\\/fr\\\/author\\\/nicolas\\\/\"}]}<\/script>\n<!-- \/ Yoast SEO plugin. -->","yoast_head_json":{"title":"Traiter les airs de proc\u00e9d\u00e9s \u00e0 l\u2019int\u00e9rieur de l\u2019usine - RDP-sanimax","robots":{"index":"index","follow":"follow","max-snippet":"max-snippet:-1","max-image-preview":"max-image-preview:large","max-video-preview":"max-video-preview:-1"},"canonical":"https:\/\/rdp-pat.sanimax.com\/fr\/traiter-les-airs-de-procedes-a-linterieur-de-lusine\/","og_locale":"fr_FR","og_type":"article","og_title":"Traiter les airs de proc\u00e9d\u00e9s \u00e0 l\u2019int\u00e9rieur de l\u2019usine - RDP-sanimax","og_description":"Chers membres de la communaut\u00e9, Lors d\u2019une infolettre ant\u00e9rieure, nous avions mentionn\u00e9 nos diff\u00e9rents \u00e9quipements contribuent au traitement des odeurs contenues dans nos airs de proc\u00e9d\u00e9. Saviez-vous que l\u2019efficacit\u00e9 de ce syst\u00e8me est accrue gr\u00e2ce au principe de pression n\u00e9gative? Afin de contr\u00f4ler ad\u00e9quatement l\u2019air qui entre et qui sort de nos b\u00e2timents, l\u2019usine fonctionne [&hellip;]","og_url":"https:\/\/rdp-pat.sanimax.com\/fr\/traiter-les-airs-de-procedes-a-linterieur-de-lusine\/","og_site_name":"RDP-sanimax","article_published_time":"2021-09-17T21:37:05+00:00","og_image":[{"url":"https:\/\/rdp-pat.sanimax.com\/wp-content\/uploads\/2020\/04\/background-accueil.jpg","type":"","width":"","height":""}],"author":"Nicolas Laflamme","twitter_card":"summary_large_image","twitter_misc":{"\u00c9crit par":"Nicolas Laflamme","Dur\u00e9e de lecture estim\u00e9e":"1 minute"},"schema":{"@context":"https:\/\/schema.org","@graph":[{"@type":"Article","@id":"https:\/\/rdp-pat.sanimax.com\/fr\/traiter-les-airs-de-procedes-a-linterieur-de-lusine\/#article","isPartOf":{"@id":"https:\/\/rdp-pat.sanimax.com\/fr\/traiter-les-airs-de-procedes-a-linterieur-de-lusine\/"},"author":{"name":"Nicolas Laflamme","@id":"https:\/\/rdp-pat.sanimax.com\/#\/schema\/person\/de4c027f6858c724ab46490c68601270"},"headline":"Traiter les airs de proc\u00e9d\u00e9s \u00e0 l\u2019int\u00e9rieur de l\u2019usine","datePublished":"2021-09-17T21:37:05+00:00","mainEntityOfPage":{"@id":"https:\/\/rdp-pat.sanimax.com\/fr\/traiter-les-airs-de-procedes-a-linterieur-de-lusine\/"},"wordCount":224,"image":{"@id":"https:\/\/rdp-pat.sanimax.com\/fr\/traiter-les-airs-de-procedes-a-linterieur-de-lusine\/#primaryimage"},"thumbnailUrl":"https:\/\/rdp-pat.sanimax.com\/wp-content\/uploads\/2020\/04\/background-accueil.jpg","articleSection":["Int\u00e9r\u00eat g\u00e9n\u00e9ral"],"inLanguage":"fr-FR"},{"@type":"WebPage","@id":"https:\/\/rdp-pat.sanimax.com\/fr\/traiter-les-airs-de-procedes-a-linterieur-de-lusine\/","url":"https:\/\/rdp-pat.sanimax.com\/fr\/traiter-les-airs-de-procedes-a-linterieur-de-lusine\/","name":"Traiter les airs de proc\u00e9d\u00e9s \u00e0 l\u2019int\u00e9rieur de l\u2019usine - RDP-sanimax","isPartOf":{"@id":"https:\/\/rdp-pat.sanimax.com\/#website"},"primaryImageOfPage":{"@id":"https:\/\/rdp-pat.sanimax.com\/fr\/traiter-les-airs-de-procedes-a-linterieur-de-lusine\/#primaryimage"},"image":{"@id":"https:\/\/rdp-pat.sanimax.com\/fr\/traiter-les-airs-de-procedes-a-linterieur-de-lusine\/#primaryimage"},"thumbnailUrl":"https:\/\/rdp-pat.sanimax.com\/wp-content\/uploads\/2020\/04\/background-accueil.jpg","datePublished":"2021-09-17T21:37:05+00:00","author":{"@id":"https:\/\/rdp-pat.sanimax.com\/#\/schema\/person\/de4c027f6858c724ab46490c68601270"},"breadcrumb":{"@id":"https:\/\/rdp-pat.sanimax.com\/fr\/traiter-les-airs-de-procedes-a-linterieur-de-lusine\/#breadcrumb"},"inLanguage":"fr-FR","potentialAction":[{"@type":"ReadAction","target":["https:\/\/rdp-pat.sanimax.com\/fr\/traiter-les-airs-de-procedes-a-linterieur-de-lusine\/"]}]},{"@type":"ImageObject","inLanguage":"fr-FR","@id":"https:\/\/rdp-pat.sanimax.com\/fr\/traiter-les-airs-de-procedes-a-linterieur-de-lusine\/#primaryimage","url":"https:\/\/rdp-pat.sanimax.com\/wp-content\/uploads\/2020\/04\/background-accueil.jpg","contentUrl":"https:\/\/rdp-pat.sanimax.com\/wp-content\/uploads\/2020\/04\/background-accueil.jpg"},{"@type":"BreadcrumbList","@id":"https:\/\/rdp-pat.sanimax.com\/fr\/traiter-les-airs-de-procedes-a-linterieur-de-lusine\/#breadcrumb","itemListElement":[{"@type":"ListItem","position":1,"name":"Accueil","item":"https:\/\/rdp-pat.sanimax.com\/fr\/"},{"@type":"ListItem","position":2,"name":"Traiter les airs de proc\u00e9d\u00e9s \u00e0 l\u2019int\u00e9rieur de l\u2019usine"}]},{"@type":"WebSite","@id":"https:\/\/rdp-pat.sanimax.com\/#website","url":"https:\/\/rdp-pat.sanimax.com\/","name":"RDP-sanimax","description":"","potentialAction":[{"@type":"SearchAction","target":{"@type":"EntryPoint","urlTemplate":"https:\/\/rdp-pat.sanimax.com\/?s={search_term_string}"},"query-input":{"@type":"PropertyValueSpecification","valueRequired":true,"valueName":"search_term_string"}}],"inLanguage":"fr-FR"},{"@type":"Person","@id":"https:\/\/rdp-pat.sanimax.com\/#\/schema\/person\/de4c027f6858c724ab46490c68601270","name":"Nicolas Laflamme","url":"https:\/\/rdp-pat.sanimax.com\/fr\/author\/nicolas\/"}]}},"_links":{"self":[{"href":"https:\/\/rdp-pat.sanimax.com\/fr\/wp-json\/wp\/v2\/posts\/2760","targetHints":{"allow":["GET"]}}],"collection":[{"href":"https:\/\/rdp-pat.sanimax.com\/fr\/wp-json\/wp\/v2\/posts"}],"about":[{"href":"https:\/\/rdp-pat.sanimax.com\/fr\/wp-json\/wp\/v2\/types\/post"}],"author":[{"embeddable":true,"href":"https:\/\/rdp-pat.sanimax.com\/fr\/wp-json\/wp\/v2\/users\/7"}],"replies":[{"embeddable":true,"href":"https:\/\/rdp-pat.sanimax.com\/fr\/wp-json\/wp\/v2\/comments?post=2760"}],"version-history":[{"count":0,"href":"https:\/\/rdp-pat.sanimax.com\/fr\/wp-json\/wp\/v2\/posts\/2760\/revisions"}],"wp:attachment":[{"href":"https:\/\/rdp-pat.sanimax.com\/fr\/wp-json\/wp\/v2\/media?parent=2760"}],"wp:term":[{"taxonomy":"category","embeddable":true,"href":"https:\/\/rdp-pat.sanimax.com\/fr\/wp-json\/wp\/v2\/categories?post=2760"},{"taxonomy":"post_tag","embeddable":true,"href":"https:\/\/rdp-pat.sanimax.com\/fr\/wp-json\/wp\/v2\/tags?post=2760"}],"curies":[{"name":"wp","href":"https:\/\/api.w.org\/{rel}","templated":true}]}}