{"id":2751,"date":"2021-09-03T17:00:14","date_gmt":"2021-09-03T22:00:14","guid":{"rendered":"https:\/\/rdp-pat.sanimax.com\/?p=2751"},"modified":"2021-09-03T17:00:14","modified_gmt":"2021-09-03T22:00:14","slug":"fin-de-semaine-de-la-fete-du-travail","status":"publish","type":"post","link":"https:\/\/rdp-pat.sanimax.com\/fr\/fin-de-semaine-de-la-fete-du-travail\/","title":{"rendered":"Fin de semaine de la f\u00eate du Travail"},"content":{"rendered":"\t\t<div class=\"et_pb_section et_pb_with_background et_section_regular breadcrumbs_section\">\r\n\t\t\t<div class=\" et_pb_row breadcrumbs_row\">\r\n\t\t\t\t<div class=\"et_pb_column et_pb_column_4_4 breadcrumbs_column\">\r\n\t\t\t\t\t<div class=\"et_pb_code et_pb_module breadcrumbs_module\">\r\n\t\t\t\t\t\t\t\t\t\t\t<\/div> <!-- .et_pb_code -->\r\n\t\t\t\t<\/div> <!-- .et_pb_column -->\r\n\t\t\t<\/div> <!-- .et_pb_row -->\r\n\t\t<\/div>\r\n\t\t<p>Chers membres de la communaut\u00e9,<\/p>\n<p>\u00c0 la veille de la fin de semaine de la f\u00eate du Travail, nous vous confirmons que les op\u00e9rations se d\u00e9roulent bien \u00e0 nouveau, ce qui nous permet de traiter la mati\u00e8re organique que nous recevons de mani\u00e8re fluide et efficace depuis le d\u00e9marrage au d\u00e9but de la semaine. Nos \u00e9quipes d\u2019ing\u00e9nierie, de production et de maintenance n\u2019entrevoient aucun enjeu qui pourrait avoir un quelconque impact pendant la longue fin de semaine.<\/p>\n<p>\u00c0 ce sujet, nous pr\u00e9voyons entamer le processus de fermeture de l\u2019usine ce samedi, en apr\u00e8s-midi et se devrait se terminer compl\u00e8tement dans la soir\u00e9e de samedi au plus tard et sans op\u00e9ration jusqu\u2019au mardi matin. En effet, nos employ\u00e9s sont mobilis\u00e9s et engag\u00e9s pour que l\u2019usine puisse r\u00e9aliser un autre d\u00e9marrage r\u00e9ussi et sans d\u00e9lai d\u00e8s mardi matin, pour pouvoir traiter efficacement la mati\u00e8re re\u00e7ue durant la prochaine semaine de quatre (4) jours pour les abattoirs. Nous travaillons ensemble afin de contribuer \u00e0 l\u2019\u00e9conomie circulaire du Qu\u00e9bec et r\u00e9pondre aux besoins de ses citoyens.<\/p>\n<p>Nous communiquerons avec vous de nouveau mardi prochain pour faire le point sur les op\u00e9rations au lendemain de ce jour f\u00e9ri\u00e9.<\/p>\n<p>Nous vous souhaitons une bonne fin de semaine de la f\u00eate du Travail.<\/p>\n","protected":false},"excerpt":{"rendered":"<p>Chers membres de la communaut\u00e9, \u00c0 la veille de la fin de semaine de la f\u00eate du Travail, nous vous confirmons que les op\u00e9rations se d\u00e9roulent bien \u00e0 nouveau, ce qui nous permet de traiter la mati\u00e8re organique que nous recevons de mani\u00e8re fluide et efficace depuis le d\u00e9marrage au d\u00e9but de la semaine. Nos [&hellip;]<\/p>\n","protected":false},"author":7,"featured_media":1904,"comment_status":"closed","ping_status":"closed","sticky":false,"template":"","format":"standard","meta":{"_acf_changed":false,"_et_pb_use_builder":"","_et_pb_old_content":"","_et_gb_content_width":"","_monsterinsights_skip_tracking":false,"_monsterinsights_sitenote_active":false,"_monsterinsights_sitenote_note":"","_monsterinsights_sitenote_category":0,"footnotes":""},"categories":[44],"tags":[],"class_list":["post-2751","post","type-post","status-publish","format-standard","has-post-thumbnail","hentry","category-interet-general"],"acf":[],"yoast_head":"<!-- This site is optimized with the Yoast SEO plugin v27.5 - https:\/\/yoast.com\/product\/yoast-seo-wordpress\/ -->\n<title>Fin de semaine de la f\u00eate du Travail - RDP-sanimax<\/title>\n<meta name=\"robots\" content=\"index, follow, max-snippet:-1, max-image-preview:large, max-video-preview:-1\" \/>\n<link rel=\"canonical\" href=\"https:\/\/rdp-pat.sanimax.com\/fr\/fin-de-semaine-de-la-fete-du-travail\/\" \/>\n<meta property=\"og:locale\" content=\"fr_FR\" \/>\n<meta property=\"og:type\" content=\"article\" \/>\n<meta property=\"og:title\" content=\"Fin de semaine de la f\u00eate du Travail - RDP-sanimax\" \/>\n<meta property=\"og:description\" content=\"Chers membres de la communaut\u00e9, \u00c0 la veille de la fin de semaine de la f\u00eate du Travail, nous vous confirmons que les op\u00e9rations se d\u00e9roulent bien \u00e0 nouveau, ce qui nous permet de traiter la mati\u00e8re organique que nous recevons de mani\u00e8re fluide et efficace depuis le d\u00e9marrage au d\u00e9but de la semaine. Nos [&hellip;]\" \/>\n<meta property=\"og:url\" content=\"https:\/\/rdp-pat.sanimax.com\/fr\/fin-de-semaine-de-la-fete-du-travail\/\" \/>\n<meta property=\"og:site_name\" content=\"RDP-sanimax\" \/>\n<meta property=\"article:published_time\" content=\"2021-09-03T22:00:14+00:00\" \/>\n<meta property=\"og:image\" content=\"https:\/\/rdp-pat.sanimax.com\/wp-content\/uploads\/2020\/04\/background-accueil.jpg\" \/>\n\t<meta property=\"og:image:width\" content=\"1920\" \/>\n\t<meta property=\"og:image:height\" content=\"1281\" \/>\n\t<meta property=\"og:image:type\" content=\"image\/jpeg\" \/>\n<meta name=\"author\" content=\"Nicolas Laflamme\" \/>\n<meta name=\"twitter:card\" content=\"summary_large_image\" \/>\n<meta name=\"twitter:label1\" content=\"\u00c9crit par\" \/>\n\t<meta name=\"twitter:data1\" content=\"Nicolas Laflamme\" \/>\n\t<meta name=\"twitter:label2\" content=\"Dur\u00e9e de lecture estim\u00e9e\" \/>\n\t<meta name=\"twitter:data2\" content=\"1 minute\" \/>\n<script type=\"application\/ld+json\" class=\"yoast-schema-graph\">{\"@context\":\"https:\\\/\\\/schema.org\",\"@graph\":[{\"@type\":\"Article\",\"@id\":\"https:\\\/\\\/rdp-pat.sanimax.com\\\/fr\\\/fin-de-semaine-de-la-fete-du-travail\\\/#article\",\"isPartOf\":{\"@id\":\"https:\\\/\\\/rdp-pat.sanimax.com\\\/fr\\\/fin-de-semaine-de-la-fete-du-travail\\\/\"},\"author\":{\"name\":\"Nicolas Laflamme\",\"@id\":\"https:\\\/\\\/rdp-pat.sanimax.com\\\/#\\\/schema\\\/person\\\/de4c027f6858c724ab46490c68601270\"},\"headline\":\"Fin de semaine de la f\u00eate du Travail\",\"datePublished\":\"2021-09-03T22:00:14+00:00\",\"mainEntityOfPage\":{\"@id\":\"https:\\\/\\\/rdp-pat.sanimax.com\\\/fr\\\/fin-de-semaine-de-la-fete-du-travail\\\/\"},\"wordCount\":244,\"image\":{\"@id\":\"https:\\\/\\\/rdp-pat.sanimax.com\\\/fr\\\/fin-de-semaine-de-la-fete-du-travail\\\/#primaryimage\"},\"thumbnailUrl\":\"https:\\\/\\\/rdp-pat.sanimax.com\\\/wp-content\\\/uploads\\\/2020\\\/04\\\/background-accueil.jpg\",\"articleSection\":[\"Int\u00e9r\u00eat g\u00e9n\u00e9ral\"],\"inLanguage\":\"fr-FR\"},{\"@type\":\"WebPage\",\"@id\":\"https:\\\/\\\/rdp-pat.sanimax.com\\\/fr\\\/fin-de-semaine-de-la-fete-du-travail\\\/\",\"url\":\"https:\\\/\\\/rdp-pat.sanimax.com\\\/fr\\\/fin-de-semaine-de-la-fete-du-travail\\\/\",\"name\":\"Fin de semaine de la f\u00eate du Travail - RDP-sanimax\",\"isPartOf\":{\"@id\":\"https:\\\/\\\/rdp-pat.sanimax.com\\\/#website\"},\"primaryImageOfPage\":{\"@id\":\"https:\\\/\\\/rdp-pat.sanimax.com\\\/fr\\\/fin-de-semaine-de-la-fete-du-travail\\\/#primaryimage\"},\"image\":{\"@id\":\"https:\\\/\\\/rdp-pat.sanimax.com\\\/fr\\\/fin-de-semaine-de-la-fete-du-travail\\\/#primaryimage\"},\"thumbnailUrl\":\"https:\\\/\\\/rdp-pat.sanimax.com\\\/wp-content\\\/uploads\\\/2020\\\/04\\\/background-accueil.jpg\",\"datePublished\":\"2021-09-03T22:00:14+00:00\",\"author\":{\"@id\":\"https:\\\/\\\/rdp-pat.sanimax.com\\\/#\\\/schema\\\/person\\\/de4c027f6858c724ab46490c68601270\"},\"breadcrumb\":{\"@id\":\"https:\\\/\\\/rdp-pat.sanimax.com\\\/fr\\\/fin-de-semaine-de-la-fete-du-travail\\\/#breadcrumb\"},\"inLanguage\":\"fr-FR\",\"potentialAction\":[{\"@type\":\"ReadAction\",\"target\":[\"https:\\\/\\\/rdp-pat.sanimax.com\\\/fr\\\/fin-de-semaine-de-la-fete-du-travail\\\/\"]}]},{\"@type\":\"ImageObject\",\"inLanguage\":\"fr-FR\",\"@id\":\"https:\\\/\\\/rdp-pat.sanimax.com\\\/fr\\\/fin-de-semaine-de-la-fete-du-travail\\\/#primaryimage\",\"url\":\"https:\\\/\\\/rdp-pat.sanimax.com\\\/wp-content\\\/uploads\\\/2020\\\/04\\\/background-accueil.jpg\",\"contentUrl\":\"https:\\\/\\\/rdp-pat.sanimax.com\\\/wp-content\\\/uploads\\\/2020\\\/04\\\/background-accueil.jpg\",\"width\":1920,\"height\":1281,\"caption\":\"Comit\u00e9 des citoyens de Rivi\u00e8re-des-Prairies\u2013Pointe-aux-Trembles et de Sanimax\"},{\"@type\":\"BreadcrumbList\",\"@id\":\"https:\\\/\\\/rdp-pat.sanimax.com\\\/fr\\\/fin-de-semaine-de-la-fete-du-travail\\\/#breadcrumb\",\"itemListElement\":[{\"@type\":\"ListItem\",\"position\":1,\"name\":\"Accueil\",\"item\":\"https:\\\/\\\/rdp-pat.sanimax.com\\\/fr\\\/\"},{\"@type\":\"ListItem\",\"position\":2,\"name\":\"Fin de semaine de la f\u00eate du Travail\"}]},{\"@type\":\"WebSite\",\"@id\":\"https:\\\/\\\/rdp-pat.sanimax.com\\\/#website\",\"url\":\"https:\\\/\\\/rdp-pat.sanimax.com\\\/\",\"name\":\"RDP-sanimax\",\"description\":\"\",\"potentialAction\":[{\"@type\":\"SearchAction\",\"target\":{\"@type\":\"EntryPoint\",\"urlTemplate\":\"https:\\\/\\\/rdp-pat.sanimax.com\\\/?s={search_term_string}\"},\"query-input\":{\"@type\":\"PropertyValueSpecification\",\"valueRequired\":true,\"valueName\":\"search_term_string\"}}],\"inLanguage\":\"fr-FR\"},{\"@type\":\"Person\",\"@id\":\"https:\\\/\\\/rdp-pat.sanimax.com\\\/#\\\/schema\\\/person\\\/de4c027f6858c724ab46490c68601270\",\"name\":\"Nicolas Laflamme\",\"url\":\"https:\\\/\\\/rdp-pat.sanimax.com\\\/fr\\\/author\\\/nicolas\\\/\"}]}<\/script>\n<!-- \/ Yoast SEO plugin. -->","yoast_head_json":{"title":"Fin de semaine de la f\u00eate du Travail - RDP-sanimax","robots":{"index":"index","follow":"follow","max-snippet":"max-snippet:-1","max-image-preview":"max-image-preview:large","max-video-preview":"max-video-preview:-1"},"canonical":"https:\/\/rdp-pat.sanimax.com\/fr\/fin-de-semaine-de-la-fete-du-travail\/","og_locale":"fr_FR","og_type":"article","og_title":"Fin de semaine de la f\u00eate du Travail - RDP-sanimax","og_description":"Chers membres de la communaut\u00e9, \u00c0 la veille de la fin de semaine de la f\u00eate du Travail, nous vous confirmons que les op\u00e9rations se d\u00e9roulent bien \u00e0 nouveau, ce qui nous permet de traiter la mati\u00e8re organique que nous recevons de mani\u00e8re fluide et efficace depuis le d\u00e9marrage au d\u00e9but de la semaine. Nos [&hellip;]","og_url":"https:\/\/rdp-pat.sanimax.com\/fr\/fin-de-semaine-de-la-fete-du-travail\/","og_site_name":"RDP-sanimax","article_published_time":"2021-09-03T22:00:14+00:00","og_image":[{"width":1920,"height":1281,"url":"https:\/\/rdp-pat.sanimax.com\/wp-content\/uploads\/2020\/04\/background-accueil.jpg","type":"image\/jpeg"}],"author":"Nicolas Laflamme","twitter_card":"summary_large_image","twitter_misc":{"\u00c9crit par":"Nicolas Laflamme","Dur\u00e9e de lecture estim\u00e9e":"1 minute"},"schema":{"@context":"https:\/\/schema.org","@graph":[{"@type":"Article","@id":"https:\/\/rdp-pat.sanimax.com\/fr\/fin-de-semaine-de-la-fete-du-travail\/#article","isPartOf":{"@id":"https:\/\/rdp-pat.sanimax.com\/fr\/fin-de-semaine-de-la-fete-du-travail\/"},"author":{"name":"Nicolas Laflamme","@id":"https:\/\/rdp-pat.sanimax.com\/#\/schema\/person\/de4c027f6858c724ab46490c68601270"},"headline":"Fin de semaine de la f\u00eate du Travail","datePublished":"2021-09-03T22:00:14+00:00","mainEntityOfPage":{"@id":"https:\/\/rdp-pat.sanimax.com\/fr\/fin-de-semaine-de-la-fete-du-travail\/"},"wordCount":244,"image":{"@id":"https:\/\/rdp-pat.sanimax.com\/fr\/fin-de-semaine-de-la-fete-du-travail\/#primaryimage"},"thumbnailUrl":"https:\/\/rdp-pat.sanimax.com\/wp-content\/uploads\/2020\/04\/background-accueil.jpg","articleSection":["Int\u00e9r\u00eat g\u00e9n\u00e9ral"],"inLanguage":"fr-FR"},{"@type":"WebPage","@id":"https:\/\/rdp-pat.sanimax.com\/fr\/fin-de-semaine-de-la-fete-du-travail\/","url":"https:\/\/rdp-pat.sanimax.com\/fr\/fin-de-semaine-de-la-fete-du-travail\/","name":"Fin de semaine de la f\u00eate du Travail - RDP-sanimax","isPartOf":{"@id":"https:\/\/rdp-pat.sanimax.com\/#website"},"primaryImageOfPage":{"@id":"https:\/\/rdp-pat.sanimax.com\/fr\/fin-de-semaine-de-la-fete-du-travail\/#primaryimage"},"image":{"@id":"https:\/\/rdp-pat.sanimax.com\/fr\/fin-de-semaine-de-la-fete-du-travail\/#primaryimage"},"thumbnailUrl":"https:\/\/rdp-pat.sanimax.com\/wp-content\/uploads\/2020\/04\/background-accueil.jpg","datePublished":"2021-09-03T22:00:14+00:00","author":{"@id":"https:\/\/rdp-pat.sanimax.com\/#\/schema\/person\/de4c027f6858c724ab46490c68601270"},"breadcrumb":{"@id":"https:\/\/rdp-pat.sanimax.com\/fr\/fin-de-semaine-de-la-fete-du-travail\/#breadcrumb"},"inLanguage":"fr-FR","potentialAction":[{"@type":"ReadAction","target":["https:\/\/rdp-pat.sanimax.com\/fr\/fin-de-semaine-de-la-fete-du-travail\/"]}]},{"@type":"ImageObject","inLanguage":"fr-FR","@id":"https:\/\/rdp-pat.sanimax.com\/fr\/fin-de-semaine-de-la-fete-du-travail\/#primaryimage","url":"https:\/\/rdp-pat.sanimax.com\/wp-content\/uploads\/2020\/04\/background-accueil.jpg","contentUrl":"https:\/\/rdp-pat.sanimax.com\/wp-content\/uploads\/2020\/04\/background-accueil.jpg","width":1920,"height":1281,"caption":"Comit\u00e9 des citoyens de Rivi\u00e8re-des-Prairies\u2013Pointe-aux-Trembles et de Sanimax"},{"@type":"BreadcrumbList","@id":"https:\/\/rdp-pat.sanimax.com\/fr\/fin-de-semaine-de-la-fete-du-travail\/#breadcrumb","itemListElement":[{"@type":"ListItem","position":1,"name":"Accueil","item":"https:\/\/rdp-pat.sanimax.com\/fr\/"},{"@type":"ListItem","position":2,"name":"Fin de semaine de la f\u00eate du Travail"}]},{"@type":"WebSite","@id":"https:\/\/rdp-pat.sanimax.com\/#website","url":"https:\/\/rdp-pat.sanimax.com\/","name":"RDP-sanimax","description":"","potentialAction":[{"@type":"SearchAction","target":{"@type":"EntryPoint","urlTemplate":"https:\/\/rdp-pat.sanimax.com\/?s={search_term_string}"},"query-input":{"@type":"PropertyValueSpecification","valueRequired":true,"valueName":"search_term_string"}}],"inLanguage":"fr-FR"},{"@type":"Person","@id":"https:\/\/rdp-pat.sanimax.com\/#\/schema\/person\/de4c027f6858c724ab46490c68601270","name":"Nicolas Laflamme","url":"https:\/\/rdp-pat.sanimax.com\/fr\/author\/nicolas\/"}]}},"_links":{"self":[{"href":"https:\/\/rdp-pat.sanimax.com\/fr\/wp-json\/wp\/v2\/posts\/2751","targetHints":{"allow":["GET"]}}],"collection":[{"href":"https:\/\/rdp-pat.sanimax.com\/fr\/wp-json\/wp\/v2\/posts"}],"about":[{"href":"https:\/\/rdp-pat.sanimax.com\/fr\/wp-json\/wp\/v2\/types\/post"}],"author":[{"embeddable":true,"href":"https:\/\/rdp-pat.sanimax.com\/fr\/wp-json\/wp\/v2\/users\/7"}],"replies":[{"embeddable":true,"href":"https:\/\/rdp-pat.sanimax.com\/fr\/wp-json\/wp\/v2\/comments?post=2751"}],"version-history":[{"count":0,"href":"https:\/\/rdp-pat.sanimax.com\/fr\/wp-json\/wp\/v2\/posts\/2751\/revisions"}],"wp:featuredmedia":[{"embeddable":true,"href":"https:\/\/rdp-pat.sanimax.com\/fr\/wp-json\/wp\/v2\/media\/1904"}],"wp:attachment":[{"href":"https:\/\/rdp-pat.sanimax.com\/fr\/wp-json\/wp\/v2\/media?parent=2751"}],"wp:term":[{"taxonomy":"category","embeddable":true,"href":"https:\/\/rdp-pat.sanimax.com\/fr\/wp-json\/wp\/v2\/categories?post=2751"},{"taxonomy":"post_tag","embeddable":true,"href":"https:\/\/rdp-pat.sanimax.com\/fr\/wp-json\/wp\/v2\/tags?post=2751"}],"curies":[{"name":"wp","href":"https:\/\/api.w.org\/{rel}","templated":true}]}}