{"id":2711,"date":"2021-07-16T16:58:25","date_gmt":"2021-07-16T21:58:25","guid":{"rendered":"https:\/\/rdp-pat.sanimax.com\/?p=2711"},"modified":"2021-07-16T16:58:25","modified_gmt":"2021-07-16T21:58:25","slug":"etat-de-situation-mise-a-jour-du-16-juillet","status":"publish","type":"post","link":"https:\/\/rdp-pat.sanimax.com\/fr\/etat-de-situation-mise-a-jour-du-16-juillet\/","title":{"rendered":"\u00c9tat de situation : Mise \u00e0 jour du 16 juillet"},"content":{"rendered":"\t\t<div class=\"et_pb_section et_pb_with_background et_section_regular breadcrumbs_section\">\r\n\t\t\t<div class=\" et_pb_row breadcrumbs_row\">\r\n\t\t\t\t<div class=\"et_pb_column et_pb_column_4_4 breadcrumbs_column\">\r\n\t\t\t\t\t<div class=\"et_pb_code et_pb_module breadcrumbs_module\">\r\n\t\t\t\t\t\t\t\t\t\t\t<\/div> <!-- .et_pb_code -->\r\n\t\t\t\t<\/div> <!-- .et_pb_column -->\r\n\t\t\t<\/div> <!-- .et_pb_row -->\r\n\t\t<\/div>\r\n\t\t<p>Chers membres de la communaut\u00e9,<\/p>\n<p>Voici une mise \u00e0 jour concernant la situation survenue mercredi impliquant l\u2019une des composantes de nos s\u00e9parateurs de mati\u00e8re organique qui a eu pour impact de ralentir l\u00e9g\u00e8rement le traitement de la mati\u00e8re organique.<\/p>\n<p>Depuis mercredi, notre \u00e9quipe a d\u00e9ploy\u00e9 plusieurs mesures pour faire un suivi serr\u00e9 des op\u00e9rations et limiter au minimum les impacts de cette situation dans le quartier, notamment\u00a0:<\/p>\n<ul>\n<li>Tourn\u00e9e syst\u00e9matique dans le quartier r\u00e9alis\u00e9e chaque heure pour d\u00e9tecter les odeurs et prendre action, le cas \u00e9ch\u00e9ant;<\/li>\n<li>Communication ouverte avec les inspecteurs du Service de l\u2019environnement de la Ville de Montr\u00e9al;<\/li>\n<li>Mise \u00e0 jour et r\u00e9vision plus fr\u00e9quente (2 fois par jour) du plan logistique pour adapter le transport \u00e0 l\u2019\u00e9volution de la situation \u00e0 l\u2019usine;<\/li>\n<li>R\u00e9duction des volumes re\u00e7us \u00e0 l\u2019usine de Montr\u00e9al par la redistribution de voyages de mati\u00e8re organique dans les autres installations;<\/li>\n<li>Nettoyage en profondeur de la cour par balai m\u00e9canique, effectu\u00e9 syst\u00e9matiquement chaque matin;<\/li>\n<li>Concertation continue avec l\u2019\u00e9quipe d\u2019ing\u00e9nierie pour veiller \u00e0 la stabilit\u00e9 et la gestion optimale des op\u00e9rations;<\/li>\n<li>Communication transparente avec la Ville de Montr\u00e9al et l\u2019arrondissement de RDP-PAT.<\/li>\n<\/ul>\n<p>Notre \u00e9quipe planifie actuellement les diff\u00e9rentes actions de maintenance \u00e0 r\u00e9aliser durant la fin de semaine; l\u2019usine fermera comme planifi\u00e9 samedi en journ\u00e9e et le remplacement de la composante pr\u00e9matur\u00e9ment us\u00e9e est pr\u00e9vu pour dimanche.<\/p>\n","protected":false},"excerpt":{"rendered":"<p>Chers membres de la communaut\u00e9, Voici une mise \u00e0 jour concernant la situation survenue mercredi impliquant l\u2019une des composantes de nos s\u00e9parateurs de mati\u00e8re organique qui a eu pour impact de ralentir l\u00e9g\u00e8rement le traitement de la mati\u00e8re organique. Depuis mercredi, notre \u00e9quipe a d\u00e9ploy\u00e9 plusieurs mesures pour faire un suivi serr\u00e9 des op\u00e9rations et [&hellip;]<\/p>\n","protected":false},"author":7,"featured_media":1903,"comment_status":"closed","ping_status":"closed","sticky":false,"template":"","format":"standard","meta":{"_acf_changed":false,"_et_pb_use_builder":"","_et_pb_old_content":"","_et_gb_content_width":"","_monsterinsights_skip_tracking":false,"_monsterinsights_sitenote_active":false,"_monsterinsights_sitenote_note":"","_monsterinsights_sitenote_category":0,"footnotes":""},"categories":[43],"tags":[],"class_list":["post-2711","post","type-post","status-publish","format-standard","has-post-thumbnail","hentry","category-operation-durgence"],"acf":[],"yoast_head":"<!-- This site is optimized with the Yoast SEO plugin v27.4 - https:\/\/yoast.com\/product\/yoast-seo-wordpress\/ -->\n<title>\u00c9tat de situation : Mise \u00e0 jour du 16 juillet - RDP-sanimax<\/title>\n<meta name=\"robots\" content=\"index, follow, max-snippet:-1, max-image-preview:large, max-video-preview:-1\" \/>\n<link rel=\"canonical\" href=\"https:\/\/rdp-pat.sanimax.com\/fr\/etat-de-situation-mise-a-jour-du-16-juillet\/\" \/>\n<meta property=\"og:locale\" content=\"fr_FR\" \/>\n<meta property=\"og:type\" content=\"article\" \/>\n<meta property=\"og:title\" content=\"\u00c9tat de situation : Mise \u00e0 jour du 16 juillet - RDP-sanimax\" \/>\n<meta property=\"og:description\" content=\"Chers membres de la communaut\u00e9, Voici une mise \u00e0 jour concernant la situation survenue mercredi impliquant l\u2019une des composantes de nos s\u00e9parateurs de mati\u00e8re organique qui a eu pour impact de ralentir l\u00e9g\u00e8rement le traitement de la mati\u00e8re organique. Depuis mercredi, notre \u00e9quipe a d\u00e9ploy\u00e9 plusieurs mesures pour faire un suivi serr\u00e9 des op\u00e9rations et [&hellip;]\" \/>\n<meta property=\"og:url\" content=\"https:\/\/rdp-pat.sanimax.com\/fr\/etat-de-situation-mise-a-jour-du-16-juillet\/\" \/>\n<meta property=\"og:site_name\" content=\"RDP-sanimax\" \/>\n<meta property=\"article:published_time\" content=\"2021-07-16T21:58:25+00:00\" \/>\n<meta property=\"og:image\" content=\"https:\/\/rdp-pat.sanimax.com\/wp-content\/uploads\/2020\/04\/background-accueil.jpg\" \/>\n\t<meta property=\"og:image:width\" content=\"1920\" \/>\n\t<meta property=\"og:image:height\" content=\"1281\" \/>\n\t<meta property=\"og:image:type\" content=\"image\/jpeg\" \/>\n<meta name=\"author\" content=\"Nicolas Laflamme\" \/>\n<meta name=\"twitter:card\" content=\"summary_large_image\" \/>\n<meta name=\"twitter:label1\" content=\"\u00c9crit par\" \/>\n\t<meta name=\"twitter:data1\" content=\"Nicolas Laflamme\" \/>\n\t<meta name=\"twitter:label2\" content=\"Dur\u00e9e de lecture estim\u00e9e\" \/>\n\t<meta name=\"twitter:data2\" content=\"1 minute\" \/>\n<script type=\"application\/ld+json\" class=\"yoast-schema-graph\">{\"@context\":\"https:\\\/\\\/schema.org\",\"@graph\":[{\"@type\":\"Article\",\"@id\":\"https:\\\/\\\/rdp-pat.sanimax.com\\\/fr\\\/etat-de-situation-mise-a-jour-du-16-juillet\\\/#article\",\"isPartOf\":{\"@id\":\"https:\\\/\\\/rdp-pat.sanimax.com\\\/fr\\\/etat-de-situation-mise-a-jour-du-16-juillet\\\/\"},\"author\":{\"name\":\"Nicolas Laflamme\",\"@id\":\"https:\\\/\\\/rdp-pat.sanimax.com\\\/#\\\/schema\\\/person\\\/de4c027f6858c724ab46490c68601270\"},\"headline\":\"\u00c9tat de situation : Mise \u00e0 jour du 16 juillet\",\"datePublished\":\"2021-07-16T21:58:25+00:00\",\"mainEntityOfPage\":{\"@id\":\"https:\\\/\\\/rdp-pat.sanimax.com\\\/fr\\\/etat-de-situation-mise-a-jour-du-16-juillet\\\/\"},\"wordCount\":259,\"image\":{\"@id\":\"https:\\\/\\\/rdp-pat.sanimax.com\\\/fr\\\/etat-de-situation-mise-a-jour-du-16-juillet\\\/#primaryimage\"},\"thumbnailUrl\":\"https:\\\/\\\/rdp-pat.sanimax.com\\\/wp-content\\\/uploads\\\/2020\\\/04\\\/background-accueil.jpg\",\"articleSection\":[\"Op\u00e9ration d'urgence\"],\"inLanguage\":\"fr-FR\"},{\"@type\":\"WebPage\",\"@id\":\"https:\\\/\\\/rdp-pat.sanimax.com\\\/fr\\\/etat-de-situation-mise-a-jour-du-16-juillet\\\/\",\"url\":\"https:\\\/\\\/rdp-pat.sanimax.com\\\/fr\\\/etat-de-situation-mise-a-jour-du-16-juillet\\\/\",\"name\":\"\u00c9tat de situation : Mise \u00e0 jour du 16 juillet - RDP-sanimax\",\"isPartOf\":{\"@id\":\"https:\\\/\\\/rdp-pat.sanimax.com\\\/#website\"},\"primaryImageOfPage\":{\"@id\":\"https:\\\/\\\/rdp-pat.sanimax.com\\\/fr\\\/etat-de-situation-mise-a-jour-du-16-juillet\\\/#primaryimage\"},\"image\":{\"@id\":\"https:\\\/\\\/rdp-pat.sanimax.com\\\/fr\\\/etat-de-situation-mise-a-jour-du-16-juillet\\\/#primaryimage\"},\"thumbnailUrl\":\"https:\\\/\\\/rdp-pat.sanimax.com\\\/wp-content\\\/uploads\\\/2020\\\/04\\\/background-accueil.jpg\",\"datePublished\":\"2021-07-16T21:58:25+00:00\",\"author\":{\"@id\":\"https:\\\/\\\/rdp-pat.sanimax.com\\\/#\\\/schema\\\/person\\\/de4c027f6858c724ab46490c68601270\"},\"breadcrumb\":{\"@id\":\"https:\\\/\\\/rdp-pat.sanimax.com\\\/fr\\\/etat-de-situation-mise-a-jour-du-16-juillet\\\/#breadcrumb\"},\"inLanguage\":\"fr-FR\",\"potentialAction\":[{\"@type\":\"ReadAction\",\"target\":[\"https:\\\/\\\/rdp-pat.sanimax.com\\\/fr\\\/etat-de-situation-mise-a-jour-du-16-juillet\\\/\"]}]},{\"@type\":\"ImageObject\",\"inLanguage\":\"fr-FR\",\"@id\":\"https:\\\/\\\/rdp-pat.sanimax.com\\\/fr\\\/etat-de-situation-mise-a-jour-du-16-juillet\\\/#primaryimage\",\"url\":\"https:\\\/\\\/rdp-pat.sanimax.com\\\/wp-content\\\/uploads\\\/2020\\\/04\\\/background-accueil.jpg\",\"contentUrl\":\"https:\\\/\\\/rdp-pat.sanimax.com\\\/wp-content\\\/uploads\\\/2020\\\/04\\\/background-accueil.jpg\",\"width\":\"1920\",\"height\":\"1281\",\"caption\":\"Comit\u00e9 des citoyens de Rivi\u00e8re-des-Prairies\u2013Pointe-aux-Trembles et de Sanimax\"},{\"@type\":\"BreadcrumbList\",\"@id\":\"https:\\\/\\\/rdp-pat.sanimax.com\\\/fr\\\/etat-de-situation-mise-a-jour-du-16-juillet\\\/#breadcrumb\",\"itemListElement\":[{\"@type\":\"ListItem\",\"position\":1,\"name\":\"Accueil\",\"item\":\"https:\\\/\\\/rdp-pat.sanimax.com\\\/fr\\\/\"},{\"@type\":\"ListItem\",\"position\":2,\"name\":\"\u00c9tat de situation : Mise \u00e0 jour du 16 juillet\"}]},{\"@type\":\"WebSite\",\"@id\":\"https:\\\/\\\/rdp-pat.sanimax.com\\\/#website\",\"url\":\"https:\\\/\\\/rdp-pat.sanimax.com\\\/\",\"name\":\"RDP-sanimax\",\"description\":\"\",\"potentialAction\":[{\"@type\":\"SearchAction\",\"target\":{\"@type\":\"EntryPoint\",\"urlTemplate\":\"https:\\\/\\\/rdp-pat.sanimax.com\\\/?s={search_term_string}\"},\"query-input\":{\"@type\":\"PropertyValueSpecification\",\"valueRequired\":true,\"valueName\":\"search_term_string\"}}],\"inLanguage\":\"fr-FR\"},{\"@type\":\"Person\",\"@id\":\"https:\\\/\\\/rdp-pat.sanimax.com\\\/#\\\/schema\\\/person\\\/de4c027f6858c724ab46490c68601270\",\"name\":\"Nicolas Laflamme\",\"url\":\"https:\\\/\\\/rdp-pat.sanimax.com\\\/fr\\\/author\\\/nicolas\\\/\"}]}<\/script>\n<!-- \/ Yoast SEO plugin. -->","yoast_head_json":{"title":"\u00c9tat de situation : Mise \u00e0 jour du 16 juillet - RDP-sanimax","robots":{"index":"index","follow":"follow","max-snippet":"max-snippet:-1","max-image-preview":"max-image-preview:large","max-video-preview":"max-video-preview:-1"},"canonical":"https:\/\/rdp-pat.sanimax.com\/fr\/etat-de-situation-mise-a-jour-du-16-juillet\/","og_locale":"fr_FR","og_type":"article","og_title":"\u00c9tat de situation : Mise \u00e0 jour du 16 juillet - RDP-sanimax","og_description":"Chers membres de la communaut\u00e9, Voici une mise \u00e0 jour concernant la situation survenue mercredi impliquant l\u2019une des composantes de nos s\u00e9parateurs de mati\u00e8re organique qui a eu pour impact de ralentir l\u00e9g\u00e8rement le traitement de la mati\u00e8re organique. Depuis mercredi, notre \u00e9quipe a d\u00e9ploy\u00e9 plusieurs mesures pour faire un suivi serr\u00e9 des op\u00e9rations et [&hellip;]","og_url":"https:\/\/rdp-pat.sanimax.com\/fr\/etat-de-situation-mise-a-jour-du-16-juillet\/","og_site_name":"RDP-sanimax","article_published_time":"2021-07-16T21:58:25+00:00","og_image":[{"width":1920,"height":1281,"url":"https:\/\/rdp-pat.sanimax.com\/wp-content\/uploads\/2020\/04\/background-accueil.jpg","type":"image\/jpeg"}],"author":"Nicolas Laflamme","twitter_card":"summary_large_image","twitter_misc":{"\u00c9crit par":"Nicolas Laflamme","Dur\u00e9e de lecture estim\u00e9e":"1 minute"},"schema":{"@context":"https:\/\/schema.org","@graph":[{"@type":"Article","@id":"https:\/\/rdp-pat.sanimax.com\/fr\/etat-de-situation-mise-a-jour-du-16-juillet\/#article","isPartOf":{"@id":"https:\/\/rdp-pat.sanimax.com\/fr\/etat-de-situation-mise-a-jour-du-16-juillet\/"},"author":{"name":"Nicolas Laflamme","@id":"https:\/\/rdp-pat.sanimax.com\/#\/schema\/person\/de4c027f6858c724ab46490c68601270"},"headline":"\u00c9tat de situation : Mise \u00e0 jour du 16 juillet","datePublished":"2021-07-16T21:58:25+00:00","mainEntityOfPage":{"@id":"https:\/\/rdp-pat.sanimax.com\/fr\/etat-de-situation-mise-a-jour-du-16-juillet\/"},"wordCount":259,"image":{"@id":"https:\/\/rdp-pat.sanimax.com\/fr\/etat-de-situation-mise-a-jour-du-16-juillet\/#primaryimage"},"thumbnailUrl":"https:\/\/rdp-pat.sanimax.com\/wp-content\/uploads\/2020\/04\/background-accueil.jpg","articleSection":["Op\u00e9ration d'urgence"],"inLanguage":"fr-FR"},{"@type":"WebPage","@id":"https:\/\/rdp-pat.sanimax.com\/fr\/etat-de-situation-mise-a-jour-du-16-juillet\/","url":"https:\/\/rdp-pat.sanimax.com\/fr\/etat-de-situation-mise-a-jour-du-16-juillet\/","name":"\u00c9tat de situation : Mise \u00e0 jour du 16 juillet - RDP-sanimax","isPartOf":{"@id":"https:\/\/rdp-pat.sanimax.com\/#website"},"primaryImageOfPage":{"@id":"https:\/\/rdp-pat.sanimax.com\/fr\/etat-de-situation-mise-a-jour-du-16-juillet\/#primaryimage"},"image":{"@id":"https:\/\/rdp-pat.sanimax.com\/fr\/etat-de-situation-mise-a-jour-du-16-juillet\/#primaryimage"},"thumbnailUrl":"https:\/\/rdp-pat.sanimax.com\/wp-content\/uploads\/2020\/04\/background-accueil.jpg","datePublished":"2021-07-16T21:58:25+00:00","author":{"@id":"https:\/\/rdp-pat.sanimax.com\/#\/schema\/person\/de4c027f6858c724ab46490c68601270"},"breadcrumb":{"@id":"https:\/\/rdp-pat.sanimax.com\/fr\/etat-de-situation-mise-a-jour-du-16-juillet\/#breadcrumb"},"inLanguage":"fr-FR","potentialAction":[{"@type":"ReadAction","target":["https:\/\/rdp-pat.sanimax.com\/fr\/etat-de-situation-mise-a-jour-du-16-juillet\/"]}]},{"@type":"ImageObject","inLanguage":"fr-FR","@id":"https:\/\/rdp-pat.sanimax.com\/fr\/etat-de-situation-mise-a-jour-du-16-juillet\/#primaryimage","url":"https:\/\/rdp-pat.sanimax.com\/wp-content\/uploads\/2020\/04\/background-accueil.jpg","contentUrl":"https:\/\/rdp-pat.sanimax.com\/wp-content\/uploads\/2020\/04\/background-accueil.jpg","width":"1920","height":"1281","caption":"Comit\u00e9 des citoyens de Rivi\u00e8re-des-Prairies\u2013Pointe-aux-Trembles et de Sanimax"},{"@type":"BreadcrumbList","@id":"https:\/\/rdp-pat.sanimax.com\/fr\/etat-de-situation-mise-a-jour-du-16-juillet\/#breadcrumb","itemListElement":[{"@type":"ListItem","position":1,"name":"Accueil","item":"https:\/\/rdp-pat.sanimax.com\/fr\/"},{"@type":"ListItem","position":2,"name":"\u00c9tat de situation : Mise \u00e0 jour du 16 juillet"}]},{"@type":"WebSite","@id":"https:\/\/rdp-pat.sanimax.com\/#website","url":"https:\/\/rdp-pat.sanimax.com\/","name":"RDP-sanimax","description":"","potentialAction":[{"@type":"SearchAction","target":{"@type":"EntryPoint","urlTemplate":"https:\/\/rdp-pat.sanimax.com\/?s={search_term_string}"},"query-input":{"@type":"PropertyValueSpecification","valueRequired":true,"valueName":"search_term_string"}}],"inLanguage":"fr-FR"},{"@type":"Person","@id":"https:\/\/rdp-pat.sanimax.com\/#\/schema\/person\/de4c027f6858c724ab46490c68601270","name":"Nicolas Laflamme","url":"https:\/\/rdp-pat.sanimax.com\/fr\/author\/nicolas\/"}]}},"_links":{"self":[{"href":"https:\/\/rdp-pat.sanimax.com\/fr\/wp-json\/wp\/v2\/posts\/2711","targetHints":{"allow":["GET"]}}],"collection":[{"href":"https:\/\/rdp-pat.sanimax.com\/fr\/wp-json\/wp\/v2\/posts"}],"about":[{"href":"https:\/\/rdp-pat.sanimax.com\/fr\/wp-json\/wp\/v2\/types\/post"}],"author":[{"embeddable":true,"href":"https:\/\/rdp-pat.sanimax.com\/fr\/wp-json\/wp\/v2\/users\/7"}],"replies":[{"embeddable":true,"href":"https:\/\/rdp-pat.sanimax.com\/fr\/wp-json\/wp\/v2\/comments?post=2711"}],"version-history":[{"count":0,"href":"https:\/\/rdp-pat.sanimax.com\/fr\/wp-json\/wp\/v2\/posts\/2711\/revisions"}],"wp:featuredmedia":[{"embeddable":true,"href":"https:\/\/rdp-pat.sanimax.com\/fr\/wp-json\/wp\/v2\/media\/1903"}],"wp:attachment":[{"href":"https:\/\/rdp-pat.sanimax.com\/fr\/wp-json\/wp\/v2\/media?parent=2711"}],"wp:term":[{"taxonomy":"category","embeddable":true,"href":"https:\/\/rdp-pat.sanimax.com\/fr\/wp-json\/wp\/v2\/categories?post=2711"},{"taxonomy":"post_tag","embeddable":true,"href":"https:\/\/rdp-pat.sanimax.com\/fr\/wp-json\/wp\/v2\/tags?post=2711"}],"curies":[{"name":"wp","href":"https:\/\/api.w.org\/{rel}","templated":true}]}}