{"id":2696,"date":"2021-07-15T09:29:10","date_gmt":"2021-07-15T14:29:10","guid":{"rendered":"https:\/\/rdp-pat.sanimax.com\/?p=2696"},"modified":"2021-07-15T09:29:10","modified_gmt":"2021-07-15T14:29:10","slug":"etat-de-situation-evenement-du-14-juillet-2021","status":"publish","type":"post","link":"https:\/\/rdp-pat.sanimax.com\/fr\/etat-de-situation-evenement-du-14-juillet-2021\/","title":{"rendered":"\u00c9tat de situation : \u00c9v\u00e8nement du 14 juillet 2021"},"content":{"rendered":"\t\t<div class=\"et_pb_section et_pb_with_background et_section_regular breadcrumbs_section\">\r\n\t\t\t<div class=\" et_pb_row breadcrumbs_row\">\r\n\t\t\t\t<div class=\"et_pb_column et_pb_column_4_4 breadcrumbs_column\">\r\n\t\t\t\t\t<div class=\"et_pb_code et_pb_module breadcrumbs_module\">\r\n\t\t\t\t\t\t\t\t\t\t\t<\/div> <!-- .et_pb_code -->\r\n\t\t\t\t<\/div> <!-- .et_pb_column -->\r\n\t\t\t<\/div> <!-- .et_pb_row -->\r\n\t\t<\/div>\r\n\t\t<p>Chers membres de la communaut\u00e9,<\/p>\n<p>Nous souhaitons vous informer d\u2019une situation inhabituelle survenue mercredi en apr\u00e8s-midi impliquant l\u2019une des composantes de nos s\u00e9parateurs de mati\u00e8re organique.<\/p>\n<p>Notre \u00e9quipe a d\u00e9couvert, hier en apr\u00e8s-midi, un probl\u00e8me technique affectant nos s\u00e9parateurs et qui ralentit l\u00e9g\u00e8rement le rythme de traitement de la mati\u00e8re re\u00e7ue \u00e0 notre usine.<\/p>\n<p>Apr\u00e8s une investigation en profondeur des \u00e9quipements durant la soir\u00e9e et la nuit de mercredi \u00e0 jeudi par nos \u00e9quipes d\u2019ing\u00e9nierie et de production, l\u2019usure pr\u00e9matur\u00e9e et inhabituelle d\u2019une des composantes de nos s\u00e9parateurs a \u00e9t\u00e9 identifi\u00e9e comme la cause de ce probl\u00e8me technique ce qui nous permet maintenant de communiquer avec vous. Nous investiguerons la source racine de cette usure.<\/p>\n<p>Afin d\u2019\u00e9viter des d\u00e9lais suppl\u00e9mentaires dans le traitement de la mati\u00e8re organique re\u00e7ue, notre \u00e9quipe \u00e9value actuellement le meilleur moment pour proc\u00e9der \u00e0 la r\u00e9paration de cette composante, qui surviendra au plus tard lors du prochain arr\u00eat planifi\u00e9 de l\u2019usine lors de la fin de semaine et nous avons redirig\u00e9 certains voyages de mati\u00e8res organiques vers nos autres usines. Entretemps, l\u2019\u00e9quipe de Sanimax redouble d\u2019efforts pour limiter les impacts sur la communaut\u00e9 et traiter le plus efficacement possible la mati\u00e8re re\u00e7ue.<\/p>\n<p>Nous ferons le point sur cette situation dans les prochains jours. Merci de votre compr\u00e9hension.<\/p>\n","protected":false},"excerpt":{"rendered":"<p>Chers membres de la communaut\u00e9, Nous souhaitons vous informer d\u2019une situation inhabituelle survenue mercredi en apr\u00e8s-midi impliquant l\u2019une des composantes de nos s\u00e9parateurs de mati\u00e8re organique. Notre \u00e9quipe a d\u00e9couvert, hier en apr\u00e8s-midi, un probl\u00e8me technique affectant nos s\u00e9parateurs et qui ralentit l\u00e9g\u00e8rement le rythme de traitement de la mati\u00e8re re\u00e7ue \u00e0 notre usine. Apr\u00e8s [&hellip;]<\/p>\n","protected":false},"author":7,"featured_media":1904,"comment_status":"closed","ping_status":"closed","sticky":false,"template":"","format":"standard","meta":{"_acf_changed":false,"_et_pb_use_builder":"","_et_pb_old_content":"","_et_gb_content_width":"","_monsterinsights_skip_tracking":false,"_monsterinsights_sitenote_active":false,"_monsterinsights_sitenote_note":"","_monsterinsights_sitenote_category":0,"footnotes":""},"categories":[43],"tags":[],"class_list":["post-2696","post","type-post","status-publish","format-standard","has-post-thumbnail","hentry","category-operation-durgence"],"acf":[],"yoast_head":"<!-- This site is optimized with the Yoast SEO plugin v27.4 - https:\/\/yoast.com\/product\/yoast-seo-wordpress\/ -->\n<title>\u00c9tat de situation : \u00c9v\u00e8nement du 14 juillet 2021 - RDP-sanimax<\/title>\n<meta name=\"robots\" content=\"index, follow, max-snippet:-1, max-image-preview:large, max-video-preview:-1\" \/>\n<link rel=\"canonical\" href=\"https:\/\/rdp-pat.sanimax.com\/fr\/etat-de-situation-evenement-du-14-juillet-2021\/\" \/>\n<meta property=\"og:locale\" content=\"fr_FR\" \/>\n<meta property=\"og:type\" content=\"article\" \/>\n<meta property=\"og:title\" content=\"\u00c9tat de situation : \u00c9v\u00e8nement du 14 juillet 2021 - RDP-sanimax\" \/>\n<meta property=\"og:description\" content=\"Chers membres de la communaut\u00e9, Nous souhaitons vous informer d\u2019une situation inhabituelle survenue mercredi en apr\u00e8s-midi impliquant l\u2019une des composantes de nos s\u00e9parateurs de mati\u00e8re organique. Notre \u00e9quipe a d\u00e9couvert, hier en apr\u00e8s-midi, un probl\u00e8me technique affectant nos s\u00e9parateurs et qui ralentit l\u00e9g\u00e8rement le rythme de traitement de la mati\u00e8re re\u00e7ue \u00e0 notre usine. Apr\u00e8s [&hellip;]\" \/>\n<meta property=\"og:url\" content=\"https:\/\/rdp-pat.sanimax.com\/fr\/etat-de-situation-evenement-du-14-juillet-2021\/\" \/>\n<meta property=\"og:site_name\" content=\"RDP-sanimax\" \/>\n<meta property=\"article:published_time\" content=\"2021-07-15T14:29:10+00:00\" \/>\n<meta property=\"og:image\" content=\"https:\/\/rdp-pat.sanimax.com\/wp-content\/uploads\/2020\/04\/background-accueil.jpg\" \/>\n\t<meta property=\"og:image:width\" content=\"1920\" \/>\n\t<meta property=\"og:image:height\" content=\"1281\" \/>\n\t<meta property=\"og:image:type\" content=\"image\/jpeg\" \/>\n<meta name=\"author\" content=\"Nicolas Laflamme\" \/>\n<meta name=\"twitter:card\" content=\"summary_large_image\" \/>\n<meta name=\"twitter:label1\" content=\"\u00c9crit par\" \/>\n\t<meta name=\"twitter:data1\" content=\"Nicolas Laflamme\" \/>\n\t<meta name=\"twitter:label2\" content=\"Dur\u00e9e de lecture estim\u00e9e\" \/>\n\t<meta name=\"twitter:data2\" content=\"1 minute\" \/>\n<script type=\"application\/ld+json\" class=\"yoast-schema-graph\">{\"@context\":\"https:\\\/\\\/schema.org\",\"@graph\":[{\"@type\":\"Article\",\"@id\":\"https:\\\/\\\/rdp-pat.sanimax.com\\\/fr\\\/etat-de-situation-evenement-du-14-juillet-2021\\\/#article\",\"isPartOf\":{\"@id\":\"https:\\\/\\\/rdp-pat.sanimax.com\\\/fr\\\/etat-de-situation-evenement-du-14-juillet-2021\\\/\"},\"author\":{\"name\":\"Nicolas Laflamme\",\"@id\":\"https:\\\/\\\/rdp-pat.sanimax.com\\\/#\\\/schema\\\/person\\\/de4c027f6858c724ab46490c68601270\"},\"headline\":\"\u00c9tat de situation : \u00c9v\u00e8nement du 14 juillet 2021\",\"datePublished\":\"2021-07-15T14:29:10+00:00\",\"mainEntityOfPage\":{\"@id\":\"https:\\\/\\\/rdp-pat.sanimax.com\\\/fr\\\/etat-de-situation-evenement-du-14-juillet-2021\\\/\"},\"wordCount\":254,\"image\":{\"@id\":\"https:\\\/\\\/rdp-pat.sanimax.com\\\/fr\\\/etat-de-situation-evenement-du-14-juillet-2021\\\/#primaryimage\"},\"thumbnailUrl\":\"https:\\\/\\\/rdp-pat.sanimax.com\\\/wp-content\\\/uploads\\\/2020\\\/04\\\/background-accueil.jpg\",\"articleSection\":[\"Op\u00e9ration d'urgence\"],\"inLanguage\":\"fr-FR\"},{\"@type\":\"WebPage\",\"@id\":\"https:\\\/\\\/rdp-pat.sanimax.com\\\/fr\\\/etat-de-situation-evenement-du-14-juillet-2021\\\/\",\"url\":\"https:\\\/\\\/rdp-pat.sanimax.com\\\/fr\\\/etat-de-situation-evenement-du-14-juillet-2021\\\/\",\"name\":\"\u00c9tat de situation : \u00c9v\u00e8nement du 14 juillet 2021 - RDP-sanimax\",\"isPartOf\":{\"@id\":\"https:\\\/\\\/rdp-pat.sanimax.com\\\/#website\"},\"primaryImageOfPage\":{\"@id\":\"https:\\\/\\\/rdp-pat.sanimax.com\\\/fr\\\/etat-de-situation-evenement-du-14-juillet-2021\\\/#primaryimage\"},\"image\":{\"@id\":\"https:\\\/\\\/rdp-pat.sanimax.com\\\/fr\\\/etat-de-situation-evenement-du-14-juillet-2021\\\/#primaryimage\"},\"thumbnailUrl\":\"https:\\\/\\\/rdp-pat.sanimax.com\\\/wp-content\\\/uploads\\\/2020\\\/04\\\/background-accueil.jpg\",\"datePublished\":\"2021-07-15T14:29:10+00:00\",\"author\":{\"@id\":\"https:\\\/\\\/rdp-pat.sanimax.com\\\/#\\\/schema\\\/person\\\/de4c027f6858c724ab46490c68601270\"},\"breadcrumb\":{\"@id\":\"https:\\\/\\\/rdp-pat.sanimax.com\\\/fr\\\/etat-de-situation-evenement-du-14-juillet-2021\\\/#breadcrumb\"},\"inLanguage\":\"fr-FR\",\"potentialAction\":[{\"@type\":\"ReadAction\",\"target\":[\"https:\\\/\\\/rdp-pat.sanimax.com\\\/fr\\\/etat-de-situation-evenement-du-14-juillet-2021\\\/\"]}]},{\"@type\":\"ImageObject\",\"inLanguage\":\"fr-FR\",\"@id\":\"https:\\\/\\\/rdp-pat.sanimax.com\\\/fr\\\/etat-de-situation-evenement-du-14-juillet-2021\\\/#primaryimage\",\"url\":\"https:\\\/\\\/rdp-pat.sanimax.com\\\/wp-content\\\/uploads\\\/2020\\\/04\\\/background-accueil.jpg\",\"contentUrl\":\"https:\\\/\\\/rdp-pat.sanimax.com\\\/wp-content\\\/uploads\\\/2020\\\/04\\\/background-accueil.jpg\",\"width\":1920,\"height\":1281,\"caption\":\"Comit\u00e9 des citoyens de Rivi\u00e8re-des-Prairies\u2013Pointe-aux-Trembles et de Sanimax\"},{\"@type\":\"BreadcrumbList\",\"@id\":\"https:\\\/\\\/rdp-pat.sanimax.com\\\/fr\\\/etat-de-situation-evenement-du-14-juillet-2021\\\/#breadcrumb\",\"itemListElement\":[{\"@type\":\"ListItem\",\"position\":1,\"name\":\"Accueil\",\"item\":\"https:\\\/\\\/rdp-pat.sanimax.com\\\/fr\\\/\"},{\"@type\":\"ListItem\",\"position\":2,\"name\":\"\u00c9tat de situation : \u00c9v\u00e8nement du 14 juillet 2021\"}]},{\"@type\":\"WebSite\",\"@id\":\"https:\\\/\\\/rdp-pat.sanimax.com\\\/#website\",\"url\":\"https:\\\/\\\/rdp-pat.sanimax.com\\\/\",\"name\":\"RDP-sanimax\",\"description\":\"\",\"potentialAction\":[{\"@type\":\"SearchAction\",\"target\":{\"@type\":\"EntryPoint\",\"urlTemplate\":\"https:\\\/\\\/rdp-pat.sanimax.com\\\/?s={search_term_string}\"},\"query-input\":{\"@type\":\"PropertyValueSpecification\",\"valueRequired\":true,\"valueName\":\"search_term_string\"}}],\"inLanguage\":\"fr-FR\"},{\"@type\":\"Person\",\"@id\":\"https:\\\/\\\/rdp-pat.sanimax.com\\\/#\\\/schema\\\/person\\\/de4c027f6858c724ab46490c68601270\",\"name\":\"Nicolas Laflamme\",\"url\":\"https:\\\/\\\/rdp-pat.sanimax.com\\\/fr\\\/author\\\/nicolas\\\/\"}]}<\/script>\n<!-- \/ Yoast SEO plugin. -->","yoast_head_json":{"title":"\u00c9tat de situation : \u00c9v\u00e8nement du 14 juillet 2021 - RDP-sanimax","robots":{"index":"index","follow":"follow","max-snippet":"max-snippet:-1","max-image-preview":"max-image-preview:large","max-video-preview":"max-video-preview:-1"},"canonical":"https:\/\/rdp-pat.sanimax.com\/fr\/etat-de-situation-evenement-du-14-juillet-2021\/","og_locale":"fr_FR","og_type":"article","og_title":"\u00c9tat de situation : \u00c9v\u00e8nement du 14 juillet 2021 - RDP-sanimax","og_description":"Chers membres de la communaut\u00e9, Nous souhaitons vous informer d\u2019une situation inhabituelle survenue mercredi en apr\u00e8s-midi impliquant l\u2019une des composantes de nos s\u00e9parateurs de mati\u00e8re organique. Notre \u00e9quipe a d\u00e9couvert, hier en apr\u00e8s-midi, un probl\u00e8me technique affectant nos s\u00e9parateurs et qui ralentit l\u00e9g\u00e8rement le rythme de traitement de la mati\u00e8re re\u00e7ue \u00e0 notre usine. Apr\u00e8s [&hellip;]","og_url":"https:\/\/rdp-pat.sanimax.com\/fr\/etat-de-situation-evenement-du-14-juillet-2021\/","og_site_name":"RDP-sanimax","article_published_time":"2021-07-15T14:29:10+00:00","og_image":[{"width":1920,"height":1281,"url":"https:\/\/rdp-pat.sanimax.com\/wp-content\/uploads\/2020\/04\/background-accueil.jpg","type":"image\/jpeg"}],"author":"Nicolas Laflamme","twitter_card":"summary_large_image","twitter_misc":{"\u00c9crit par":"Nicolas Laflamme","Dur\u00e9e de lecture estim\u00e9e":"1 minute"},"schema":{"@context":"https:\/\/schema.org","@graph":[{"@type":"Article","@id":"https:\/\/rdp-pat.sanimax.com\/fr\/etat-de-situation-evenement-du-14-juillet-2021\/#article","isPartOf":{"@id":"https:\/\/rdp-pat.sanimax.com\/fr\/etat-de-situation-evenement-du-14-juillet-2021\/"},"author":{"name":"Nicolas Laflamme","@id":"https:\/\/rdp-pat.sanimax.com\/#\/schema\/person\/de4c027f6858c724ab46490c68601270"},"headline":"\u00c9tat de situation : \u00c9v\u00e8nement du 14 juillet 2021","datePublished":"2021-07-15T14:29:10+00:00","mainEntityOfPage":{"@id":"https:\/\/rdp-pat.sanimax.com\/fr\/etat-de-situation-evenement-du-14-juillet-2021\/"},"wordCount":254,"image":{"@id":"https:\/\/rdp-pat.sanimax.com\/fr\/etat-de-situation-evenement-du-14-juillet-2021\/#primaryimage"},"thumbnailUrl":"https:\/\/rdp-pat.sanimax.com\/wp-content\/uploads\/2020\/04\/background-accueil.jpg","articleSection":["Op\u00e9ration d'urgence"],"inLanguage":"fr-FR"},{"@type":"WebPage","@id":"https:\/\/rdp-pat.sanimax.com\/fr\/etat-de-situation-evenement-du-14-juillet-2021\/","url":"https:\/\/rdp-pat.sanimax.com\/fr\/etat-de-situation-evenement-du-14-juillet-2021\/","name":"\u00c9tat de situation : \u00c9v\u00e8nement du 14 juillet 2021 - RDP-sanimax","isPartOf":{"@id":"https:\/\/rdp-pat.sanimax.com\/#website"},"primaryImageOfPage":{"@id":"https:\/\/rdp-pat.sanimax.com\/fr\/etat-de-situation-evenement-du-14-juillet-2021\/#primaryimage"},"image":{"@id":"https:\/\/rdp-pat.sanimax.com\/fr\/etat-de-situation-evenement-du-14-juillet-2021\/#primaryimage"},"thumbnailUrl":"https:\/\/rdp-pat.sanimax.com\/wp-content\/uploads\/2020\/04\/background-accueil.jpg","datePublished":"2021-07-15T14:29:10+00:00","author":{"@id":"https:\/\/rdp-pat.sanimax.com\/#\/schema\/person\/de4c027f6858c724ab46490c68601270"},"breadcrumb":{"@id":"https:\/\/rdp-pat.sanimax.com\/fr\/etat-de-situation-evenement-du-14-juillet-2021\/#breadcrumb"},"inLanguage":"fr-FR","potentialAction":[{"@type":"ReadAction","target":["https:\/\/rdp-pat.sanimax.com\/fr\/etat-de-situation-evenement-du-14-juillet-2021\/"]}]},{"@type":"ImageObject","inLanguage":"fr-FR","@id":"https:\/\/rdp-pat.sanimax.com\/fr\/etat-de-situation-evenement-du-14-juillet-2021\/#primaryimage","url":"https:\/\/rdp-pat.sanimax.com\/wp-content\/uploads\/2020\/04\/background-accueil.jpg","contentUrl":"https:\/\/rdp-pat.sanimax.com\/wp-content\/uploads\/2020\/04\/background-accueil.jpg","width":1920,"height":1281,"caption":"Comit\u00e9 des citoyens de Rivi\u00e8re-des-Prairies\u2013Pointe-aux-Trembles et de Sanimax"},{"@type":"BreadcrumbList","@id":"https:\/\/rdp-pat.sanimax.com\/fr\/etat-de-situation-evenement-du-14-juillet-2021\/#breadcrumb","itemListElement":[{"@type":"ListItem","position":1,"name":"Accueil","item":"https:\/\/rdp-pat.sanimax.com\/fr\/"},{"@type":"ListItem","position":2,"name":"\u00c9tat de situation : \u00c9v\u00e8nement du 14 juillet 2021"}]},{"@type":"WebSite","@id":"https:\/\/rdp-pat.sanimax.com\/#website","url":"https:\/\/rdp-pat.sanimax.com\/","name":"RDP-sanimax","description":"","potentialAction":[{"@type":"SearchAction","target":{"@type":"EntryPoint","urlTemplate":"https:\/\/rdp-pat.sanimax.com\/?s={search_term_string}"},"query-input":{"@type":"PropertyValueSpecification","valueRequired":true,"valueName":"search_term_string"}}],"inLanguage":"fr-FR"},{"@type":"Person","@id":"https:\/\/rdp-pat.sanimax.com\/#\/schema\/person\/de4c027f6858c724ab46490c68601270","name":"Nicolas Laflamme","url":"https:\/\/rdp-pat.sanimax.com\/fr\/author\/nicolas\/"}]}},"_links":{"self":[{"href":"https:\/\/rdp-pat.sanimax.com\/fr\/wp-json\/wp\/v2\/posts\/2696","targetHints":{"allow":["GET"]}}],"collection":[{"href":"https:\/\/rdp-pat.sanimax.com\/fr\/wp-json\/wp\/v2\/posts"}],"about":[{"href":"https:\/\/rdp-pat.sanimax.com\/fr\/wp-json\/wp\/v2\/types\/post"}],"author":[{"embeddable":true,"href":"https:\/\/rdp-pat.sanimax.com\/fr\/wp-json\/wp\/v2\/users\/7"}],"replies":[{"embeddable":true,"href":"https:\/\/rdp-pat.sanimax.com\/fr\/wp-json\/wp\/v2\/comments?post=2696"}],"version-history":[{"count":0,"href":"https:\/\/rdp-pat.sanimax.com\/fr\/wp-json\/wp\/v2\/posts\/2696\/revisions"}],"wp:featuredmedia":[{"embeddable":true,"href":"https:\/\/rdp-pat.sanimax.com\/fr\/wp-json\/wp\/v2\/media\/1904"}],"wp:attachment":[{"href":"https:\/\/rdp-pat.sanimax.com\/fr\/wp-json\/wp\/v2\/media?parent=2696"}],"wp:term":[{"taxonomy":"category","embeddable":true,"href":"https:\/\/rdp-pat.sanimax.com\/fr\/wp-json\/wp\/v2\/categories?post=2696"},{"taxonomy":"post_tag","embeddable":true,"href":"https:\/\/rdp-pat.sanimax.com\/fr\/wp-json\/wp\/v2\/tags?post=2696"}],"curies":[{"name":"wp","href":"https:\/\/api.w.org\/{rel}","templated":true}]}}