{"id":2679,"date":"2021-06-28T17:31:11","date_gmt":"2021-06-28T22:31:11","guid":{"rendered":"https:\/\/rdp-pat.sanimax.com\/?p=2679"},"modified":"2021-06-28T17:31:11","modified_gmt":"2021-06-28T22:31:11","slug":"semaine-de-la-fete-du-canada","status":"publish","type":"post","link":"https:\/\/rdp-pat.sanimax.com\/fr\/semaine-de-la-fete-du-canada\/","title":{"rendered":"Semaine de la f\u00eate du Canada"},"content":{"rendered":"\t\t<div class=\"et_pb_section et_pb_with_background et_section_regular breadcrumbs_section\">\r\n\t\t\t<div class=\" et_pb_row breadcrumbs_row\">\r\n\t\t\t\t<div class=\"et_pb_column et_pb_column_4_4 breadcrumbs_column\">\r\n\t\t\t\t\t<div class=\"et_pb_code et_pb_module breadcrumbs_module\">\r\n\t\t\t\t\t\t\t\t\t\t\t<\/div> <!-- .et_pb_code -->\r\n\t\t\t\t<\/div> <!-- .et_pb_column -->\r\n\t\t\t<\/div> <!-- .et_pb_row -->\r\n\t\t<\/div>\r\n\t\t<p>Chers membres de la communaut\u00e9,<\/p>\n<p>Tout comme pour la semaine de F\u00eate nationale du Qu\u00e9bec, nous souhaitons vous informer de l\u2019\u00e9tat de nos op\u00e9rations en pr\u00e9vision du jour f\u00e9ri\u00e9 de ce jeudi.<\/p>\n<p>Le d\u00e9marrage de notre usine aujourd\u2019hui s\u2019est bien d\u00e9roul\u00e9, ce qui nous permet d\u2019envisager un traitement efficace de la mati\u00e8re organique tout au long de la semaine.<\/p>\n<h4>Inspection de nos \u00e9quipements<\/h4>\n<p>Apr\u00e8s analyse des signalements re\u00e7us la semaine derni\u00e8re, notre \u00e9quipe a proc\u00e9d\u00e9 \u00e0 l\u2019inspection approfondie de notre syst\u00e8me de traitement d\u2019air. Cette action nous a permis d\u2019identifier qu\u2019il semble subvenir un d\u00e9balancement temporaire du traitement d\u2019air, ce qui a pu causer des odeurs passag\u00e8res lors des d\u00e9parts de l\u2019usine lundi et vendredi dernier. Une maintenance est donc planifi\u00e9e ce jeudi, lors du prochain arr\u00eat planifi\u00e9 de l\u2019usine, pour proc\u00e9der au nettoyage en profondeur de certaines composantes du syst\u00e8me, ce qui devrait corriger la situation limit\u00e9e au d\u00e9part des op\u00e9rations.<\/p>\n<h4>S\u00e9quence d\u2019op\u00e9rations<\/h4>\n<p>Comme certains abattoirs du Qu\u00e9bec demeureront ouverts lors de la f\u00eate du Canada, notre usine de RDP-PAT sera en op\u00e9ration r\u00e9duite ce jeudi et fermera en journ\u00e9e. Tout comme la semaine derni\u00e8re, nos activit\u00e9s recommenceront progressivement en fin de journ\u00e9e vendredi, pour une fermeture pr\u00e9vue samedi, en cours de journ\u00e9e.<\/p>\n<p>Nos \u00e9quipes travaillent sans rel\u00e2che pour suivre de pr\u00e8s nos op\u00e9rations et s\u2019adapter aux volumes re\u00e7us pour s\u2019assurer de traiter toute la mati\u00e8re re\u00e7ue, le plus rapidement possible. En op\u00e9rant efficacement et sans d\u00e9lai, nous pouvons nous assurer d\u2019une saine gestion de nos op\u00e9rations et d\u2019un impact minimal dans la communaut\u00e9.<\/p>\n<p>Notez que nous communiquerons \u00e0 plusieurs reprises cette semaine pour vous tenir inform\u00e9 l\u2019\u00e9tat de nos op\u00e9rations.<\/p>\n<p>Nous vous invitons \u00e0 visiter notre <a href=\"https:\/\/rdp-pat.sanimax.com\/fr\/\">page Web<\/a>, \u00e0 rejoindre notre <a href=\"https:\/\/www.facebook.com\/groups\/sanimaxrdppat\/\">groupe Facebook<\/a> et \u00e0 suivre nos infolettres pour consulter les informations les plus \u00e0 jour en ce sens.<\/p>\n","protected":false},"excerpt":{"rendered":"<p>Chers membres de la communaut\u00e9, Tout comme pour la semaine de F\u00eate nationale du Qu\u00e9bec, nous souhaitons vous informer de l\u2019\u00e9tat de nos op\u00e9rations en pr\u00e9vision du jour f\u00e9ri\u00e9 de ce jeudi. Le d\u00e9marrage de notre usine aujourd\u2019hui s\u2019est bien d\u00e9roul\u00e9, ce qui nous permet d\u2019envisager un traitement efficace de la mati\u00e8re organique tout au [&hellip;]<\/p>\n","protected":false},"author":7,"featured_media":1904,"comment_status":"closed","ping_status":"closed","sticky":false,"template":"","format":"standard","meta":{"_acf_changed":false,"_et_pb_use_builder":"","_et_pb_old_content":"","_et_gb_content_width":"","_monsterinsights_skip_tracking":false,"_monsterinsights_sitenote_active":false,"_monsterinsights_sitenote_note":"","_monsterinsights_sitenote_category":0,"footnotes":""},"categories":[44],"tags":[],"class_list":["post-2679","post","type-post","status-publish","format-standard","has-post-thumbnail","hentry","category-interet-general"],"acf":[],"yoast_head":"<!-- This site is optimized with the Yoast SEO plugin v27.5 - https:\/\/yoast.com\/product\/yoast-seo-wordpress\/ -->\n<title>Semaine de la f\u00eate du Canada - RDP-sanimax<\/title>\n<meta name=\"robots\" content=\"index, follow, max-snippet:-1, max-image-preview:large, max-video-preview:-1\" \/>\n<link rel=\"canonical\" href=\"https:\/\/rdp-pat.sanimax.com\/fr\/semaine-de-la-fete-du-canada\/\" \/>\n<meta property=\"og:locale\" content=\"fr_FR\" \/>\n<meta property=\"og:type\" content=\"article\" \/>\n<meta property=\"og:title\" content=\"Semaine de la f\u00eate du Canada - RDP-sanimax\" \/>\n<meta property=\"og:description\" content=\"Chers membres de la communaut\u00e9, Tout comme pour la semaine de F\u00eate nationale du Qu\u00e9bec, nous souhaitons vous informer de l\u2019\u00e9tat de nos op\u00e9rations en pr\u00e9vision du jour f\u00e9ri\u00e9 de ce jeudi. Le d\u00e9marrage de notre usine aujourd\u2019hui s\u2019est bien d\u00e9roul\u00e9, ce qui nous permet d\u2019envisager un traitement efficace de la mati\u00e8re organique tout au [&hellip;]\" \/>\n<meta property=\"og:url\" content=\"https:\/\/rdp-pat.sanimax.com\/fr\/semaine-de-la-fete-du-canada\/\" \/>\n<meta property=\"og:site_name\" content=\"RDP-sanimax\" \/>\n<meta property=\"article:published_time\" content=\"2021-06-28T22:31:11+00:00\" \/>\n<meta property=\"og:image\" content=\"https:\/\/rdp-pat.sanimax.com\/wp-content\/uploads\/2020\/04\/background-accueil.jpg\" \/>\n\t<meta property=\"og:image:width\" content=\"1920\" \/>\n\t<meta property=\"og:image:height\" content=\"1281\" \/>\n\t<meta property=\"og:image:type\" content=\"image\/jpeg\" \/>\n<meta name=\"author\" content=\"Nicolas Laflamme\" \/>\n<meta name=\"twitter:card\" content=\"summary_large_image\" \/>\n<meta name=\"twitter:label1\" content=\"\u00c9crit par\" \/>\n\t<meta name=\"twitter:data1\" content=\"Nicolas Laflamme\" \/>\n\t<meta name=\"twitter:label2\" content=\"Dur\u00e9e de lecture estim\u00e9e\" \/>\n\t<meta name=\"twitter:data2\" content=\"2 minutes\" \/>\n<script type=\"application\/ld+json\" class=\"yoast-schema-graph\">{\"@context\":\"https:\\\/\\\/schema.org\",\"@graph\":[{\"@type\":\"Article\",\"@id\":\"https:\\\/\\\/rdp-pat.sanimax.com\\\/fr\\\/semaine-de-la-fete-du-canada\\\/#article\",\"isPartOf\":{\"@id\":\"https:\\\/\\\/rdp-pat.sanimax.com\\\/fr\\\/semaine-de-la-fete-du-canada\\\/\"},\"author\":{\"name\":\"Nicolas Laflamme\",\"@id\":\"https:\\\/\\\/rdp-pat.sanimax.com\\\/#\\\/schema\\\/person\\\/de4c027f6858c724ab46490c68601270\"},\"headline\":\"Semaine de la f\u00eate du Canada\",\"datePublished\":\"2021-06-28T22:31:11+00:00\",\"mainEntityOfPage\":{\"@id\":\"https:\\\/\\\/rdp-pat.sanimax.com\\\/fr\\\/semaine-de-la-fete-du-canada\\\/\"},\"wordCount\":364,\"image\":{\"@id\":\"https:\\\/\\\/rdp-pat.sanimax.com\\\/fr\\\/semaine-de-la-fete-du-canada\\\/#primaryimage\"},\"thumbnailUrl\":\"https:\\\/\\\/rdp-pat.sanimax.com\\\/wp-content\\\/uploads\\\/2020\\\/04\\\/background-accueil.jpg\",\"articleSection\":[\"Int\u00e9r\u00eat g\u00e9n\u00e9ral\"],\"inLanguage\":\"fr-FR\"},{\"@type\":\"WebPage\",\"@id\":\"https:\\\/\\\/rdp-pat.sanimax.com\\\/fr\\\/semaine-de-la-fete-du-canada\\\/\",\"url\":\"https:\\\/\\\/rdp-pat.sanimax.com\\\/fr\\\/semaine-de-la-fete-du-canada\\\/\",\"name\":\"Semaine de la f\u00eate du Canada - RDP-sanimax\",\"isPartOf\":{\"@id\":\"https:\\\/\\\/rdp-pat.sanimax.com\\\/#website\"},\"primaryImageOfPage\":{\"@id\":\"https:\\\/\\\/rdp-pat.sanimax.com\\\/fr\\\/semaine-de-la-fete-du-canada\\\/#primaryimage\"},\"image\":{\"@id\":\"https:\\\/\\\/rdp-pat.sanimax.com\\\/fr\\\/semaine-de-la-fete-du-canada\\\/#primaryimage\"},\"thumbnailUrl\":\"https:\\\/\\\/rdp-pat.sanimax.com\\\/wp-content\\\/uploads\\\/2020\\\/04\\\/background-accueil.jpg\",\"datePublished\":\"2021-06-28T22:31:11+00:00\",\"author\":{\"@id\":\"https:\\\/\\\/rdp-pat.sanimax.com\\\/#\\\/schema\\\/person\\\/de4c027f6858c724ab46490c68601270\"},\"breadcrumb\":{\"@id\":\"https:\\\/\\\/rdp-pat.sanimax.com\\\/fr\\\/semaine-de-la-fete-du-canada\\\/#breadcrumb\"},\"inLanguage\":\"fr-FR\",\"potentialAction\":[{\"@type\":\"ReadAction\",\"target\":[\"https:\\\/\\\/rdp-pat.sanimax.com\\\/fr\\\/semaine-de-la-fete-du-canada\\\/\"]}]},{\"@type\":\"ImageObject\",\"inLanguage\":\"fr-FR\",\"@id\":\"https:\\\/\\\/rdp-pat.sanimax.com\\\/fr\\\/semaine-de-la-fete-du-canada\\\/#primaryimage\",\"url\":\"https:\\\/\\\/rdp-pat.sanimax.com\\\/wp-content\\\/uploads\\\/2020\\\/04\\\/background-accueil.jpg\",\"contentUrl\":\"https:\\\/\\\/rdp-pat.sanimax.com\\\/wp-content\\\/uploads\\\/2020\\\/04\\\/background-accueil.jpg\",\"width\":1920,\"height\":1281,\"caption\":\"Comit\u00e9 des citoyens de Rivi\u00e8re-des-Prairies\u2013Pointe-aux-Trembles et de Sanimax\"},{\"@type\":\"BreadcrumbList\",\"@id\":\"https:\\\/\\\/rdp-pat.sanimax.com\\\/fr\\\/semaine-de-la-fete-du-canada\\\/#breadcrumb\",\"itemListElement\":[{\"@type\":\"ListItem\",\"position\":1,\"name\":\"Accueil\",\"item\":\"https:\\\/\\\/rdp-pat.sanimax.com\\\/fr\\\/\"},{\"@type\":\"ListItem\",\"position\":2,\"name\":\"Semaine de la f\u00eate du Canada\"}]},{\"@type\":\"WebSite\",\"@id\":\"https:\\\/\\\/rdp-pat.sanimax.com\\\/#website\",\"url\":\"https:\\\/\\\/rdp-pat.sanimax.com\\\/\",\"name\":\"RDP-sanimax\",\"description\":\"\",\"potentialAction\":[{\"@type\":\"SearchAction\",\"target\":{\"@type\":\"EntryPoint\",\"urlTemplate\":\"https:\\\/\\\/rdp-pat.sanimax.com\\\/?s={search_term_string}\"},\"query-input\":{\"@type\":\"PropertyValueSpecification\",\"valueRequired\":true,\"valueName\":\"search_term_string\"}}],\"inLanguage\":\"fr-FR\"},{\"@type\":\"Person\",\"@id\":\"https:\\\/\\\/rdp-pat.sanimax.com\\\/#\\\/schema\\\/person\\\/de4c027f6858c724ab46490c68601270\",\"name\":\"Nicolas Laflamme\",\"url\":\"https:\\\/\\\/rdp-pat.sanimax.com\\\/fr\\\/author\\\/nicolas\\\/\"}]}<\/script>\n<!-- \/ Yoast SEO plugin. -->","yoast_head_json":{"title":"Semaine de la f\u00eate du Canada - RDP-sanimax","robots":{"index":"index","follow":"follow","max-snippet":"max-snippet:-1","max-image-preview":"max-image-preview:large","max-video-preview":"max-video-preview:-1"},"canonical":"https:\/\/rdp-pat.sanimax.com\/fr\/semaine-de-la-fete-du-canada\/","og_locale":"fr_FR","og_type":"article","og_title":"Semaine de la f\u00eate du Canada - RDP-sanimax","og_description":"Chers membres de la communaut\u00e9, Tout comme pour la semaine de F\u00eate nationale du Qu\u00e9bec, nous souhaitons vous informer de l\u2019\u00e9tat de nos op\u00e9rations en pr\u00e9vision du jour f\u00e9ri\u00e9 de ce jeudi. Le d\u00e9marrage de notre usine aujourd\u2019hui s\u2019est bien d\u00e9roul\u00e9, ce qui nous permet d\u2019envisager un traitement efficace de la mati\u00e8re organique tout au [&hellip;]","og_url":"https:\/\/rdp-pat.sanimax.com\/fr\/semaine-de-la-fete-du-canada\/","og_site_name":"RDP-sanimax","article_published_time":"2021-06-28T22:31:11+00:00","og_image":[{"width":1920,"height":1281,"url":"https:\/\/rdp-pat.sanimax.com\/wp-content\/uploads\/2020\/04\/background-accueil.jpg","type":"image\/jpeg"}],"author":"Nicolas Laflamme","twitter_card":"summary_large_image","twitter_misc":{"\u00c9crit par":"Nicolas Laflamme","Dur\u00e9e de lecture estim\u00e9e":"2 minutes"},"schema":{"@context":"https:\/\/schema.org","@graph":[{"@type":"Article","@id":"https:\/\/rdp-pat.sanimax.com\/fr\/semaine-de-la-fete-du-canada\/#article","isPartOf":{"@id":"https:\/\/rdp-pat.sanimax.com\/fr\/semaine-de-la-fete-du-canada\/"},"author":{"name":"Nicolas Laflamme","@id":"https:\/\/rdp-pat.sanimax.com\/#\/schema\/person\/de4c027f6858c724ab46490c68601270"},"headline":"Semaine de la f\u00eate du Canada","datePublished":"2021-06-28T22:31:11+00:00","mainEntityOfPage":{"@id":"https:\/\/rdp-pat.sanimax.com\/fr\/semaine-de-la-fete-du-canada\/"},"wordCount":364,"image":{"@id":"https:\/\/rdp-pat.sanimax.com\/fr\/semaine-de-la-fete-du-canada\/#primaryimage"},"thumbnailUrl":"https:\/\/rdp-pat.sanimax.com\/wp-content\/uploads\/2020\/04\/background-accueil.jpg","articleSection":["Int\u00e9r\u00eat g\u00e9n\u00e9ral"],"inLanguage":"fr-FR"},{"@type":"WebPage","@id":"https:\/\/rdp-pat.sanimax.com\/fr\/semaine-de-la-fete-du-canada\/","url":"https:\/\/rdp-pat.sanimax.com\/fr\/semaine-de-la-fete-du-canada\/","name":"Semaine de la f\u00eate du Canada - RDP-sanimax","isPartOf":{"@id":"https:\/\/rdp-pat.sanimax.com\/#website"},"primaryImageOfPage":{"@id":"https:\/\/rdp-pat.sanimax.com\/fr\/semaine-de-la-fete-du-canada\/#primaryimage"},"image":{"@id":"https:\/\/rdp-pat.sanimax.com\/fr\/semaine-de-la-fete-du-canada\/#primaryimage"},"thumbnailUrl":"https:\/\/rdp-pat.sanimax.com\/wp-content\/uploads\/2020\/04\/background-accueil.jpg","datePublished":"2021-06-28T22:31:11+00:00","author":{"@id":"https:\/\/rdp-pat.sanimax.com\/#\/schema\/person\/de4c027f6858c724ab46490c68601270"},"breadcrumb":{"@id":"https:\/\/rdp-pat.sanimax.com\/fr\/semaine-de-la-fete-du-canada\/#breadcrumb"},"inLanguage":"fr-FR","potentialAction":[{"@type":"ReadAction","target":["https:\/\/rdp-pat.sanimax.com\/fr\/semaine-de-la-fete-du-canada\/"]}]},{"@type":"ImageObject","inLanguage":"fr-FR","@id":"https:\/\/rdp-pat.sanimax.com\/fr\/semaine-de-la-fete-du-canada\/#primaryimage","url":"https:\/\/rdp-pat.sanimax.com\/wp-content\/uploads\/2020\/04\/background-accueil.jpg","contentUrl":"https:\/\/rdp-pat.sanimax.com\/wp-content\/uploads\/2020\/04\/background-accueil.jpg","width":1920,"height":1281,"caption":"Comit\u00e9 des citoyens de Rivi\u00e8re-des-Prairies\u2013Pointe-aux-Trembles et de Sanimax"},{"@type":"BreadcrumbList","@id":"https:\/\/rdp-pat.sanimax.com\/fr\/semaine-de-la-fete-du-canada\/#breadcrumb","itemListElement":[{"@type":"ListItem","position":1,"name":"Accueil","item":"https:\/\/rdp-pat.sanimax.com\/fr\/"},{"@type":"ListItem","position":2,"name":"Semaine de la f\u00eate du Canada"}]},{"@type":"WebSite","@id":"https:\/\/rdp-pat.sanimax.com\/#website","url":"https:\/\/rdp-pat.sanimax.com\/","name":"RDP-sanimax","description":"","potentialAction":[{"@type":"SearchAction","target":{"@type":"EntryPoint","urlTemplate":"https:\/\/rdp-pat.sanimax.com\/?s={search_term_string}"},"query-input":{"@type":"PropertyValueSpecification","valueRequired":true,"valueName":"search_term_string"}}],"inLanguage":"fr-FR"},{"@type":"Person","@id":"https:\/\/rdp-pat.sanimax.com\/#\/schema\/person\/de4c027f6858c724ab46490c68601270","name":"Nicolas Laflamme","url":"https:\/\/rdp-pat.sanimax.com\/fr\/author\/nicolas\/"}]}},"_links":{"self":[{"href":"https:\/\/rdp-pat.sanimax.com\/fr\/wp-json\/wp\/v2\/posts\/2679","targetHints":{"allow":["GET"]}}],"collection":[{"href":"https:\/\/rdp-pat.sanimax.com\/fr\/wp-json\/wp\/v2\/posts"}],"about":[{"href":"https:\/\/rdp-pat.sanimax.com\/fr\/wp-json\/wp\/v2\/types\/post"}],"author":[{"embeddable":true,"href":"https:\/\/rdp-pat.sanimax.com\/fr\/wp-json\/wp\/v2\/users\/7"}],"replies":[{"embeddable":true,"href":"https:\/\/rdp-pat.sanimax.com\/fr\/wp-json\/wp\/v2\/comments?post=2679"}],"version-history":[{"count":0,"href":"https:\/\/rdp-pat.sanimax.com\/fr\/wp-json\/wp\/v2\/posts\/2679\/revisions"}],"wp:featuredmedia":[{"embeddable":true,"href":"https:\/\/rdp-pat.sanimax.com\/fr\/wp-json\/wp\/v2\/media\/1904"}],"wp:attachment":[{"href":"https:\/\/rdp-pat.sanimax.com\/fr\/wp-json\/wp\/v2\/media?parent=2679"}],"wp:term":[{"taxonomy":"category","embeddable":true,"href":"https:\/\/rdp-pat.sanimax.com\/fr\/wp-json\/wp\/v2\/categories?post=2679"},{"taxonomy":"post_tag","embeddable":true,"href":"https:\/\/rdp-pat.sanimax.com\/fr\/wp-json\/wp\/v2\/tags?post=2679"}],"curies":[{"name":"wp","href":"https:\/\/api.w.org\/{rel}","templated":true}]}}