{"id":2664,"date":"2021-06-21T15:54:49","date_gmt":"2021-06-21T20:54:49","guid":{"rendered":"https:\/\/rdp-pat.sanimax.com\/?p=2664"},"modified":"2021-06-21T15:54:49","modified_gmt":"2021-06-21T20:54:49","slug":"semaine-de-la-fete-nationale-du-quebec","status":"publish","type":"post","link":"https:\/\/rdp-pat.sanimax.com\/fr\/semaine-de-la-fete-nationale-du-quebec\/","title":{"rendered":"Semaine de la F\u00eate nationale du Qu\u00e9bec"},"content":{"rendered":"\t\t<div class=\"et_pb_section et_pb_with_background et_section_regular breadcrumbs_section\">\r\n\t\t\t<div class=\" et_pb_row breadcrumbs_row\">\r\n\t\t\t\t<div class=\"et_pb_column et_pb_column_4_4 breadcrumbs_column\">\r\n\t\t\t\t\t<div class=\"et_pb_code et_pb_module breadcrumbs_module\">\r\n\t\t\t\t\t\t\t\t\t\t\t<\/div> <!-- .et_pb_code -->\r\n\t\t\t\t<\/div> <!-- .et_pb_column -->\r\n\t\t\t<\/div> <!-- .et_pb_row -->\r\n\t\t<\/div>\r\n\t\t<p>Chers membres de la communaut\u00e9,<\/p>\n<p>\u00c0 l\u2019approche du cong\u00e9 de la F\u00eate nationale du Qu\u00e9bec, l\u2019\u00e9quipe de Sanimax tient \u00e0 vous informer de l\u2019\u00e9tat des op\u00e9rations et de la s\u00e9quence que nous pr\u00e9voyons pour un jour f\u00e9ri\u00e9 sans tracas.<\/p>\n<p>En ce d\u00e9but de semaine, nous pouvons vous confirmer que le d\u00e9marrage de notre usine se d\u00e9roule de fa\u00e7on efficace et fluide. Nous n\u2019entrevoyons pas d\u2019enjeu qui pourrait avoir un impact sur nos activit\u00e9s cette semaine.<\/p>\n<p><strong>S\u00e9quence d\u2019op\u00e9rations<\/strong><\/p>\n<p>Comme certains abattoirs finiront leurs op\u00e9rations durant la journ\u00e9e du 24 juin, notre usine de RDP-PAT sera en op\u00e9ration limit\u00e9e une partie de la journ\u00e9e et nous fermerons l\u2019usine en cours de journ\u00e9e. Les activit\u00e9s reprendront graduellement vendredi en fin de journ\u00e9e, jusqu\u2019\u00e0 samedi, jour durant lequel l\u2019usine fermera comme \u00e0 l\u2019habitude en cours de journ\u00e9e.<\/p>\n<p>Un suivi serr\u00e9 de nos op\u00e9rations et les meilleures pratiques de gestion sont d\u00e9ploy\u00e9s pour nous permettre de relever le d\u00e9fi de traiter toute la mati\u00e8re organique re\u00e7ue en seulement 4 jours ouvrables. Rappelons que le bon d\u00e9marrage de nos op\u00e9rations et un processus de fermeture bien r\u00e9ussi permettent d\u2019assurer un traitement rapide et efficace de la mati\u00e8re organique, de diminuer le temps d\u2019attente des remorques et donc d\u2019assurer une gestion optimale des impacts sur la communaut\u00e9 avoisinante.<\/p>\n<p>D\u2019autres communications seront effectu\u00e9es cette semaine pour faire un suivi proactif de l\u2019\u00e9tat de nos op\u00e9rations.<\/p>\n<p>Nous vous invitons \u00e0 visiter notre <a href=\"https:\/\/rdp-pat.sanimax.com\/fr\/\">page Web<\/a>, \u00e0 rejoindre notre <a href=\"https:\/\/www.facebook.com\/groups\/sanimaxrdppat\/\">groupe Facebook<\/a> et \u00e0 suivre nos infolettres pour consulter les informations les plus \u00e0 jour en ce sens.<\/p>\n","protected":false},"excerpt":{"rendered":"<p>Chers membres de la communaut\u00e9, \u00c0 l\u2019approche du cong\u00e9 de la F\u00eate nationale du Qu\u00e9bec, l\u2019\u00e9quipe de Sanimax tient \u00e0 vous informer de l\u2019\u00e9tat des op\u00e9rations et de la s\u00e9quence que nous pr\u00e9voyons pour un jour f\u00e9ri\u00e9 sans tracas. En ce d\u00e9but de semaine, nous pouvons vous confirmer que le d\u00e9marrage de notre usine se [&hellip;]<\/p>\n","protected":false},"author":7,"featured_media":1904,"comment_status":"closed","ping_status":"closed","sticky":false,"template":"","format":"standard","meta":{"_acf_changed":false,"_et_pb_use_builder":"","_et_pb_old_content":"","_et_gb_content_width":"","_monsterinsights_skip_tracking":false,"_monsterinsights_sitenote_active":false,"_monsterinsights_sitenote_note":"","_monsterinsights_sitenote_category":0,"footnotes":""},"categories":[44],"tags":[],"class_list":["post-2664","post","type-post","status-publish","format-standard","has-post-thumbnail","hentry","category-interet-general"],"acf":[],"yoast_head":"<!-- This site is optimized with the Yoast SEO plugin v27.5 - https:\/\/yoast.com\/product\/yoast-seo-wordpress\/ -->\n<title>Semaine de la F\u00eate nationale du Qu\u00e9bec - RDP-sanimax<\/title>\n<meta name=\"robots\" content=\"index, follow, max-snippet:-1, max-image-preview:large, max-video-preview:-1\" \/>\n<link rel=\"canonical\" href=\"https:\/\/rdp-pat.sanimax.com\/fr\/semaine-de-la-fete-nationale-du-quebec\/\" \/>\n<meta property=\"og:locale\" content=\"fr_FR\" \/>\n<meta property=\"og:type\" content=\"article\" \/>\n<meta property=\"og:title\" content=\"Semaine de la F\u00eate nationale du Qu\u00e9bec - RDP-sanimax\" \/>\n<meta property=\"og:description\" content=\"Chers membres de la communaut\u00e9, \u00c0 l\u2019approche du cong\u00e9 de la F\u00eate nationale du Qu\u00e9bec, l\u2019\u00e9quipe de Sanimax tient \u00e0 vous informer de l\u2019\u00e9tat des op\u00e9rations et de la s\u00e9quence que nous pr\u00e9voyons pour un jour f\u00e9ri\u00e9 sans tracas. En ce d\u00e9but de semaine, nous pouvons vous confirmer que le d\u00e9marrage de notre usine se [&hellip;]\" \/>\n<meta property=\"og:url\" content=\"https:\/\/rdp-pat.sanimax.com\/fr\/semaine-de-la-fete-nationale-du-quebec\/\" \/>\n<meta property=\"og:site_name\" content=\"RDP-sanimax\" \/>\n<meta property=\"article:published_time\" content=\"2021-06-21T20:54:49+00:00\" \/>\n<meta property=\"og:image\" content=\"https:\/\/rdp-pat.sanimax.com\/wp-content\/uploads\/2020\/04\/background-accueil.jpg\" \/>\n\t<meta property=\"og:image:width\" content=\"1920\" \/>\n\t<meta property=\"og:image:height\" content=\"1281\" \/>\n\t<meta property=\"og:image:type\" content=\"image\/jpeg\" \/>\n<meta name=\"author\" content=\"Nicolas Laflamme\" \/>\n<meta name=\"twitter:card\" content=\"summary_large_image\" \/>\n<meta name=\"twitter:label1\" content=\"\u00c9crit par\" \/>\n\t<meta name=\"twitter:data1\" content=\"Nicolas Laflamme\" \/>\n\t<meta name=\"twitter:label2\" content=\"Dur\u00e9e de lecture estim\u00e9e\" \/>\n\t<meta name=\"twitter:data2\" content=\"2 minutes\" \/>\n<script type=\"application\/ld+json\" class=\"yoast-schema-graph\">{\"@context\":\"https:\\\/\\\/schema.org\",\"@graph\":[{\"@type\":\"Article\",\"@id\":\"https:\\\/\\\/rdp-pat.sanimax.com\\\/fr\\\/semaine-de-la-fete-nationale-du-quebec\\\/#article\",\"isPartOf\":{\"@id\":\"https:\\\/\\\/rdp-pat.sanimax.com\\\/fr\\\/semaine-de-la-fete-nationale-du-quebec\\\/\"},\"author\":{\"name\":\"Nicolas Laflamme\",\"@id\":\"https:\\\/\\\/rdp-pat.sanimax.com\\\/#\\\/schema\\\/person\\\/de4c027f6858c724ab46490c68601270\"},\"headline\":\"Semaine de la F\u00eate nationale du Qu\u00e9bec\",\"datePublished\":\"2021-06-21T20:54:49+00:00\",\"mainEntityOfPage\":{\"@id\":\"https:\\\/\\\/rdp-pat.sanimax.com\\\/fr\\\/semaine-de-la-fete-nationale-du-quebec\\\/\"},\"wordCount\":304,\"image\":{\"@id\":\"https:\\\/\\\/rdp-pat.sanimax.com\\\/fr\\\/semaine-de-la-fete-nationale-du-quebec\\\/#primaryimage\"},\"thumbnailUrl\":\"https:\\\/\\\/rdp-pat.sanimax.com\\\/wp-content\\\/uploads\\\/2020\\\/04\\\/background-accueil.jpg\",\"articleSection\":[\"Int\u00e9r\u00eat g\u00e9n\u00e9ral\"],\"inLanguage\":\"fr-FR\"},{\"@type\":\"WebPage\",\"@id\":\"https:\\\/\\\/rdp-pat.sanimax.com\\\/fr\\\/semaine-de-la-fete-nationale-du-quebec\\\/\",\"url\":\"https:\\\/\\\/rdp-pat.sanimax.com\\\/fr\\\/semaine-de-la-fete-nationale-du-quebec\\\/\",\"name\":\"Semaine de la F\u00eate nationale du Qu\u00e9bec - RDP-sanimax\",\"isPartOf\":{\"@id\":\"https:\\\/\\\/rdp-pat.sanimax.com\\\/#website\"},\"primaryImageOfPage\":{\"@id\":\"https:\\\/\\\/rdp-pat.sanimax.com\\\/fr\\\/semaine-de-la-fete-nationale-du-quebec\\\/#primaryimage\"},\"image\":{\"@id\":\"https:\\\/\\\/rdp-pat.sanimax.com\\\/fr\\\/semaine-de-la-fete-nationale-du-quebec\\\/#primaryimage\"},\"thumbnailUrl\":\"https:\\\/\\\/rdp-pat.sanimax.com\\\/wp-content\\\/uploads\\\/2020\\\/04\\\/background-accueil.jpg\",\"datePublished\":\"2021-06-21T20:54:49+00:00\",\"author\":{\"@id\":\"https:\\\/\\\/rdp-pat.sanimax.com\\\/#\\\/schema\\\/person\\\/de4c027f6858c724ab46490c68601270\"},\"breadcrumb\":{\"@id\":\"https:\\\/\\\/rdp-pat.sanimax.com\\\/fr\\\/semaine-de-la-fete-nationale-du-quebec\\\/#breadcrumb\"},\"inLanguage\":\"fr-FR\",\"potentialAction\":[{\"@type\":\"ReadAction\",\"target\":[\"https:\\\/\\\/rdp-pat.sanimax.com\\\/fr\\\/semaine-de-la-fete-nationale-du-quebec\\\/\"]}]},{\"@type\":\"ImageObject\",\"inLanguage\":\"fr-FR\",\"@id\":\"https:\\\/\\\/rdp-pat.sanimax.com\\\/fr\\\/semaine-de-la-fete-nationale-du-quebec\\\/#primaryimage\",\"url\":\"https:\\\/\\\/rdp-pat.sanimax.com\\\/wp-content\\\/uploads\\\/2020\\\/04\\\/background-accueil.jpg\",\"contentUrl\":\"https:\\\/\\\/rdp-pat.sanimax.com\\\/wp-content\\\/uploads\\\/2020\\\/04\\\/background-accueil.jpg\",\"width\":1920,\"height\":1281,\"caption\":\"Comit\u00e9 des citoyens de Rivi\u00e8re-des-Prairies\u2013Pointe-aux-Trembles et de Sanimax\"},{\"@type\":\"BreadcrumbList\",\"@id\":\"https:\\\/\\\/rdp-pat.sanimax.com\\\/fr\\\/semaine-de-la-fete-nationale-du-quebec\\\/#breadcrumb\",\"itemListElement\":[{\"@type\":\"ListItem\",\"position\":1,\"name\":\"Accueil\",\"item\":\"https:\\\/\\\/rdp-pat.sanimax.com\\\/fr\\\/\"},{\"@type\":\"ListItem\",\"position\":2,\"name\":\"Semaine de la F\u00eate nationale du Qu\u00e9bec\"}]},{\"@type\":\"WebSite\",\"@id\":\"https:\\\/\\\/rdp-pat.sanimax.com\\\/#website\",\"url\":\"https:\\\/\\\/rdp-pat.sanimax.com\\\/\",\"name\":\"RDP-sanimax\",\"description\":\"\",\"potentialAction\":[{\"@type\":\"SearchAction\",\"target\":{\"@type\":\"EntryPoint\",\"urlTemplate\":\"https:\\\/\\\/rdp-pat.sanimax.com\\\/?s={search_term_string}\"},\"query-input\":{\"@type\":\"PropertyValueSpecification\",\"valueRequired\":true,\"valueName\":\"search_term_string\"}}],\"inLanguage\":\"fr-FR\"},{\"@type\":\"Person\",\"@id\":\"https:\\\/\\\/rdp-pat.sanimax.com\\\/#\\\/schema\\\/person\\\/de4c027f6858c724ab46490c68601270\",\"name\":\"Nicolas Laflamme\",\"url\":\"https:\\\/\\\/rdp-pat.sanimax.com\\\/fr\\\/author\\\/nicolas\\\/\"}]}<\/script>\n<!-- \/ Yoast SEO plugin. -->","yoast_head_json":{"title":"Semaine de la F\u00eate nationale du Qu\u00e9bec - RDP-sanimax","robots":{"index":"index","follow":"follow","max-snippet":"max-snippet:-1","max-image-preview":"max-image-preview:large","max-video-preview":"max-video-preview:-1"},"canonical":"https:\/\/rdp-pat.sanimax.com\/fr\/semaine-de-la-fete-nationale-du-quebec\/","og_locale":"fr_FR","og_type":"article","og_title":"Semaine de la F\u00eate nationale du Qu\u00e9bec - RDP-sanimax","og_description":"Chers membres de la communaut\u00e9, \u00c0 l\u2019approche du cong\u00e9 de la F\u00eate nationale du Qu\u00e9bec, l\u2019\u00e9quipe de Sanimax tient \u00e0 vous informer de l\u2019\u00e9tat des op\u00e9rations et de la s\u00e9quence que nous pr\u00e9voyons pour un jour f\u00e9ri\u00e9 sans tracas. En ce d\u00e9but de semaine, nous pouvons vous confirmer que le d\u00e9marrage de notre usine se [&hellip;]","og_url":"https:\/\/rdp-pat.sanimax.com\/fr\/semaine-de-la-fete-nationale-du-quebec\/","og_site_name":"RDP-sanimax","article_published_time":"2021-06-21T20:54:49+00:00","og_image":[{"width":1920,"height":1281,"url":"https:\/\/rdp-pat.sanimax.com\/wp-content\/uploads\/2020\/04\/background-accueil.jpg","type":"image\/jpeg"}],"author":"Nicolas Laflamme","twitter_card":"summary_large_image","twitter_misc":{"\u00c9crit par":"Nicolas Laflamme","Dur\u00e9e de lecture estim\u00e9e":"2 minutes"},"schema":{"@context":"https:\/\/schema.org","@graph":[{"@type":"Article","@id":"https:\/\/rdp-pat.sanimax.com\/fr\/semaine-de-la-fete-nationale-du-quebec\/#article","isPartOf":{"@id":"https:\/\/rdp-pat.sanimax.com\/fr\/semaine-de-la-fete-nationale-du-quebec\/"},"author":{"name":"Nicolas Laflamme","@id":"https:\/\/rdp-pat.sanimax.com\/#\/schema\/person\/de4c027f6858c724ab46490c68601270"},"headline":"Semaine de la F\u00eate nationale du Qu\u00e9bec","datePublished":"2021-06-21T20:54:49+00:00","mainEntityOfPage":{"@id":"https:\/\/rdp-pat.sanimax.com\/fr\/semaine-de-la-fete-nationale-du-quebec\/"},"wordCount":304,"image":{"@id":"https:\/\/rdp-pat.sanimax.com\/fr\/semaine-de-la-fete-nationale-du-quebec\/#primaryimage"},"thumbnailUrl":"https:\/\/rdp-pat.sanimax.com\/wp-content\/uploads\/2020\/04\/background-accueil.jpg","articleSection":["Int\u00e9r\u00eat g\u00e9n\u00e9ral"],"inLanguage":"fr-FR"},{"@type":"WebPage","@id":"https:\/\/rdp-pat.sanimax.com\/fr\/semaine-de-la-fete-nationale-du-quebec\/","url":"https:\/\/rdp-pat.sanimax.com\/fr\/semaine-de-la-fete-nationale-du-quebec\/","name":"Semaine de la F\u00eate nationale du Qu\u00e9bec - RDP-sanimax","isPartOf":{"@id":"https:\/\/rdp-pat.sanimax.com\/#website"},"primaryImageOfPage":{"@id":"https:\/\/rdp-pat.sanimax.com\/fr\/semaine-de-la-fete-nationale-du-quebec\/#primaryimage"},"image":{"@id":"https:\/\/rdp-pat.sanimax.com\/fr\/semaine-de-la-fete-nationale-du-quebec\/#primaryimage"},"thumbnailUrl":"https:\/\/rdp-pat.sanimax.com\/wp-content\/uploads\/2020\/04\/background-accueil.jpg","datePublished":"2021-06-21T20:54:49+00:00","author":{"@id":"https:\/\/rdp-pat.sanimax.com\/#\/schema\/person\/de4c027f6858c724ab46490c68601270"},"breadcrumb":{"@id":"https:\/\/rdp-pat.sanimax.com\/fr\/semaine-de-la-fete-nationale-du-quebec\/#breadcrumb"},"inLanguage":"fr-FR","potentialAction":[{"@type":"ReadAction","target":["https:\/\/rdp-pat.sanimax.com\/fr\/semaine-de-la-fete-nationale-du-quebec\/"]}]},{"@type":"ImageObject","inLanguage":"fr-FR","@id":"https:\/\/rdp-pat.sanimax.com\/fr\/semaine-de-la-fete-nationale-du-quebec\/#primaryimage","url":"https:\/\/rdp-pat.sanimax.com\/wp-content\/uploads\/2020\/04\/background-accueil.jpg","contentUrl":"https:\/\/rdp-pat.sanimax.com\/wp-content\/uploads\/2020\/04\/background-accueil.jpg","width":1920,"height":1281,"caption":"Comit\u00e9 des citoyens de Rivi\u00e8re-des-Prairies\u2013Pointe-aux-Trembles et de Sanimax"},{"@type":"BreadcrumbList","@id":"https:\/\/rdp-pat.sanimax.com\/fr\/semaine-de-la-fete-nationale-du-quebec\/#breadcrumb","itemListElement":[{"@type":"ListItem","position":1,"name":"Accueil","item":"https:\/\/rdp-pat.sanimax.com\/fr\/"},{"@type":"ListItem","position":2,"name":"Semaine de la F\u00eate nationale du Qu\u00e9bec"}]},{"@type":"WebSite","@id":"https:\/\/rdp-pat.sanimax.com\/#website","url":"https:\/\/rdp-pat.sanimax.com\/","name":"RDP-sanimax","description":"","potentialAction":[{"@type":"SearchAction","target":{"@type":"EntryPoint","urlTemplate":"https:\/\/rdp-pat.sanimax.com\/?s={search_term_string}"},"query-input":{"@type":"PropertyValueSpecification","valueRequired":true,"valueName":"search_term_string"}}],"inLanguage":"fr-FR"},{"@type":"Person","@id":"https:\/\/rdp-pat.sanimax.com\/#\/schema\/person\/de4c027f6858c724ab46490c68601270","name":"Nicolas Laflamme","url":"https:\/\/rdp-pat.sanimax.com\/fr\/author\/nicolas\/"}]}},"_links":{"self":[{"href":"https:\/\/rdp-pat.sanimax.com\/fr\/wp-json\/wp\/v2\/posts\/2664","targetHints":{"allow":["GET"]}}],"collection":[{"href":"https:\/\/rdp-pat.sanimax.com\/fr\/wp-json\/wp\/v2\/posts"}],"about":[{"href":"https:\/\/rdp-pat.sanimax.com\/fr\/wp-json\/wp\/v2\/types\/post"}],"author":[{"embeddable":true,"href":"https:\/\/rdp-pat.sanimax.com\/fr\/wp-json\/wp\/v2\/users\/7"}],"replies":[{"embeddable":true,"href":"https:\/\/rdp-pat.sanimax.com\/fr\/wp-json\/wp\/v2\/comments?post=2664"}],"version-history":[{"count":0,"href":"https:\/\/rdp-pat.sanimax.com\/fr\/wp-json\/wp\/v2\/posts\/2664\/revisions"}],"wp:featuredmedia":[{"embeddable":true,"href":"https:\/\/rdp-pat.sanimax.com\/fr\/wp-json\/wp\/v2\/media\/1904"}],"wp:attachment":[{"href":"https:\/\/rdp-pat.sanimax.com\/fr\/wp-json\/wp\/v2\/media?parent=2664"}],"wp:term":[{"taxonomy":"category","embeddable":true,"href":"https:\/\/rdp-pat.sanimax.com\/fr\/wp-json\/wp\/v2\/categories?post=2664"},{"taxonomy":"post_tag","embeddable":true,"href":"https:\/\/rdp-pat.sanimax.com\/fr\/wp-json\/wp\/v2\/tags?post=2664"}],"curies":[{"name":"wp","href":"https:\/\/api.w.org\/{rel}","templated":true}]}}