{"id":2644,"date":"2021-05-25T15:32:05","date_gmt":"2021-05-25T20:32:05","guid":{"rendered":"https:\/\/rdp-pat.sanimax.com\/?p=2644"},"modified":"2021-05-25T15:32:05","modified_gmt":"2021-05-25T20:32:05","slug":"retour-sur-la-fin-de-semaine-de-la-fete-des-patriotes","status":"publish","type":"post","link":"https:\/\/rdp-pat.sanimax.com\/fr\/retour-sur-la-fin-de-semaine-de-la-fete-des-patriotes\/","title":{"rendered":"Retour sur la fin de semaine de la F\u00eate des Patriotes"},"content":{"rendered":"\t\t<div class=\"et_pb_section et_pb_with_background et_section_regular breadcrumbs_section\">\r\n\t\t\t<div class=\" et_pb_row breadcrumbs_row\">\r\n\t\t\t\t<div class=\"et_pb_column et_pb_column_4_4 breadcrumbs_column\">\r\n\t\t\t\t\t<div class=\"et_pb_code et_pb_module breadcrumbs_module\">\r\n\t\t\t\t\t\t\t\t\t\t\t<\/div> <!-- .et_pb_code -->\r\n\t\t\t\t<\/div> <!-- .et_pb_column -->\r\n\t\t\t<\/div> <!-- .et_pb_row -->\r\n\t\t<\/div>\r\n\t\t<p>Chers membres de la communaut\u00e9,<\/p>\n<p>Voici une courte mise \u00e0 jour faisant le point sur nos op\u00e9rations en ce mardi 25 mai 2021.<\/p>\n<p>Le processus de fermeture de notre usine s\u2019est d\u00e9roul\u00e9 samedi dernier, \u00e0 15h00, avec succ\u00e8s. L\u2019usine \u00e9tait donc compl\u00e8tement ferm\u00e9e dimanche et lundi, toute la journ\u00e9e.<\/p>\n<p>De plus, nous avons le plaisir de vous informer que le d\u00e9marrage de notre usine a d\u00e9but\u00e9 t\u00f4t ce matin et se d\u00e9roule normalement. Nous sommes confiants que nous serons mesure de traiter rapidement et efficacement l\u2019ensemble de la mati\u00e8re que nous recevrons tout au long de cette semaine de quatre (4) jours.<\/p>\n<p>Cette capacit\u00e9 \u00e0 traiter durant une courte semaine les volumes normalement re\u00e7us sur une p\u00e9riode de cinq (5) jours t\u00e9moignent de la robustesse de nos installations et de l\u2019am\u00e9lioration continue de nos pratiques de gestion et de maintenance pr\u00e9ventive et pr\u00e9dictive.<\/p>\n","protected":false},"excerpt":{"rendered":"<p>Chers membres de la communaut\u00e9, Voici une courte mise \u00e0 jour faisant le point sur nos op\u00e9rations en ce mardi 25 mai 2021. Le processus de fermeture de notre usine s\u2019est d\u00e9roul\u00e9 samedi dernier, \u00e0 15h00, avec succ\u00e8s. L\u2019usine \u00e9tait donc compl\u00e8tement ferm\u00e9e dimanche et lundi, toute la journ\u00e9e. De plus, nous avons le plaisir [&hellip;]<\/p>\n","protected":false},"author":7,"featured_media":1904,"comment_status":"closed","ping_status":"closed","sticky":false,"template":"","format":"standard","meta":{"_acf_changed":false,"_et_pb_use_builder":"","_et_pb_old_content":"","_et_gb_content_width":"","_monsterinsights_skip_tracking":false,"_monsterinsights_sitenote_active":false,"_monsterinsights_sitenote_note":"","_monsterinsights_sitenote_category":0,"footnotes":""},"categories":[44],"tags":[],"class_list":["post-2644","post","type-post","status-publish","format-standard","has-post-thumbnail","hentry","category-interet-general"],"acf":[],"yoast_head":"<!-- This site is optimized with the Yoast SEO plugin v27.5 - https:\/\/yoast.com\/product\/yoast-seo-wordpress\/ -->\n<title>Retour sur la fin de semaine de la F\u00eate des Patriotes - RDP-sanimax<\/title>\n<meta name=\"robots\" content=\"index, follow, max-snippet:-1, max-image-preview:large, max-video-preview:-1\" \/>\n<link rel=\"canonical\" href=\"https:\/\/rdp-pat.sanimax.com\/fr\/retour-sur-la-fin-de-semaine-de-la-fete-des-patriotes\/\" \/>\n<meta property=\"og:locale\" content=\"fr_FR\" \/>\n<meta property=\"og:type\" content=\"article\" \/>\n<meta property=\"og:title\" content=\"Retour sur la fin de semaine de la F\u00eate des Patriotes - RDP-sanimax\" \/>\n<meta property=\"og:description\" content=\"Chers membres de la communaut\u00e9, Voici une courte mise \u00e0 jour faisant le point sur nos op\u00e9rations en ce mardi 25 mai 2021. Le processus de fermeture de notre usine s\u2019est d\u00e9roul\u00e9 samedi dernier, \u00e0 15h00, avec succ\u00e8s. L\u2019usine \u00e9tait donc compl\u00e8tement ferm\u00e9e dimanche et lundi, toute la journ\u00e9e. De plus, nous avons le plaisir [&hellip;]\" \/>\n<meta property=\"og:url\" content=\"https:\/\/rdp-pat.sanimax.com\/fr\/retour-sur-la-fin-de-semaine-de-la-fete-des-patriotes\/\" \/>\n<meta property=\"og:site_name\" content=\"RDP-sanimax\" \/>\n<meta property=\"article:published_time\" content=\"2021-05-25T20:32:05+00:00\" \/>\n<meta property=\"og:image\" content=\"https:\/\/rdp-pat.sanimax.com\/wp-content\/uploads\/2020\/04\/background-accueil.jpg\" \/>\n\t<meta property=\"og:image:width\" content=\"1920\" \/>\n\t<meta property=\"og:image:height\" content=\"1281\" \/>\n\t<meta property=\"og:image:type\" content=\"image\/jpeg\" \/>\n<meta name=\"author\" content=\"Nicolas Laflamme\" \/>\n<meta name=\"twitter:card\" content=\"summary_large_image\" \/>\n<meta name=\"twitter:label1\" content=\"\u00c9crit par\" \/>\n\t<meta name=\"twitter:data1\" content=\"Nicolas Laflamme\" \/>\n\t<meta name=\"twitter:label2\" content=\"Dur\u00e9e de lecture estim\u00e9e\" \/>\n\t<meta name=\"twitter:data2\" content=\"1 minute\" \/>\n<script type=\"application\/ld+json\" class=\"yoast-schema-graph\">{\"@context\":\"https:\\\/\\\/schema.org\",\"@graph\":[{\"@type\":\"Article\",\"@id\":\"https:\\\/\\\/rdp-pat.sanimax.com\\\/fr\\\/retour-sur-la-fin-de-semaine-de-la-fete-des-patriotes\\\/#article\",\"isPartOf\":{\"@id\":\"https:\\\/\\\/rdp-pat.sanimax.com\\\/fr\\\/retour-sur-la-fin-de-semaine-de-la-fete-des-patriotes\\\/\"},\"author\":{\"name\":\"Nicolas Laflamme\",\"@id\":\"https:\\\/\\\/rdp-pat.sanimax.com\\\/#\\\/schema\\\/person\\\/de4c027f6858c724ab46490c68601270\"},\"headline\":\"Retour sur la fin de semaine de la F\u00eate des Patriotes\",\"datePublished\":\"2021-05-25T20:32:05+00:00\",\"mainEntityOfPage\":{\"@id\":\"https:\\\/\\\/rdp-pat.sanimax.com\\\/fr\\\/retour-sur-la-fin-de-semaine-de-la-fete-des-patriotes\\\/\"},\"wordCount\":169,\"image\":{\"@id\":\"https:\\\/\\\/rdp-pat.sanimax.com\\\/fr\\\/retour-sur-la-fin-de-semaine-de-la-fete-des-patriotes\\\/#primaryimage\"},\"thumbnailUrl\":\"https:\\\/\\\/rdp-pat.sanimax.com\\\/wp-content\\\/uploads\\\/2020\\\/04\\\/background-accueil.jpg\",\"articleSection\":[\"Int\u00e9r\u00eat g\u00e9n\u00e9ral\"],\"inLanguage\":\"fr-FR\"},{\"@type\":\"WebPage\",\"@id\":\"https:\\\/\\\/rdp-pat.sanimax.com\\\/fr\\\/retour-sur-la-fin-de-semaine-de-la-fete-des-patriotes\\\/\",\"url\":\"https:\\\/\\\/rdp-pat.sanimax.com\\\/fr\\\/retour-sur-la-fin-de-semaine-de-la-fete-des-patriotes\\\/\",\"name\":\"Retour sur la fin de semaine de la F\u00eate des Patriotes - RDP-sanimax\",\"isPartOf\":{\"@id\":\"https:\\\/\\\/rdp-pat.sanimax.com\\\/#website\"},\"primaryImageOfPage\":{\"@id\":\"https:\\\/\\\/rdp-pat.sanimax.com\\\/fr\\\/retour-sur-la-fin-de-semaine-de-la-fete-des-patriotes\\\/#primaryimage\"},\"image\":{\"@id\":\"https:\\\/\\\/rdp-pat.sanimax.com\\\/fr\\\/retour-sur-la-fin-de-semaine-de-la-fete-des-patriotes\\\/#primaryimage\"},\"thumbnailUrl\":\"https:\\\/\\\/rdp-pat.sanimax.com\\\/wp-content\\\/uploads\\\/2020\\\/04\\\/background-accueil.jpg\",\"datePublished\":\"2021-05-25T20:32:05+00:00\",\"author\":{\"@id\":\"https:\\\/\\\/rdp-pat.sanimax.com\\\/#\\\/schema\\\/person\\\/de4c027f6858c724ab46490c68601270\"},\"breadcrumb\":{\"@id\":\"https:\\\/\\\/rdp-pat.sanimax.com\\\/fr\\\/retour-sur-la-fin-de-semaine-de-la-fete-des-patriotes\\\/#breadcrumb\"},\"inLanguage\":\"fr-FR\",\"potentialAction\":[{\"@type\":\"ReadAction\",\"target\":[\"https:\\\/\\\/rdp-pat.sanimax.com\\\/fr\\\/retour-sur-la-fin-de-semaine-de-la-fete-des-patriotes\\\/\"]}]},{\"@type\":\"ImageObject\",\"inLanguage\":\"fr-FR\",\"@id\":\"https:\\\/\\\/rdp-pat.sanimax.com\\\/fr\\\/retour-sur-la-fin-de-semaine-de-la-fete-des-patriotes\\\/#primaryimage\",\"url\":\"https:\\\/\\\/rdp-pat.sanimax.com\\\/wp-content\\\/uploads\\\/2020\\\/04\\\/background-accueil.jpg\",\"contentUrl\":\"https:\\\/\\\/rdp-pat.sanimax.com\\\/wp-content\\\/uploads\\\/2020\\\/04\\\/background-accueil.jpg\",\"width\":1920,\"height\":1281,\"caption\":\"Comit\u00e9 des citoyens de Rivi\u00e8re-des-Prairies\u2013Pointe-aux-Trembles et de Sanimax\"},{\"@type\":\"BreadcrumbList\",\"@id\":\"https:\\\/\\\/rdp-pat.sanimax.com\\\/fr\\\/retour-sur-la-fin-de-semaine-de-la-fete-des-patriotes\\\/#breadcrumb\",\"itemListElement\":[{\"@type\":\"ListItem\",\"position\":1,\"name\":\"Accueil\",\"item\":\"https:\\\/\\\/rdp-pat.sanimax.com\\\/fr\\\/\"},{\"@type\":\"ListItem\",\"position\":2,\"name\":\"Retour sur la fin de semaine de la F\u00eate des Patriotes\"}]},{\"@type\":\"WebSite\",\"@id\":\"https:\\\/\\\/rdp-pat.sanimax.com\\\/#website\",\"url\":\"https:\\\/\\\/rdp-pat.sanimax.com\\\/\",\"name\":\"RDP-sanimax\",\"description\":\"\",\"potentialAction\":[{\"@type\":\"SearchAction\",\"target\":{\"@type\":\"EntryPoint\",\"urlTemplate\":\"https:\\\/\\\/rdp-pat.sanimax.com\\\/?s={search_term_string}\"},\"query-input\":{\"@type\":\"PropertyValueSpecification\",\"valueRequired\":true,\"valueName\":\"search_term_string\"}}],\"inLanguage\":\"fr-FR\"},{\"@type\":\"Person\",\"@id\":\"https:\\\/\\\/rdp-pat.sanimax.com\\\/#\\\/schema\\\/person\\\/de4c027f6858c724ab46490c68601270\",\"name\":\"Nicolas Laflamme\",\"url\":\"https:\\\/\\\/rdp-pat.sanimax.com\\\/fr\\\/author\\\/nicolas\\\/\"}]}<\/script>\n<!-- \/ Yoast SEO plugin. -->","yoast_head_json":{"title":"Retour sur la fin de semaine de la F\u00eate des Patriotes - RDP-sanimax","robots":{"index":"index","follow":"follow","max-snippet":"max-snippet:-1","max-image-preview":"max-image-preview:large","max-video-preview":"max-video-preview:-1"},"canonical":"https:\/\/rdp-pat.sanimax.com\/fr\/retour-sur-la-fin-de-semaine-de-la-fete-des-patriotes\/","og_locale":"fr_FR","og_type":"article","og_title":"Retour sur la fin de semaine de la F\u00eate des Patriotes - RDP-sanimax","og_description":"Chers membres de la communaut\u00e9, Voici une courte mise \u00e0 jour faisant le point sur nos op\u00e9rations en ce mardi 25 mai 2021. Le processus de fermeture de notre usine s\u2019est d\u00e9roul\u00e9 samedi dernier, \u00e0 15h00, avec succ\u00e8s. L\u2019usine \u00e9tait donc compl\u00e8tement ferm\u00e9e dimanche et lundi, toute la journ\u00e9e. De plus, nous avons le plaisir [&hellip;]","og_url":"https:\/\/rdp-pat.sanimax.com\/fr\/retour-sur-la-fin-de-semaine-de-la-fete-des-patriotes\/","og_site_name":"RDP-sanimax","article_published_time":"2021-05-25T20:32:05+00:00","og_image":[{"width":1920,"height":1281,"url":"https:\/\/rdp-pat.sanimax.com\/wp-content\/uploads\/2020\/04\/background-accueil.jpg","type":"image\/jpeg"}],"author":"Nicolas Laflamme","twitter_card":"summary_large_image","twitter_misc":{"\u00c9crit par":"Nicolas Laflamme","Dur\u00e9e de lecture estim\u00e9e":"1 minute"},"schema":{"@context":"https:\/\/schema.org","@graph":[{"@type":"Article","@id":"https:\/\/rdp-pat.sanimax.com\/fr\/retour-sur-la-fin-de-semaine-de-la-fete-des-patriotes\/#article","isPartOf":{"@id":"https:\/\/rdp-pat.sanimax.com\/fr\/retour-sur-la-fin-de-semaine-de-la-fete-des-patriotes\/"},"author":{"name":"Nicolas Laflamme","@id":"https:\/\/rdp-pat.sanimax.com\/#\/schema\/person\/de4c027f6858c724ab46490c68601270"},"headline":"Retour sur la fin de semaine de la F\u00eate des Patriotes","datePublished":"2021-05-25T20:32:05+00:00","mainEntityOfPage":{"@id":"https:\/\/rdp-pat.sanimax.com\/fr\/retour-sur-la-fin-de-semaine-de-la-fete-des-patriotes\/"},"wordCount":169,"image":{"@id":"https:\/\/rdp-pat.sanimax.com\/fr\/retour-sur-la-fin-de-semaine-de-la-fete-des-patriotes\/#primaryimage"},"thumbnailUrl":"https:\/\/rdp-pat.sanimax.com\/wp-content\/uploads\/2020\/04\/background-accueil.jpg","articleSection":["Int\u00e9r\u00eat g\u00e9n\u00e9ral"],"inLanguage":"fr-FR"},{"@type":"WebPage","@id":"https:\/\/rdp-pat.sanimax.com\/fr\/retour-sur-la-fin-de-semaine-de-la-fete-des-patriotes\/","url":"https:\/\/rdp-pat.sanimax.com\/fr\/retour-sur-la-fin-de-semaine-de-la-fete-des-patriotes\/","name":"Retour sur la fin de semaine de la F\u00eate des Patriotes - RDP-sanimax","isPartOf":{"@id":"https:\/\/rdp-pat.sanimax.com\/#website"},"primaryImageOfPage":{"@id":"https:\/\/rdp-pat.sanimax.com\/fr\/retour-sur-la-fin-de-semaine-de-la-fete-des-patriotes\/#primaryimage"},"image":{"@id":"https:\/\/rdp-pat.sanimax.com\/fr\/retour-sur-la-fin-de-semaine-de-la-fete-des-patriotes\/#primaryimage"},"thumbnailUrl":"https:\/\/rdp-pat.sanimax.com\/wp-content\/uploads\/2020\/04\/background-accueil.jpg","datePublished":"2021-05-25T20:32:05+00:00","author":{"@id":"https:\/\/rdp-pat.sanimax.com\/#\/schema\/person\/de4c027f6858c724ab46490c68601270"},"breadcrumb":{"@id":"https:\/\/rdp-pat.sanimax.com\/fr\/retour-sur-la-fin-de-semaine-de-la-fete-des-patriotes\/#breadcrumb"},"inLanguage":"fr-FR","potentialAction":[{"@type":"ReadAction","target":["https:\/\/rdp-pat.sanimax.com\/fr\/retour-sur-la-fin-de-semaine-de-la-fete-des-patriotes\/"]}]},{"@type":"ImageObject","inLanguage":"fr-FR","@id":"https:\/\/rdp-pat.sanimax.com\/fr\/retour-sur-la-fin-de-semaine-de-la-fete-des-patriotes\/#primaryimage","url":"https:\/\/rdp-pat.sanimax.com\/wp-content\/uploads\/2020\/04\/background-accueil.jpg","contentUrl":"https:\/\/rdp-pat.sanimax.com\/wp-content\/uploads\/2020\/04\/background-accueil.jpg","width":1920,"height":1281,"caption":"Comit\u00e9 des citoyens de Rivi\u00e8re-des-Prairies\u2013Pointe-aux-Trembles et de Sanimax"},{"@type":"BreadcrumbList","@id":"https:\/\/rdp-pat.sanimax.com\/fr\/retour-sur-la-fin-de-semaine-de-la-fete-des-patriotes\/#breadcrumb","itemListElement":[{"@type":"ListItem","position":1,"name":"Accueil","item":"https:\/\/rdp-pat.sanimax.com\/fr\/"},{"@type":"ListItem","position":2,"name":"Retour sur la fin de semaine de la F\u00eate des Patriotes"}]},{"@type":"WebSite","@id":"https:\/\/rdp-pat.sanimax.com\/#website","url":"https:\/\/rdp-pat.sanimax.com\/","name":"RDP-sanimax","description":"","potentialAction":[{"@type":"SearchAction","target":{"@type":"EntryPoint","urlTemplate":"https:\/\/rdp-pat.sanimax.com\/?s={search_term_string}"},"query-input":{"@type":"PropertyValueSpecification","valueRequired":true,"valueName":"search_term_string"}}],"inLanguage":"fr-FR"},{"@type":"Person","@id":"https:\/\/rdp-pat.sanimax.com\/#\/schema\/person\/de4c027f6858c724ab46490c68601270","name":"Nicolas Laflamme","url":"https:\/\/rdp-pat.sanimax.com\/fr\/author\/nicolas\/"}]}},"_links":{"self":[{"href":"https:\/\/rdp-pat.sanimax.com\/fr\/wp-json\/wp\/v2\/posts\/2644","targetHints":{"allow":["GET"]}}],"collection":[{"href":"https:\/\/rdp-pat.sanimax.com\/fr\/wp-json\/wp\/v2\/posts"}],"about":[{"href":"https:\/\/rdp-pat.sanimax.com\/fr\/wp-json\/wp\/v2\/types\/post"}],"author":[{"embeddable":true,"href":"https:\/\/rdp-pat.sanimax.com\/fr\/wp-json\/wp\/v2\/users\/7"}],"replies":[{"embeddable":true,"href":"https:\/\/rdp-pat.sanimax.com\/fr\/wp-json\/wp\/v2\/comments?post=2644"}],"version-history":[{"count":0,"href":"https:\/\/rdp-pat.sanimax.com\/fr\/wp-json\/wp\/v2\/posts\/2644\/revisions"}],"wp:featuredmedia":[{"embeddable":true,"href":"https:\/\/rdp-pat.sanimax.com\/fr\/wp-json\/wp\/v2\/media\/1904"}],"wp:attachment":[{"href":"https:\/\/rdp-pat.sanimax.com\/fr\/wp-json\/wp\/v2\/media?parent=2644"}],"wp:term":[{"taxonomy":"category","embeddable":true,"href":"https:\/\/rdp-pat.sanimax.com\/fr\/wp-json\/wp\/v2\/categories?post=2644"},{"taxonomy":"post_tag","embeddable":true,"href":"https:\/\/rdp-pat.sanimax.com\/fr\/wp-json\/wp\/v2\/tags?post=2644"}],"curies":[{"name":"wp","href":"https:\/\/api.w.org\/{rel}","templated":true}]}}