{"id":2639,"date":"2021-05-21T16:00:11","date_gmt":"2021-05-21T21:00:11","guid":{"rendered":"https:\/\/rdp-pat.sanimax.com\/?p=2639"},"modified":"2021-05-21T16:00:11","modified_gmt":"2021-05-21T21:00:11","slug":"fin-de-semaine-de-la-fete-des-patriotes","status":"publish","type":"post","link":"https:\/\/rdp-pat.sanimax.com\/fr\/fin-de-semaine-de-la-fete-des-patriotes\/","title":{"rendered":"Fin de semaine de la F\u00eate des Patriotes"},"content":{"rendered":"\t\t<div class=\"et_pb_section et_pb_with_background et_section_regular breadcrumbs_section\">\r\n\t\t\t<div class=\" et_pb_row breadcrumbs_row\">\r\n\t\t\t\t<div class=\"et_pb_column et_pb_column_4_4 breadcrumbs_column\">\r\n\t\t\t\t\t<div class=\"et_pb_code et_pb_module breadcrumbs_module\">\r\n\t\t\t\t\t\t\t\t\t\t\t<\/div> <!-- .et_pb_code -->\r\n\t\t\t\t<\/div> <!-- .et_pb_column -->\r\n\t\t\t<\/div> <!-- .et_pb_row -->\r\n\t\t<\/div>\r\n\t\t<p>Chers membres de la communaut\u00e9,<\/p>\n<p>\u00c0 l\u2019approche de la fin de semaine de la F\u00eate des Patriotes, nous pouvons vous confirmer que nos op\u00e9rations se d\u00e9roulent de mani\u00e8re efficace et fluide en pr\u00e9paration de la longue fin de semaine et que nous n\u2019entrevoyons pas d\u2019enjeu qui pourrait avoir un impact pendant la fin de semaine.<\/p>\n<p>L\u2019\u00e9quipe de Sanimax amorcera son processus de fermeture de l\u2019usine ce samedi, d\u00e8s 15h00 (fin de la r\u00e9ception des remorques), pour une fermeture compl\u00e8te des activit\u00e9s jusqu\u2019\u00e0 la nuit de lundi.<\/p>\n<p>Toutes les actions sont prises pour que les op\u00e9rations se d\u00e9roulent sans faille et que notre usine puisse red\u00e9marrer sans d\u00e9lai mardi matin. Rappelons que le bon d\u00e9marrage de nos op\u00e9rations est essentiel pour assurer un traitement rapide et efficace de la mati\u00e8re organique, diminuer le temps d\u2019attente des remorques et ainsi d\u2019assurer une gestion optimale des impacts sur la communaut\u00e9 avoisinante.<\/p>\n<p>En guise de rappel, les mesures suivantes sont en place depuis le d\u00e9but du mois de mai afin de diminuer l\u2019impact de nos op\u00e9rations sur la communaut\u00e9\u00a0:<\/p>\n<ul>\n<li>D\u00e9placement de la circulation des camions et remorques de mati\u00e8res premi\u00e8res par l\u2019entr\u00e9e de la 7e\u00a0rue;<\/li>\n<li>Maintien en fonction en tout temps des syst\u00e8mes d\u2019air ambiant d\u2019abattement d\u2019odeurs;<\/li>\n<li>Utilisation d\u2019un syst\u00e8me de brumisation dans les aires d\u2019attente des remorques, de pes\u00e9e et le long du boulevard Maurice-Duplessis\u00a0;<\/li>\n<li>Nouveau syst\u00e8me pilote de captation d\u2019air et d\u2019odeurs sur certains silos de produits finis.<\/li>\n<\/ul>\n<p>Enfin, nous rappelons que Sanimax a r\u00e9alis\u00e9 d\u2019importants investissements au cours des derniers mois et que des <a href=\"https:\/\/rdp-pat.sanimax.com\/fr\/soyons-prets-pour-lete-2021\/\">mesures sp\u00e9ciales pour l\u2019\u00e9t\u00e9<\/a> ont \u00e9t\u00e9 d\u00e9ploy\u00e9es pour assurer une robustesse et une fluidit\u00e9 d\u2019op\u00e9ration maximale en pr\u00e9vision de la p\u00e9riode estivale.<\/p>\n<h4><strong><em>Signalement rapide et efficace<\/em><\/strong><\/h4>\n<p>Nous vous invitons \u00e0 communiquer avec nous pour nous signaler toute situation inhabituelle. Gr\u00e2ce \u00e0 vos commentaires et nos outils technologiques de pointe, nous serons en mesure d\u2019\u00e9valuer rapidement les causes potentielles et donc d\u00e9ployer les actions n\u00e9cessaires pour corriger la situation.<\/p>\n<p>Si vous souhaitez communiquer avec Sanimax ou la Ville de Montr\u00e9al, vous pouvez le faire aux num\u00e9ros suivants :<\/p>\n<ul>\n<li>Sanimax \u2013 Services aux citoyens\u00a0: 514-648-1083<\/li>\n<li>Service de l\u2019Environnement de la Ville de Montr\u00e9al\u00a0: 514-280-4330 (choisir l\u2019option \u00ab\u00a0Environnement\u00a0\u00bb)<\/li>\n<\/ul>\n<p>Nous vous invitons \u00e0 visiter notre <a href=\"https:\/\/rdp-pat.sanimax.com\/fr\/\">page Web<\/a>, \u00e0 rejoindre notre <a href=\"https:\/\/www.facebook.com\/groups\/sanimaxrdppat\/\">groupe Facebook<\/a> et \u00e0 suivre nos infolettres pour consulter les informations les plus \u00e0 jour sur nos op\u00e9rations.<\/p>\n<p>Nous vous souhaitons une bonne fin de semaine et une heureuse F\u00eate des Patriotes.<\/p>\n","protected":false},"excerpt":{"rendered":"<p>Chers membres de la communaut\u00e9, \u00c0 l\u2019approche de la fin de semaine de la F\u00eate des Patriotes, nous pouvons vous confirmer que nos op\u00e9rations se d\u00e9roulent de mani\u00e8re efficace et fluide en pr\u00e9paration de la longue fin de semaine et que nous n\u2019entrevoyons pas d\u2019enjeu qui pourrait avoir un impact pendant la fin de semaine. [&hellip;]<\/p>\n","protected":false},"author":7,"featured_media":1904,"comment_status":"closed","ping_status":"closed","sticky":false,"template":"","format":"standard","meta":{"_acf_changed":false,"_et_pb_use_builder":"","_et_pb_old_content":"","_et_gb_content_width":"","_monsterinsights_skip_tracking":false,"_monsterinsights_sitenote_active":false,"_monsterinsights_sitenote_note":"","_monsterinsights_sitenote_category":0,"footnotes":""},"categories":[44],"tags":[],"class_list":["post-2639","post","type-post","status-publish","format-standard","has-post-thumbnail","hentry","category-interet-general"],"acf":[],"yoast_head":"<!-- This site is optimized with the Yoast SEO plugin v27.5 - https:\/\/yoast.com\/product\/yoast-seo-wordpress\/ -->\n<title>Fin de semaine de la F\u00eate des Patriotes - RDP-sanimax<\/title>\n<meta name=\"robots\" content=\"index, follow, max-snippet:-1, max-image-preview:large, max-video-preview:-1\" \/>\n<link rel=\"canonical\" href=\"https:\/\/rdp-pat.sanimax.com\/fr\/fin-de-semaine-de-la-fete-des-patriotes\/\" \/>\n<meta property=\"og:locale\" content=\"fr_FR\" \/>\n<meta property=\"og:type\" content=\"article\" \/>\n<meta property=\"og:title\" content=\"Fin de semaine de la F\u00eate des Patriotes - RDP-sanimax\" \/>\n<meta property=\"og:description\" content=\"Chers membres de la communaut\u00e9, \u00c0 l\u2019approche de la fin de semaine de la F\u00eate des Patriotes, nous pouvons vous confirmer que nos op\u00e9rations se d\u00e9roulent de mani\u00e8re efficace et fluide en pr\u00e9paration de la longue fin de semaine et que nous n\u2019entrevoyons pas d\u2019enjeu qui pourrait avoir un impact pendant la fin de semaine. [&hellip;]\" \/>\n<meta property=\"og:url\" content=\"https:\/\/rdp-pat.sanimax.com\/fr\/fin-de-semaine-de-la-fete-des-patriotes\/\" \/>\n<meta property=\"og:site_name\" content=\"RDP-sanimax\" \/>\n<meta property=\"article:published_time\" content=\"2021-05-21T21:00:11+00:00\" \/>\n<meta property=\"og:image\" content=\"https:\/\/rdp-pat.sanimax.com\/wp-content\/uploads\/2020\/04\/background-accueil.jpg\" \/>\n\t<meta property=\"og:image:width\" content=\"1920\" \/>\n\t<meta property=\"og:image:height\" content=\"1281\" \/>\n\t<meta property=\"og:image:type\" content=\"image\/jpeg\" \/>\n<meta name=\"author\" content=\"Nicolas Laflamme\" \/>\n<meta name=\"twitter:card\" content=\"summary_large_image\" \/>\n<meta name=\"twitter:label1\" content=\"\u00c9crit par\" \/>\n\t<meta name=\"twitter:data1\" content=\"Nicolas Laflamme\" \/>\n\t<meta name=\"twitter:label2\" content=\"Dur\u00e9e de lecture estim\u00e9e\" \/>\n\t<meta name=\"twitter:data2\" content=\"2 minutes\" \/>\n<script type=\"application\/ld+json\" class=\"yoast-schema-graph\">{\"@context\":\"https:\\\/\\\/schema.org\",\"@graph\":[{\"@type\":\"Article\",\"@id\":\"https:\\\/\\\/rdp-pat.sanimax.com\\\/fr\\\/fin-de-semaine-de-la-fete-des-patriotes\\\/#article\",\"isPartOf\":{\"@id\":\"https:\\\/\\\/rdp-pat.sanimax.com\\\/fr\\\/fin-de-semaine-de-la-fete-des-patriotes\\\/\"},\"author\":{\"name\":\"Nicolas Laflamme\",\"@id\":\"https:\\\/\\\/rdp-pat.sanimax.com\\\/#\\\/schema\\\/person\\\/de4c027f6858c724ab46490c68601270\"},\"headline\":\"Fin de semaine de la F\u00eate des Patriotes\",\"datePublished\":\"2021-05-21T21:00:11+00:00\",\"mainEntityOfPage\":{\"@id\":\"https:\\\/\\\/rdp-pat.sanimax.com\\\/fr\\\/fin-de-semaine-de-la-fete-des-patriotes\\\/\"},\"wordCount\":467,\"image\":{\"@id\":\"https:\\\/\\\/rdp-pat.sanimax.com\\\/fr\\\/fin-de-semaine-de-la-fete-des-patriotes\\\/#primaryimage\"},\"thumbnailUrl\":\"https:\\\/\\\/rdp-pat.sanimax.com\\\/wp-content\\\/uploads\\\/2020\\\/04\\\/background-accueil.jpg\",\"articleSection\":[\"Int\u00e9r\u00eat g\u00e9n\u00e9ral\"],\"inLanguage\":\"fr-FR\"},{\"@type\":\"WebPage\",\"@id\":\"https:\\\/\\\/rdp-pat.sanimax.com\\\/fr\\\/fin-de-semaine-de-la-fete-des-patriotes\\\/\",\"url\":\"https:\\\/\\\/rdp-pat.sanimax.com\\\/fr\\\/fin-de-semaine-de-la-fete-des-patriotes\\\/\",\"name\":\"Fin de semaine de la F\u00eate des Patriotes - RDP-sanimax\",\"isPartOf\":{\"@id\":\"https:\\\/\\\/rdp-pat.sanimax.com\\\/#website\"},\"primaryImageOfPage\":{\"@id\":\"https:\\\/\\\/rdp-pat.sanimax.com\\\/fr\\\/fin-de-semaine-de-la-fete-des-patriotes\\\/#primaryimage\"},\"image\":{\"@id\":\"https:\\\/\\\/rdp-pat.sanimax.com\\\/fr\\\/fin-de-semaine-de-la-fete-des-patriotes\\\/#primaryimage\"},\"thumbnailUrl\":\"https:\\\/\\\/rdp-pat.sanimax.com\\\/wp-content\\\/uploads\\\/2020\\\/04\\\/background-accueil.jpg\",\"datePublished\":\"2021-05-21T21:00:11+00:00\",\"author\":{\"@id\":\"https:\\\/\\\/rdp-pat.sanimax.com\\\/#\\\/schema\\\/person\\\/de4c027f6858c724ab46490c68601270\"},\"breadcrumb\":{\"@id\":\"https:\\\/\\\/rdp-pat.sanimax.com\\\/fr\\\/fin-de-semaine-de-la-fete-des-patriotes\\\/#breadcrumb\"},\"inLanguage\":\"fr-FR\",\"potentialAction\":[{\"@type\":\"ReadAction\",\"target\":[\"https:\\\/\\\/rdp-pat.sanimax.com\\\/fr\\\/fin-de-semaine-de-la-fete-des-patriotes\\\/\"]}]},{\"@type\":\"ImageObject\",\"inLanguage\":\"fr-FR\",\"@id\":\"https:\\\/\\\/rdp-pat.sanimax.com\\\/fr\\\/fin-de-semaine-de-la-fete-des-patriotes\\\/#primaryimage\",\"url\":\"https:\\\/\\\/rdp-pat.sanimax.com\\\/wp-content\\\/uploads\\\/2020\\\/04\\\/background-accueil.jpg\",\"contentUrl\":\"https:\\\/\\\/rdp-pat.sanimax.com\\\/wp-content\\\/uploads\\\/2020\\\/04\\\/background-accueil.jpg\",\"width\":1920,\"height\":1281,\"caption\":\"Comit\u00e9 des citoyens de Rivi\u00e8re-des-Prairies\u2013Pointe-aux-Trembles et de Sanimax\"},{\"@type\":\"BreadcrumbList\",\"@id\":\"https:\\\/\\\/rdp-pat.sanimax.com\\\/fr\\\/fin-de-semaine-de-la-fete-des-patriotes\\\/#breadcrumb\",\"itemListElement\":[{\"@type\":\"ListItem\",\"position\":1,\"name\":\"Accueil\",\"item\":\"https:\\\/\\\/rdp-pat.sanimax.com\\\/fr\\\/\"},{\"@type\":\"ListItem\",\"position\":2,\"name\":\"Fin de semaine de la F\u00eate des Patriotes\"}]},{\"@type\":\"WebSite\",\"@id\":\"https:\\\/\\\/rdp-pat.sanimax.com\\\/#website\",\"url\":\"https:\\\/\\\/rdp-pat.sanimax.com\\\/\",\"name\":\"RDP-sanimax\",\"description\":\"\",\"potentialAction\":[{\"@type\":\"SearchAction\",\"target\":{\"@type\":\"EntryPoint\",\"urlTemplate\":\"https:\\\/\\\/rdp-pat.sanimax.com\\\/?s={search_term_string}\"},\"query-input\":{\"@type\":\"PropertyValueSpecification\",\"valueRequired\":true,\"valueName\":\"search_term_string\"}}],\"inLanguage\":\"fr-FR\"},{\"@type\":\"Person\",\"@id\":\"https:\\\/\\\/rdp-pat.sanimax.com\\\/#\\\/schema\\\/person\\\/de4c027f6858c724ab46490c68601270\",\"name\":\"Nicolas Laflamme\",\"url\":\"https:\\\/\\\/rdp-pat.sanimax.com\\\/fr\\\/author\\\/nicolas\\\/\"}]}<\/script>\n<!-- \/ Yoast SEO plugin. -->","yoast_head_json":{"title":"Fin de semaine de la F\u00eate des Patriotes - RDP-sanimax","robots":{"index":"index","follow":"follow","max-snippet":"max-snippet:-1","max-image-preview":"max-image-preview:large","max-video-preview":"max-video-preview:-1"},"canonical":"https:\/\/rdp-pat.sanimax.com\/fr\/fin-de-semaine-de-la-fete-des-patriotes\/","og_locale":"fr_FR","og_type":"article","og_title":"Fin de semaine de la F\u00eate des Patriotes - RDP-sanimax","og_description":"Chers membres de la communaut\u00e9, \u00c0 l\u2019approche de la fin de semaine de la F\u00eate des Patriotes, nous pouvons vous confirmer que nos op\u00e9rations se d\u00e9roulent de mani\u00e8re efficace et fluide en pr\u00e9paration de la longue fin de semaine et que nous n\u2019entrevoyons pas d\u2019enjeu qui pourrait avoir un impact pendant la fin de semaine. [&hellip;]","og_url":"https:\/\/rdp-pat.sanimax.com\/fr\/fin-de-semaine-de-la-fete-des-patriotes\/","og_site_name":"RDP-sanimax","article_published_time":"2021-05-21T21:00:11+00:00","og_image":[{"width":1920,"height":1281,"url":"https:\/\/rdp-pat.sanimax.com\/wp-content\/uploads\/2020\/04\/background-accueil.jpg","type":"image\/jpeg"}],"author":"Nicolas Laflamme","twitter_card":"summary_large_image","twitter_misc":{"\u00c9crit par":"Nicolas Laflamme","Dur\u00e9e de lecture estim\u00e9e":"2 minutes"},"schema":{"@context":"https:\/\/schema.org","@graph":[{"@type":"Article","@id":"https:\/\/rdp-pat.sanimax.com\/fr\/fin-de-semaine-de-la-fete-des-patriotes\/#article","isPartOf":{"@id":"https:\/\/rdp-pat.sanimax.com\/fr\/fin-de-semaine-de-la-fete-des-patriotes\/"},"author":{"name":"Nicolas Laflamme","@id":"https:\/\/rdp-pat.sanimax.com\/#\/schema\/person\/de4c027f6858c724ab46490c68601270"},"headline":"Fin de semaine de la F\u00eate des Patriotes","datePublished":"2021-05-21T21:00:11+00:00","mainEntityOfPage":{"@id":"https:\/\/rdp-pat.sanimax.com\/fr\/fin-de-semaine-de-la-fete-des-patriotes\/"},"wordCount":467,"image":{"@id":"https:\/\/rdp-pat.sanimax.com\/fr\/fin-de-semaine-de-la-fete-des-patriotes\/#primaryimage"},"thumbnailUrl":"https:\/\/rdp-pat.sanimax.com\/wp-content\/uploads\/2020\/04\/background-accueil.jpg","articleSection":["Int\u00e9r\u00eat g\u00e9n\u00e9ral"],"inLanguage":"fr-FR"},{"@type":"WebPage","@id":"https:\/\/rdp-pat.sanimax.com\/fr\/fin-de-semaine-de-la-fete-des-patriotes\/","url":"https:\/\/rdp-pat.sanimax.com\/fr\/fin-de-semaine-de-la-fete-des-patriotes\/","name":"Fin de semaine de la F\u00eate des Patriotes - RDP-sanimax","isPartOf":{"@id":"https:\/\/rdp-pat.sanimax.com\/#website"},"primaryImageOfPage":{"@id":"https:\/\/rdp-pat.sanimax.com\/fr\/fin-de-semaine-de-la-fete-des-patriotes\/#primaryimage"},"image":{"@id":"https:\/\/rdp-pat.sanimax.com\/fr\/fin-de-semaine-de-la-fete-des-patriotes\/#primaryimage"},"thumbnailUrl":"https:\/\/rdp-pat.sanimax.com\/wp-content\/uploads\/2020\/04\/background-accueil.jpg","datePublished":"2021-05-21T21:00:11+00:00","author":{"@id":"https:\/\/rdp-pat.sanimax.com\/#\/schema\/person\/de4c027f6858c724ab46490c68601270"},"breadcrumb":{"@id":"https:\/\/rdp-pat.sanimax.com\/fr\/fin-de-semaine-de-la-fete-des-patriotes\/#breadcrumb"},"inLanguage":"fr-FR","potentialAction":[{"@type":"ReadAction","target":["https:\/\/rdp-pat.sanimax.com\/fr\/fin-de-semaine-de-la-fete-des-patriotes\/"]}]},{"@type":"ImageObject","inLanguage":"fr-FR","@id":"https:\/\/rdp-pat.sanimax.com\/fr\/fin-de-semaine-de-la-fete-des-patriotes\/#primaryimage","url":"https:\/\/rdp-pat.sanimax.com\/wp-content\/uploads\/2020\/04\/background-accueil.jpg","contentUrl":"https:\/\/rdp-pat.sanimax.com\/wp-content\/uploads\/2020\/04\/background-accueil.jpg","width":1920,"height":1281,"caption":"Comit\u00e9 des citoyens de Rivi\u00e8re-des-Prairies\u2013Pointe-aux-Trembles et de Sanimax"},{"@type":"BreadcrumbList","@id":"https:\/\/rdp-pat.sanimax.com\/fr\/fin-de-semaine-de-la-fete-des-patriotes\/#breadcrumb","itemListElement":[{"@type":"ListItem","position":1,"name":"Accueil","item":"https:\/\/rdp-pat.sanimax.com\/fr\/"},{"@type":"ListItem","position":2,"name":"Fin de semaine de la F\u00eate des Patriotes"}]},{"@type":"WebSite","@id":"https:\/\/rdp-pat.sanimax.com\/#website","url":"https:\/\/rdp-pat.sanimax.com\/","name":"RDP-sanimax","description":"","potentialAction":[{"@type":"SearchAction","target":{"@type":"EntryPoint","urlTemplate":"https:\/\/rdp-pat.sanimax.com\/?s={search_term_string}"},"query-input":{"@type":"PropertyValueSpecification","valueRequired":true,"valueName":"search_term_string"}}],"inLanguage":"fr-FR"},{"@type":"Person","@id":"https:\/\/rdp-pat.sanimax.com\/#\/schema\/person\/de4c027f6858c724ab46490c68601270","name":"Nicolas Laflamme","url":"https:\/\/rdp-pat.sanimax.com\/fr\/author\/nicolas\/"}]}},"_links":{"self":[{"href":"https:\/\/rdp-pat.sanimax.com\/fr\/wp-json\/wp\/v2\/posts\/2639","targetHints":{"allow":["GET"]}}],"collection":[{"href":"https:\/\/rdp-pat.sanimax.com\/fr\/wp-json\/wp\/v2\/posts"}],"about":[{"href":"https:\/\/rdp-pat.sanimax.com\/fr\/wp-json\/wp\/v2\/types\/post"}],"author":[{"embeddable":true,"href":"https:\/\/rdp-pat.sanimax.com\/fr\/wp-json\/wp\/v2\/users\/7"}],"replies":[{"embeddable":true,"href":"https:\/\/rdp-pat.sanimax.com\/fr\/wp-json\/wp\/v2\/comments?post=2639"}],"version-history":[{"count":0,"href":"https:\/\/rdp-pat.sanimax.com\/fr\/wp-json\/wp\/v2\/posts\/2639\/revisions"}],"wp:featuredmedia":[{"embeddable":true,"href":"https:\/\/rdp-pat.sanimax.com\/fr\/wp-json\/wp\/v2\/media\/1904"}],"wp:attachment":[{"href":"https:\/\/rdp-pat.sanimax.com\/fr\/wp-json\/wp\/v2\/media?parent=2639"}],"wp:term":[{"taxonomy":"category","embeddable":true,"href":"https:\/\/rdp-pat.sanimax.com\/fr\/wp-json\/wp\/v2\/categories?post=2639"},{"taxonomy":"post_tag","embeddable":true,"href":"https:\/\/rdp-pat.sanimax.com\/fr\/wp-json\/wp\/v2\/tags?post=2639"}],"curies":[{"name":"wp","href":"https:\/\/api.w.org\/{rel}","templated":true}]}}