{"id":2450,"date":"2020-07-04T13:45:31","date_gmt":"2020-07-04T18:45:31","guid":{"rendered":"https:\/\/rdp-pat.sanimax.com\/?p=2450"},"modified":"2020-07-04T13:47:36","modified_gmt":"2020-07-04T18:47:36","slug":"communique-de-presse-sanimax-prend-les-devants-pour-repondre-aux-preoccupations-des-citoyens","status":"publish","type":"post","link":"https:\/\/rdp-pat.sanimax.com\/fr\/communique-de-presse-sanimax-prend-les-devants-pour-repondre-aux-preoccupations-des-citoyens\/","title":{"rendered":"Communiqu\u00e9 de presse &#8211; Sanimax prend les devants pour r\u00e9pondre aux pr\u00e9occupations des citoyens"},"content":{"rendered":"\t\t<div class=\"et_pb_section et_pb_with_background et_section_regular breadcrumbs_section\">\r\n\t\t\t<div class=\" et_pb_row breadcrumbs_row\">\r\n\t\t\t\t<div class=\"et_pb_column et_pb_column_4_4 breadcrumbs_column\">\r\n\t\t\t\t\t<div class=\"et_pb_code et_pb_module breadcrumbs_module\">\r\n\t\t\t\t\t\t\t\t\t\t\t<\/div> <!-- .et_pb_code -->\r\n\t\t\t\t<\/div> <!-- .et_pb_column -->\r\n\t\t\t<\/div> <!-- .et_pb_row -->\r\n\t\t<\/div>\r\n\t\t<p><strong>Montr\u00e9al, 4 juillet 2020<\/strong> \u2013 Sanimax fait aujourd\u2019hui le point sur les pr\u00e9occupations des citoyens de sa communaut\u00e9 concernant ses activit\u00e9s dans Rivi\u00e8re-des-Prairies\u2013Pointe-aux-Trembles. En r\u00e9ponse aux enjeux des derni\u00e8res ann\u00e9es, Sanimax a mis en place depuis pr\u00e8s d\u2019un an de nombreuses mesures pour renforcer ses op\u00e9rations et continuera de le faire dans le but de limiter au minimum les \u00e9pisodes d\u2019odeurs. L\u2019entreprise a \u00e9galement pris l\u2019engagement de communiquer activement avec les autorit\u00e9s et la communaut\u00e9 pour les tenir inform\u00e9es de l\u2019\u00e9tat de ses op\u00e9rations, ce qu\u2019elle fait d\u00e9sormais de fa\u00e7on transparente, proactive et r\u00e9guli\u00e8re.<\/p>\n<h4><strong><em>Un plan concret et solide<\/em><\/strong><\/h4>\n<p>La premi\u00e8re phase de modernisation de l\u2019usine a donn\u00e9 des r\u00e9sultats concrets qui t\u00e9moignent d\u2019une am\u00e9lioration durable et \u00e0 long terme des activit\u00e9s. Ce travail est le fruit d\u2019une meilleure collaboration avec les autorit\u00e9s municipales et d\u2019une meilleure performance op\u00e9rationnelle.<\/p>\n<p>\u00ab\u00a0Nous croyons fermement que les mesures d\u00e9ploy\u00e9es montrent une r\u00e9elle volont\u00e9 de changement et s\u2019inscrivent dans une nouvelle vision d\u2019entreprise, de nouvelles valeurs d\u2019ouverture et de transparence et un leadership renouvel\u00e9.\u00a0\u00bb &#8211; Vincent Brossard, Vice-pr\u00e9sident, op\u00e9rations.<\/p>\n<p>\u00ab\u00a0Conscients que de tels engagements ont pu \u00eatre v\u00e9hicul\u00e9s par le pass\u00e9, la communaut\u00e9 et les autorit\u00e9s doivent nous donner l\u2019opportunit\u00e9 de d\u00e9montrer ce nouvel engagement que nous prenons envers eux. Nous op\u00e9rons dor\u00e9navant avec une r\u00e9elle volont\u00e9 de diminuer les impacts pour les citoyens. Le succ\u00e8s de nos op\u00e9rations des derniers mois, en p\u00e9riode de grande chaleur, le d\u00e9montre clairement. Nous sommes convaincus qu\u2019une cohabitation harmonieuse est, non seulement possible, mais essentielle et nous nous engageons sur cette voie.\u00a0\u00bb &#8211; Vincent Brossard, Vice-pr\u00e9sident, op\u00e9rations.<\/p>\n<p>\u00ab\u00a0Tourn\u00e9e vers demain, Sanimax agit maintenant de fa\u00e7on proactive pour am\u00e9liorer la robustesse et l\u2019efficacit\u00e9 de ses op\u00e9rations. Concr\u00e8tement, ces am\u00e9liorations signifient une gestion renforc\u00e9e des op\u00e9rations et une diminution importante du nombre d\u2019impr\u00e9vus, ce qui diminue ultimement les risques d\u2019odeurs pour les citoyens. De plus, en adoptant une communication transparente avec sa communaut\u00e9, Sanimax est beaucoup plus \u00e0 l\u2019\u00e9coute des besoins des citoyens, lui permettant ainsi d\u2019\u00eatre en meilleure posture pour apporter des solutions satisfaisantes aux situations qui lui sont rapport\u00e9es.\u00a0\u00bb &#8211; Vincent Brossard, Vice-pr\u00e9sident, op\u00e9rations.<\/p>\n<p>Jouant un r\u00f4le essentiel dans la cha\u00eene alimentaire au Qu\u00e9bec, au Canada et en Am\u00e9rique du Nord, l\u2019\u00e9quarrissage est une industrie complexe dont le bon d\u00e9roulement des activit\u00e9s d\u00e9pend de nombreux facteurs externes, tels que\u00a0:<\/p>\n<ul>\n<li>la temp\u00e9rature, la pression barom\u00e9trique et les vents\u00a0;<\/li>\n<li>l\u2019\u00e9tat de la mati\u00e8re organique re\u00e7ue\u00a0;<\/li>\n<li>les activit\u00e9s particuli\u00e8res de chaque abattoir client\u00a0;<\/li>\n<li>le niveau de consommation de nourriture de la population.<\/li>\n<\/ul>\n<p>Par cons\u00e9quent, Sanimax comprend que ses activit\u00e9s puissent g\u00e9n\u00e9rer des questionnements pour les r\u00e9sidents de la communaut\u00e9, mais fait tout en son contr\u00f4le pour minimiser les impacts.<\/p>\n<p>Prenant ces questions tr\u00e8s au s\u00e9rieux, Sanimax d\u00e9sire r\u00e9pondre aux pr\u00e9occupations des voisins avec les pr\u00e9cisions suivantes\u00a0:<\/p>\n<h5>\u00a0<\/h5>\n<h5><em>Modernisation de l\u2019usine de Rivi\u00e8re-des-Prairies pour la gestion des odeurs<\/em><\/h5>\n<ul>\n<li>Sanimax a mis en place plusieurs actions concr\u00e8tes pour renforcer la robustesse de ses installations. Ces investissements ont permis de r\u00e9duire consid\u00e9rablement les \u00e9pisodes d\u2019odeurs.<\/li>\n<li>Des technologies de pointe, dont des logiciels de contr\u00f4le et l\u2019intelligence artificielle, ont \u00e9t\u00e9 int\u00e9gr\u00e9es pour surveiller \u00e9troitement le bon d\u00e9roulement des op\u00e9rations et pour g\u00e9rer en amont de potentiels d\u00e9gagements d\u2019odeurs.<\/li>\n<li>Ces actions s\u2019inscrivent dans la vision \u00e0 long terme de Sanimax pour augmenter la vitesse de traitement de la mati\u00e8re organique, pour am\u00e9liorer la performance des dispositifs de traitement d\u2019air et pour am\u00e9liorer la logistique des installations.<\/li>\n<li>En plus du plan \u00e0 court et moyen termes, des actions pourront n\u00e9cessiter des modifications majeures aux installations de Rivi\u00e8re-des-Prairies et pourraient s\u2019\u00e9taler sur plusieurs ann\u00e9es.<\/li>\n<\/ul>\n<h5><em>Relations avec la Ville de Montr\u00e9al \u2013 amendes et poursuites <\/em><\/h5>\n<ul>\n<li>Sanimax collabore activement avec les autorit\u00e9s de la Ville de Montr\u00e9al et l\u2019arrondissement de Rivi\u00e8re-des-Prairies\u2013Pointe-aux-Trembles afin de cr\u00e9er un dialogue, identifier des solutions et planifier les prochaines \u00e9tapes de la modernisation de nos installations.<\/li>\n<li>Sanimax a toujours respect\u00e9 toutes ses obligations l\u00e9gales, sans exception, et collabore de fa\u00e7on professionnelle avec les diverses autorit\u00e9s. Aucune amende due et exigible est impay\u00e9e de la part de Sanimax.<\/li>\n<\/ul>\n<h5><em>Communication avec la communaut\u00e9<\/em><\/h5>\n<ul>\n<li>L\u2019approche de communication de Sanimax mise maintenant sur la transparence, la proactivit\u00e9 et le dialogue. Plusieurs plateformes de communications ont d\u2019ailleurs \u00e9t\u00e9 d\u00e9velopp\u00e9es au cours des derniers mois afin d\u2019accro\u00eetre la communication avec les citoyens (<a href=\"https:\/\/rdp-pat.sanimax.com\/fr\/\">https:\/\/rdp-pat.sanimax.com\/fr\/<\/a> pour plus de d\u00e9tails).<\/li>\n<li>Un Comit\u00e9 des citoyens de RDP-PAT et de Sanimax a r\u00e9cemment \u00e9t\u00e9 form\u00e9. Une premi\u00e8re r\u00e9union aura lieu dans la deuxi\u00e8me semaine du mois de juillet pour permettre d\u2019ouvrir le dialogue entre Sanimax et la communaut\u00e9. La premi\u00e8re rencontre du comit\u00e9 devait de tenir au mois d\u2019avril, mais la COVID-19 a retard\u00e9 sa mise en place.<\/li>\n<li>Un processus formel de mise en candidature et d\u2019\u00e9lection citoyenne a d\u2019ailleurs \u00e9t\u00e9 mis en place menant \u00e0 l\u2019\u00e9lection de citoyens voisins des installations de Sanimax.<em>\u00a0<\/em><\/li>\n<\/ul>\n<h5><em>Gestion du transport<\/em><\/h5>\n<ul>\n<li>Sanimax d\u00e9ploie depuis plus d\u2019un an des mesures concr\u00e8tes concernent le transport de la mati\u00e8re organique et r\u00e9pondent \u00e0 des besoins directs exprim\u00e9s par les citoyens et les \u00e9lus.<\/li>\n<li>Durant la p\u00e9riode estivale, Sanimax adapte ses op\u00e9rations et sa logistique pour accommoder le passage des camions-remorques par la 7<sup>e<\/sup> rue, venant limiter les impacts sur la communaut\u00e9.<\/li>\n<li>L\u2019installation de toiles et de grilles anti-d\u00e9versement sur toutes les remorques.<\/li>\n<li>Parmi les mesures mises en place, notons par exemple un renforcement du programme de formation de la sensibilisation des chauffeurs transportant la mati\u00e8re organique la mise en place de syst\u00e8mes de suivis de la conduite<\/li>\n<\/ul>\n","protected":false},"excerpt":{"rendered":"<p>Montr\u00e9al, 4 juillet 2020 \u2013 Sanimax fait aujourd\u2019hui le point sur les pr\u00e9occupations des citoyens de sa communaut\u00e9 concernant ses activit\u00e9s dans Rivi\u00e8re-des-Prairies\u2013Pointe-aux-Trembles. En r\u00e9ponse aux enjeux des derni\u00e8res ann\u00e9es, Sanimax a mis en place depuis pr\u00e8s d\u2019un an de nombreuses mesures pour renforcer ses op\u00e9rations et continuera de le faire dans le but de [&hellip;]<\/p>\n","protected":false},"author":7,"featured_media":1933,"comment_status":"closed","ping_status":"closed","sticky":false,"template":"","format":"standard","meta":{"_acf_changed":false,"_et_pb_use_builder":"","_et_pb_old_content":"","_et_gb_content_width":"","_monsterinsights_skip_tracking":false,"_monsterinsights_sitenote_active":false,"_monsterinsights_sitenote_note":"","_monsterinsights_sitenote_category":0,"footnotes":""},"categories":[44],"tags":[],"class_list":["post-2450","post","type-post","status-publish","format-standard","has-post-thumbnail","hentry","category-interet-general"],"acf":[],"yoast_head":"<!-- This site is optimized with the Yoast SEO plugin v27.4 - https:\/\/yoast.com\/product\/yoast-seo-wordpress\/ -->\n<title>Communiqu\u00e9 de presse - Sanimax prend les devants pour r\u00e9pondre aux pr\u00e9occupations des citoyens - RDP-sanimax<\/title>\n<meta name=\"robots\" content=\"index, follow, max-snippet:-1, max-image-preview:large, max-video-preview:-1\" \/>\n<link rel=\"canonical\" href=\"https:\/\/rdp-pat.sanimax.com\/fr\/communique-de-presse-sanimax-prend-les-devants-pour-repondre-aux-preoccupations-des-citoyens\/\" \/>\n<meta property=\"og:locale\" content=\"fr_FR\" \/>\n<meta property=\"og:type\" content=\"article\" \/>\n<meta property=\"og:title\" content=\"Communiqu\u00e9 de presse - Sanimax prend les devants pour r\u00e9pondre aux pr\u00e9occupations des citoyens - RDP-sanimax\" \/>\n<meta property=\"og:description\" content=\"Montr\u00e9al, 4 juillet 2020 \u2013 Sanimax fait aujourd\u2019hui le point sur les pr\u00e9occupations des citoyens de sa communaut\u00e9 concernant ses activit\u00e9s dans Rivi\u00e8re-des-Prairies\u2013Pointe-aux-Trembles. En r\u00e9ponse aux enjeux des derni\u00e8res ann\u00e9es, Sanimax a mis en place depuis pr\u00e8s d\u2019un an de nombreuses mesures pour renforcer ses op\u00e9rations et continuera de le faire dans le but de [&hellip;]\" \/>\n<meta property=\"og:url\" content=\"https:\/\/rdp-pat.sanimax.com\/fr\/communique-de-presse-sanimax-prend-les-devants-pour-repondre-aux-preoccupations-des-citoyens\/\" \/>\n<meta property=\"og:site_name\" content=\"RDP-sanimax\" \/>\n<meta property=\"article:published_time\" content=\"2020-07-04T18:45:31+00:00\" \/>\n<meta property=\"article:modified_time\" content=\"2020-07-04T18:47:36+00:00\" \/>\n<meta property=\"og:image\" content=\"https:\/\/rdp-pat.sanimax.com\/wp-content\/uploads\/2020\/04\/about-header.jpg\" \/>\n\t<meta property=\"og:image:width\" content=\"2000\" \/>\n\t<meta property=\"og:image:height\" content=\"1328\" \/>\n\t<meta property=\"og:image:type\" content=\"image\/jpeg\" \/>\n<meta name=\"author\" content=\"Nicolas Laflamme\" \/>\n<meta name=\"twitter:card\" content=\"summary_large_image\" \/>\n<meta name=\"twitter:label1\" content=\"\u00c9crit par\" \/>\n\t<meta name=\"twitter:data1\" content=\"Nicolas Laflamme\" \/>\n\t<meta name=\"twitter:label2\" content=\"Dur\u00e9e de lecture estim\u00e9e\" \/>\n\t<meta name=\"twitter:data2\" content=\"5 minutes\" \/>\n<script type=\"application\/ld+json\" class=\"yoast-schema-graph\">{\"@context\":\"https:\\\/\\\/schema.org\",\"@graph\":[{\"@type\":\"Article\",\"@id\":\"https:\\\/\\\/rdp-pat.sanimax.com\\\/fr\\\/communique-de-presse-sanimax-prend-les-devants-pour-repondre-aux-preoccupations-des-citoyens\\\/#article\",\"isPartOf\":{\"@id\":\"https:\\\/\\\/rdp-pat.sanimax.com\\\/fr\\\/communique-de-presse-sanimax-prend-les-devants-pour-repondre-aux-preoccupations-des-citoyens\\\/\"},\"author\":{\"name\":\"Nicolas Laflamme\",\"@id\":\"https:\\\/\\\/rdp-pat.sanimax.com\\\/#\\\/schema\\\/person\\\/de4c027f6858c724ab46490c68601270\"},\"headline\":\"Communiqu\u00e9 de presse &#8211; Sanimax prend les devants pour r\u00e9pondre aux pr\u00e9occupations des citoyens\",\"datePublished\":\"2020-07-04T18:45:31+00:00\",\"dateModified\":\"2020-07-04T18:47:36+00:00\",\"mainEntityOfPage\":{\"@id\":\"https:\\\/\\\/rdp-pat.sanimax.com\\\/fr\\\/communique-de-presse-sanimax-prend-les-devants-pour-repondre-aux-preoccupations-des-citoyens\\\/\"},\"wordCount\":1069,\"image\":{\"@id\":\"https:\\\/\\\/rdp-pat.sanimax.com\\\/fr\\\/communique-de-presse-sanimax-prend-les-devants-pour-repondre-aux-preoccupations-des-citoyens\\\/#primaryimage\"},\"thumbnailUrl\":\"https:\\\/\\\/rdp-pat.sanimax.com\\\/wp-content\\\/uploads\\\/2020\\\/04\\\/about-header.jpg\",\"articleSection\":[\"Int\u00e9r\u00eat g\u00e9n\u00e9ral\"],\"inLanguage\":\"fr-FR\"},{\"@type\":\"WebPage\",\"@id\":\"https:\\\/\\\/rdp-pat.sanimax.com\\\/fr\\\/communique-de-presse-sanimax-prend-les-devants-pour-repondre-aux-preoccupations-des-citoyens\\\/\",\"url\":\"https:\\\/\\\/rdp-pat.sanimax.com\\\/fr\\\/communique-de-presse-sanimax-prend-les-devants-pour-repondre-aux-preoccupations-des-citoyens\\\/\",\"name\":\"Communiqu\u00e9 de presse - Sanimax prend les devants pour r\u00e9pondre aux pr\u00e9occupations des citoyens - RDP-sanimax\",\"isPartOf\":{\"@id\":\"https:\\\/\\\/rdp-pat.sanimax.com\\\/#website\"},\"primaryImageOfPage\":{\"@id\":\"https:\\\/\\\/rdp-pat.sanimax.com\\\/fr\\\/communique-de-presse-sanimax-prend-les-devants-pour-repondre-aux-preoccupations-des-citoyens\\\/#primaryimage\"},\"image\":{\"@id\":\"https:\\\/\\\/rdp-pat.sanimax.com\\\/fr\\\/communique-de-presse-sanimax-prend-les-devants-pour-repondre-aux-preoccupations-des-citoyens\\\/#primaryimage\"},\"thumbnailUrl\":\"https:\\\/\\\/rdp-pat.sanimax.com\\\/wp-content\\\/uploads\\\/2020\\\/04\\\/about-header.jpg\",\"datePublished\":\"2020-07-04T18:45:31+00:00\",\"dateModified\":\"2020-07-04T18:47:36+00:00\",\"author\":{\"@id\":\"https:\\\/\\\/rdp-pat.sanimax.com\\\/#\\\/schema\\\/person\\\/de4c027f6858c724ab46490c68601270\"},\"breadcrumb\":{\"@id\":\"https:\\\/\\\/rdp-pat.sanimax.com\\\/fr\\\/communique-de-presse-sanimax-prend-les-devants-pour-repondre-aux-preoccupations-des-citoyens\\\/#breadcrumb\"},\"inLanguage\":\"fr-FR\",\"potentialAction\":[{\"@type\":\"ReadAction\",\"target\":[\"https:\\\/\\\/rdp-pat.sanimax.com\\\/fr\\\/communique-de-presse-sanimax-prend-les-devants-pour-repondre-aux-preoccupations-des-citoyens\\\/\"]}]},{\"@type\":\"ImageObject\",\"inLanguage\":\"fr-FR\",\"@id\":\"https:\\\/\\\/rdp-pat.sanimax.com\\\/fr\\\/communique-de-presse-sanimax-prend-les-devants-pour-repondre-aux-preoccupations-des-citoyens\\\/#primaryimage\",\"url\":\"https:\\\/\\\/rdp-pat.sanimax.com\\\/wp-content\\\/uploads\\\/2020\\\/04\\\/about-header.jpg\",\"contentUrl\":\"https:\\\/\\\/rdp-pat.sanimax.com\\\/wp-content\\\/uploads\\\/2020\\\/04\\\/about-header.jpg\",\"width\":2000,\"height\":1328,\"caption\":\"Comit\u00e9 des citoyens de Rivi\u00e8re-des-Prairies\u2013Pointe-aux-Trembles et de Sanimax\"},{\"@type\":\"BreadcrumbList\",\"@id\":\"https:\\\/\\\/rdp-pat.sanimax.com\\\/fr\\\/communique-de-presse-sanimax-prend-les-devants-pour-repondre-aux-preoccupations-des-citoyens\\\/#breadcrumb\",\"itemListElement\":[{\"@type\":\"ListItem\",\"position\":1,\"name\":\"Accueil\",\"item\":\"https:\\\/\\\/rdp-pat.sanimax.com\\\/fr\\\/\"},{\"@type\":\"ListItem\",\"position\":2,\"name\":\"Communiqu\u00e9 de presse &#8211; Sanimax prend les devants pour r\u00e9pondre aux pr\u00e9occupations des citoyens\"}]},{\"@type\":\"WebSite\",\"@id\":\"https:\\\/\\\/rdp-pat.sanimax.com\\\/#website\",\"url\":\"https:\\\/\\\/rdp-pat.sanimax.com\\\/\",\"name\":\"RDP-sanimax\",\"description\":\"\",\"potentialAction\":[{\"@type\":\"SearchAction\",\"target\":{\"@type\":\"EntryPoint\",\"urlTemplate\":\"https:\\\/\\\/rdp-pat.sanimax.com\\\/?s={search_term_string}\"},\"query-input\":{\"@type\":\"PropertyValueSpecification\",\"valueRequired\":true,\"valueName\":\"search_term_string\"}}],\"inLanguage\":\"fr-FR\"},{\"@type\":\"Person\",\"@id\":\"https:\\\/\\\/rdp-pat.sanimax.com\\\/#\\\/schema\\\/person\\\/de4c027f6858c724ab46490c68601270\",\"name\":\"Nicolas Laflamme\",\"url\":\"https:\\\/\\\/rdp-pat.sanimax.com\\\/fr\\\/author\\\/nicolas\\\/\"}]}<\/script>\n<!-- \/ Yoast SEO plugin. -->","yoast_head_json":{"title":"Communiqu\u00e9 de presse - Sanimax prend les devants pour r\u00e9pondre aux pr\u00e9occupations des citoyens - RDP-sanimax","robots":{"index":"index","follow":"follow","max-snippet":"max-snippet:-1","max-image-preview":"max-image-preview:large","max-video-preview":"max-video-preview:-1"},"canonical":"https:\/\/rdp-pat.sanimax.com\/fr\/communique-de-presse-sanimax-prend-les-devants-pour-repondre-aux-preoccupations-des-citoyens\/","og_locale":"fr_FR","og_type":"article","og_title":"Communiqu\u00e9 de presse - Sanimax prend les devants pour r\u00e9pondre aux pr\u00e9occupations des citoyens - RDP-sanimax","og_description":"Montr\u00e9al, 4 juillet 2020 \u2013 Sanimax fait aujourd\u2019hui le point sur les pr\u00e9occupations des citoyens de sa communaut\u00e9 concernant ses activit\u00e9s dans Rivi\u00e8re-des-Prairies\u2013Pointe-aux-Trembles. En r\u00e9ponse aux enjeux des derni\u00e8res ann\u00e9es, Sanimax a mis en place depuis pr\u00e8s d\u2019un an de nombreuses mesures pour renforcer ses op\u00e9rations et continuera de le faire dans le but de [&hellip;]","og_url":"https:\/\/rdp-pat.sanimax.com\/fr\/communique-de-presse-sanimax-prend-les-devants-pour-repondre-aux-preoccupations-des-citoyens\/","og_site_name":"RDP-sanimax","article_published_time":"2020-07-04T18:45:31+00:00","article_modified_time":"2020-07-04T18:47:36+00:00","og_image":[{"width":2000,"height":1328,"url":"https:\/\/rdp-pat.sanimax.com\/wp-content\/uploads\/2020\/04\/about-header.jpg","type":"image\/jpeg"}],"author":"Nicolas Laflamme","twitter_card":"summary_large_image","twitter_misc":{"\u00c9crit par":"Nicolas Laflamme","Dur\u00e9e de lecture estim\u00e9e":"5 minutes"},"schema":{"@context":"https:\/\/schema.org","@graph":[{"@type":"Article","@id":"https:\/\/rdp-pat.sanimax.com\/fr\/communique-de-presse-sanimax-prend-les-devants-pour-repondre-aux-preoccupations-des-citoyens\/#article","isPartOf":{"@id":"https:\/\/rdp-pat.sanimax.com\/fr\/communique-de-presse-sanimax-prend-les-devants-pour-repondre-aux-preoccupations-des-citoyens\/"},"author":{"name":"Nicolas Laflamme","@id":"https:\/\/rdp-pat.sanimax.com\/#\/schema\/person\/de4c027f6858c724ab46490c68601270"},"headline":"Communiqu\u00e9 de presse &#8211; Sanimax prend les devants pour r\u00e9pondre aux pr\u00e9occupations des citoyens","datePublished":"2020-07-04T18:45:31+00:00","dateModified":"2020-07-04T18:47:36+00:00","mainEntityOfPage":{"@id":"https:\/\/rdp-pat.sanimax.com\/fr\/communique-de-presse-sanimax-prend-les-devants-pour-repondre-aux-preoccupations-des-citoyens\/"},"wordCount":1069,"image":{"@id":"https:\/\/rdp-pat.sanimax.com\/fr\/communique-de-presse-sanimax-prend-les-devants-pour-repondre-aux-preoccupations-des-citoyens\/#primaryimage"},"thumbnailUrl":"https:\/\/rdp-pat.sanimax.com\/wp-content\/uploads\/2020\/04\/about-header.jpg","articleSection":["Int\u00e9r\u00eat g\u00e9n\u00e9ral"],"inLanguage":"fr-FR"},{"@type":"WebPage","@id":"https:\/\/rdp-pat.sanimax.com\/fr\/communique-de-presse-sanimax-prend-les-devants-pour-repondre-aux-preoccupations-des-citoyens\/","url":"https:\/\/rdp-pat.sanimax.com\/fr\/communique-de-presse-sanimax-prend-les-devants-pour-repondre-aux-preoccupations-des-citoyens\/","name":"Communiqu\u00e9 de presse - Sanimax prend les devants pour r\u00e9pondre aux pr\u00e9occupations des citoyens - RDP-sanimax","isPartOf":{"@id":"https:\/\/rdp-pat.sanimax.com\/#website"},"primaryImageOfPage":{"@id":"https:\/\/rdp-pat.sanimax.com\/fr\/communique-de-presse-sanimax-prend-les-devants-pour-repondre-aux-preoccupations-des-citoyens\/#primaryimage"},"image":{"@id":"https:\/\/rdp-pat.sanimax.com\/fr\/communique-de-presse-sanimax-prend-les-devants-pour-repondre-aux-preoccupations-des-citoyens\/#primaryimage"},"thumbnailUrl":"https:\/\/rdp-pat.sanimax.com\/wp-content\/uploads\/2020\/04\/about-header.jpg","datePublished":"2020-07-04T18:45:31+00:00","dateModified":"2020-07-04T18:47:36+00:00","author":{"@id":"https:\/\/rdp-pat.sanimax.com\/#\/schema\/person\/de4c027f6858c724ab46490c68601270"},"breadcrumb":{"@id":"https:\/\/rdp-pat.sanimax.com\/fr\/communique-de-presse-sanimax-prend-les-devants-pour-repondre-aux-preoccupations-des-citoyens\/#breadcrumb"},"inLanguage":"fr-FR","potentialAction":[{"@type":"ReadAction","target":["https:\/\/rdp-pat.sanimax.com\/fr\/communique-de-presse-sanimax-prend-les-devants-pour-repondre-aux-preoccupations-des-citoyens\/"]}]},{"@type":"ImageObject","inLanguage":"fr-FR","@id":"https:\/\/rdp-pat.sanimax.com\/fr\/communique-de-presse-sanimax-prend-les-devants-pour-repondre-aux-preoccupations-des-citoyens\/#primaryimage","url":"https:\/\/rdp-pat.sanimax.com\/wp-content\/uploads\/2020\/04\/about-header.jpg","contentUrl":"https:\/\/rdp-pat.sanimax.com\/wp-content\/uploads\/2020\/04\/about-header.jpg","width":2000,"height":1328,"caption":"Comit\u00e9 des citoyens de Rivi\u00e8re-des-Prairies\u2013Pointe-aux-Trembles et de Sanimax"},{"@type":"BreadcrumbList","@id":"https:\/\/rdp-pat.sanimax.com\/fr\/communique-de-presse-sanimax-prend-les-devants-pour-repondre-aux-preoccupations-des-citoyens\/#breadcrumb","itemListElement":[{"@type":"ListItem","position":1,"name":"Accueil","item":"https:\/\/rdp-pat.sanimax.com\/fr\/"},{"@type":"ListItem","position":2,"name":"Communiqu\u00e9 de presse &#8211; Sanimax prend les devants pour r\u00e9pondre aux pr\u00e9occupations des citoyens"}]},{"@type":"WebSite","@id":"https:\/\/rdp-pat.sanimax.com\/#website","url":"https:\/\/rdp-pat.sanimax.com\/","name":"RDP-sanimax","description":"","potentialAction":[{"@type":"SearchAction","target":{"@type":"EntryPoint","urlTemplate":"https:\/\/rdp-pat.sanimax.com\/?s={search_term_string}"},"query-input":{"@type":"PropertyValueSpecification","valueRequired":true,"valueName":"search_term_string"}}],"inLanguage":"fr-FR"},{"@type":"Person","@id":"https:\/\/rdp-pat.sanimax.com\/#\/schema\/person\/de4c027f6858c724ab46490c68601270","name":"Nicolas Laflamme","url":"https:\/\/rdp-pat.sanimax.com\/fr\/author\/nicolas\/"}]}},"_links":{"self":[{"href":"https:\/\/rdp-pat.sanimax.com\/fr\/wp-json\/wp\/v2\/posts\/2450","targetHints":{"allow":["GET"]}}],"collection":[{"href":"https:\/\/rdp-pat.sanimax.com\/fr\/wp-json\/wp\/v2\/posts"}],"about":[{"href":"https:\/\/rdp-pat.sanimax.com\/fr\/wp-json\/wp\/v2\/types\/post"}],"author":[{"embeddable":true,"href":"https:\/\/rdp-pat.sanimax.com\/fr\/wp-json\/wp\/v2\/users\/7"}],"replies":[{"embeddable":true,"href":"https:\/\/rdp-pat.sanimax.com\/fr\/wp-json\/wp\/v2\/comments?post=2450"}],"version-history":[{"count":0,"href":"https:\/\/rdp-pat.sanimax.com\/fr\/wp-json\/wp\/v2\/posts\/2450\/revisions"}],"wp:featuredmedia":[{"embeddable":true,"href":"https:\/\/rdp-pat.sanimax.com\/fr\/wp-json\/wp\/v2\/media\/1933"}],"wp:attachment":[{"href":"https:\/\/rdp-pat.sanimax.com\/fr\/wp-json\/wp\/v2\/media?parent=2450"}],"wp:term":[{"taxonomy":"category","embeddable":true,"href":"https:\/\/rdp-pat.sanimax.com\/fr\/wp-json\/wp\/v2\/categories?post=2450"},{"taxonomy":"post_tag","embeddable":true,"href":"https:\/\/rdp-pat.sanimax.com\/fr\/wp-json\/wp\/v2\/tags?post=2450"}],"curies":[{"name":"wp","href":"https:\/\/api.w.org\/{rel}","templated":true}]}}