{"id":2439,"date":"2020-07-01T16:52:41","date_gmt":"2020-07-01T21:52:41","guid":{"rendered":"https:\/\/rdp-pat.sanimax.com\/?p=2439"},"modified":"2020-07-01T16:52:41","modified_gmt":"2020-07-01T21:52:41","slug":"etat-de-situation-mise-a-jour-du-1er-juillet-2020","status":"publish","type":"post","link":"https:\/\/rdp-pat.sanimax.com\/fr\/etat-de-situation-mise-a-jour-du-1er-juillet-2020\/","title":{"rendered":"\u00c9tat de situation: Mise \u00e0 jour du 1er juillet 2020"},"content":{"rendered":"\t\t<div class=\"et_pb_section et_pb_with_background et_section_regular breadcrumbs_section\">\r\n\t\t\t<div class=\" et_pb_row breadcrumbs_row\">\r\n\t\t\t\t<div class=\"et_pb_column et_pb_column_4_4 breadcrumbs_column\">\r\n\t\t\t\t\t<div class=\"et_pb_code et_pb_module breadcrumbs_module\">\r\n\t\t\t\t\t\t\t\t\t\t\t<\/div> <!-- .et_pb_code -->\r\n\t\t\t\t<\/div> <!-- .et_pb_column -->\r\n\t\t\t<\/div> <!-- .et_pb_row -->\r\n\t\t<\/div>\r\n\t\t<p>Chers membres de la communaut\u00e9,<\/p>\n<p>Voici une courte mise \u00e0 jour sur le d\u00e9roulement de nos op\u00e9rations aujourd\u2019hui, 1<sup>er<\/sup> juillet 2020.<\/p>\n<p>Nous sommes heureux de vous annoncer que nos op\u00e9rations se sont d\u00e9roul\u00e9es aujourd\u2019hui comme pr\u00e9vu et que l\u2019ensemble de la mati\u00e8re organique re\u00e7ue a \u00e9t\u00e9 trait\u00e9 dans un d\u00e9lai tr\u00e8s rapide afin d\u2019\u00e9viter un \u00e9pisode d\u2019odeurs dans le quartier, particuli\u00e8rement lors du cong\u00e9 de la f\u00eate du Canada, ce qui \u00e9tait une pr\u00e9occupation importante pour nous.<\/p>\n<p>Les derniers jours d\u00e9montrent clairement que le plan de modernisation et de robustesse en cours de r\u00e9alisation porte ses fruits et nous en sommes tr\u00e8s heureux. Nous continuons donc \u00e0 mettre en place ce plan et nous sommes convaincus qu\u2019il aura des impacts positifs dans la communaut\u00e9.<\/p>\n<p>Au nom de nos quelques 300 employ\u00e9s et de la direction de notre usine de Montr\u00e9al, nous vous souhaitons une bonne f\u00eate du Canada.<\/p>\n<h4><strong><em>Communication plus rapide et efficace<\/em><\/strong><\/h4>\n<p>Nous vous rappelons qu\u2019il est pr\u00e9f\u00e9rable de nous signaler directement les \u00e9pisodes d\u2019odeurs, afin que nous puissions rapidement d\u00e9ployer les mesures n\u00e9cessaires pour corriger la situation. De plus, ces commentaires sont utiles pour cibler plus rapidement la source des odeurs, en parall\u00e8le avec les donn\u00e9es fournies par nos logiciels et l\u2019intelligence artificielle.<\/p>\n<p>Nous vous invitons \u00e0 visiter notre <a href=\"https:\/\/rdp-pat.sanimax.com\/fr\/\">page Web<\/a> (<a href=\"https:\/\/rdp-pat.sanimax.com\/fr\/\">https:\/\/rdp-pat.sanimax.com\/fr\/<\/a>), \u00e0 rejoindre notre <a href=\"https:\/\/www.facebook.com\/groups\/sanimaxrdppat\/\">groupe Facebook<\/a> (@Sanimax Rivi\u00e8re-des-Prairies\u2013Pointe-aux-Trembles (RDP-PAT)) et \u00e0 suivre nos infolettres mensuelles pour consulter les informations les plus \u00e0 jour sur nos op\u00e9rations.<\/p>\n","protected":false},"excerpt":{"rendered":"<p>Chers membres de la communaut\u00e9, Voici une courte mise \u00e0 jour sur le d\u00e9roulement de nos op\u00e9rations aujourd\u2019hui, 1er juillet 2020. Nous sommes heureux de vous annoncer que nos op\u00e9rations se sont d\u00e9roul\u00e9es aujourd\u2019hui comme pr\u00e9vu et que l\u2019ensemble de la mati\u00e8re organique re\u00e7ue a \u00e9t\u00e9 trait\u00e9 dans un d\u00e9lai tr\u00e8s rapide afin d\u2019\u00e9viter un [&hellip;]<\/p>\n","protected":false},"author":7,"featured_media":1904,"comment_status":"closed","ping_status":"closed","sticky":false,"template":"","format":"standard","meta":{"_acf_changed":false,"_et_pb_use_builder":"","_et_pb_old_content":"","_et_gb_content_width":"","_monsterinsights_skip_tracking":false,"_monsterinsights_sitenote_active":false,"_monsterinsights_sitenote_note":"","_monsterinsights_sitenote_category":0,"footnotes":""},"categories":[44,43],"tags":[],"class_list":["post-2439","post","type-post","status-publish","format-standard","has-post-thumbnail","hentry","category-interet-general","category-operation-durgence"],"acf":[],"yoast_head":"<!-- This site is optimized with the Yoast SEO plugin v27.5 - https:\/\/yoast.com\/product\/yoast-seo-wordpress\/ -->\n<title>\u00c9tat de situation: Mise \u00e0 jour du 1er juillet 2020 - RDP-sanimax<\/title>\n<meta name=\"robots\" content=\"index, follow, max-snippet:-1, max-image-preview:large, max-video-preview:-1\" \/>\n<link rel=\"canonical\" href=\"https:\/\/rdp-pat.sanimax.com\/fr\/etat-de-situation-mise-a-jour-du-1er-juillet-2020\/\" \/>\n<meta property=\"og:locale\" content=\"fr_FR\" \/>\n<meta property=\"og:type\" content=\"article\" \/>\n<meta property=\"og:title\" content=\"\u00c9tat de situation: Mise \u00e0 jour du 1er juillet 2020 - RDP-sanimax\" \/>\n<meta property=\"og:description\" content=\"Chers membres de la communaut\u00e9, Voici une courte mise \u00e0 jour sur le d\u00e9roulement de nos op\u00e9rations aujourd\u2019hui, 1er juillet 2020. Nous sommes heureux de vous annoncer que nos op\u00e9rations se sont d\u00e9roul\u00e9es aujourd\u2019hui comme pr\u00e9vu et que l\u2019ensemble de la mati\u00e8re organique re\u00e7ue a \u00e9t\u00e9 trait\u00e9 dans un d\u00e9lai tr\u00e8s rapide afin d\u2019\u00e9viter un [&hellip;]\" \/>\n<meta property=\"og:url\" content=\"https:\/\/rdp-pat.sanimax.com\/fr\/etat-de-situation-mise-a-jour-du-1er-juillet-2020\/\" \/>\n<meta property=\"og:site_name\" content=\"RDP-sanimax\" \/>\n<meta property=\"article:published_time\" content=\"2020-07-01T21:52:41+00:00\" \/>\n<meta property=\"og:image\" content=\"https:\/\/rdp-pat.sanimax.com\/wp-content\/uploads\/2020\/04\/background-accueil.jpg\" \/>\n\t<meta property=\"og:image:width\" content=\"1920\" \/>\n\t<meta property=\"og:image:height\" content=\"1281\" \/>\n\t<meta property=\"og:image:type\" content=\"image\/jpeg\" \/>\n<meta name=\"author\" content=\"Nicolas Laflamme\" \/>\n<meta name=\"twitter:card\" content=\"summary_large_image\" \/>\n<meta name=\"twitter:label1\" content=\"\u00c9crit par\" \/>\n\t<meta name=\"twitter:data1\" content=\"Nicolas Laflamme\" \/>\n\t<meta name=\"twitter:label2\" content=\"Dur\u00e9e de lecture estim\u00e9e\" \/>\n\t<meta name=\"twitter:data2\" content=\"1 minute\" \/>\n<script type=\"application\/ld+json\" class=\"yoast-schema-graph\">{\"@context\":\"https:\\\/\\\/schema.org\",\"@graph\":[{\"@type\":\"Article\",\"@id\":\"https:\\\/\\\/rdp-pat.sanimax.com\\\/fr\\\/etat-de-situation-mise-a-jour-du-1er-juillet-2020\\\/#article\",\"isPartOf\":{\"@id\":\"https:\\\/\\\/rdp-pat.sanimax.com\\\/fr\\\/etat-de-situation-mise-a-jour-du-1er-juillet-2020\\\/\"},\"author\":{\"name\":\"Nicolas Laflamme\",\"@id\":\"https:\\\/\\\/rdp-pat.sanimax.com\\\/#\\\/schema\\\/person\\\/de4c027f6858c724ab46490c68601270\"},\"headline\":\"\u00c9tat de situation: Mise \u00e0 jour du 1er juillet 2020\",\"datePublished\":\"2020-07-01T21:52:41+00:00\",\"mainEntityOfPage\":{\"@id\":\"https:\\\/\\\/rdp-pat.sanimax.com\\\/fr\\\/etat-de-situation-mise-a-jour-du-1er-juillet-2020\\\/\"},\"wordCount\":280,\"image\":{\"@id\":\"https:\\\/\\\/rdp-pat.sanimax.com\\\/fr\\\/etat-de-situation-mise-a-jour-du-1er-juillet-2020\\\/#primaryimage\"},\"thumbnailUrl\":\"https:\\\/\\\/rdp-pat.sanimax.com\\\/wp-content\\\/uploads\\\/2020\\\/04\\\/background-accueil.jpg\",\"articleSection\":[\"Int\u00e9r\u00eat g\u00e9n\u00e9ral\",\"Op\u00e9ration d'urgence\"],\"inLanguage\":\"fr-FR\"},{\"@type\":\"WebPage\",\"@id\":\"https:\\\/\\\/rdp-pat.sanimax.com\\\/fr\\\/etat-de-situation-mise-a-jour-du-1er-juillet-2020\\\/\",\"url\":\"https:\\\/\\\/rdp-pat.sanimax.com\\\/fr\\\/etat-de-situation-mise-a-jour-du-1er-juillet-2020\\\/\",\"name\":\"\u00c9tat de situation: Mise \u00e0 jour du 1er juillet 2020 - RDP-sanimax\",\"isPartOf\":{\"@id\":\"https:\\\/\\\/rdp-pat.sanimax.com\\\/#website\"},\"primaryImageOfPage\":{\"@id\":\"https:\\\/\\\/rdp-pat.sanimax.com\\\/fr\\\/etat-de-situation-mise-a-jour-du-1er-juillet-2020\\\/#primaryimage\"},\"image\":{\"@id\":\"https:\\\/\\\/rdp-pat.sanimax.com\\\/fr\\\/etat-de-situation-mise-a-jour-du-1er-juillet-2020\\\/#primaryimage\"},\"thumbnailUrl\":\"https:\\\/\\\/rdp-pat.sanimax.com\\\/wp-content\\\/uploads\\\/2020\\\/04\\\/background-accueil.jpg\",\"datePublished\":\"2020-07-01T21:52:41+00:00\",\"author\":{\"@id\":\"https:\\\/\\\/rdp-pat.sanimax.com\\\/#\\\/schema\\\/person\\\/de4c027f6858c724ab46490c68601270\"},\"breadcrumb\":{\"@id\":\"https:\\\/\\\/rdp-pat.sanimax.com\\\/fr\\\/etat-de-situation-mise-a-jour-du-1er-juillet-2020\\\/#breadcrumb\"},\"inLanguage\":\"fr-FR\",\"potentialAction\":[{\"@type\":\"ReadAction\",\"target\":[\"https:\\\/\\\/rdp-pat.sanimax.com\\\/fr\\\/etat-de-situation-mise-a-jour-du-1er-juillet-2020\\\/\"]}]},{\"@type\":\"ImageObject\",\"inLanguage\":\"fr-FR\",\"@id\":\"https:\\\/\\\/rdp-pat.sanimax.com\\\/fr\\\/etat-de-situation-mise-a-jour-du-1er-juillet-2020\\\/#primaryimage\",\"url\":\"https:\\\/\\\/rdp-pat.sanimax.com\\\/wp-content\\\/uploads\\\/2020\\\/04\\\/background-accueil.jpg\",\"contentUrl\":\"https:\\\/\\\/rdp-pat.sanimax.com\\\/wp-content\\\/uploads\\\/2020\\\/04\\\/background-accueil.jpg\",\"width\":1920,\"height\":1281,\"caption\":\"Comit\u00e9 des citoyens de Rivi\u00e8re-des-Prairies\u2013Pointe-aux-Trembles et de Sanimax\"},{\"@type\":\"BreadcrumbList\",\"@id\":\"https:\\\/\\\/rdp-pat.sanimax.com\\\/fr\\\/etat-de-situation-mise-a-jour-du-1er-juillet-2020\\\/#breadcrumb\",\"itemListElement\":[{\"@type\":\"ListItem\",\"position\":1,\"name\":\"Accueil\",\"item\":\"https:\\\/\\\/rdp-pat.sanimax.com\\\/fr\\\/\"},{\"@type\":\"ListItem\",\"position\":2,\"name\":\"\u00c9tat de situation: Mise \u00e0 jour du 1er juillet 2020\"}]},{\"@type\":\"WebSite\",\"@id\":\"https:\\\/\\\/rdp-pat.sanimax.com\\\/#website\",\"url\":\"https:\\\/\\\/rdp-pat.sanimax.com\\\/\",\"name\":\"RDP-sanimax\",\"description\":\"\",\"potentialAction\":[{\"@type\":\"SearchAction\",\"target\":{\"@type\":\"EntryPoint\",\"urlTemplate\":\"https:\\\/\\\/rdp-pat.sanimax.com\\\/?s={search_term_string}\"},\"query-input\":{\"@type\":\"PropertyValueSpecification\",\"valueRequired\":true,\"valueName\":\"search_term_string\"}}],\"inLanguage\":\"fr-FR\"},{\"@type\":\"Person\",\"@id\":\"https:\\\/\\\/rdp-pat.sanimax.com\\\/#\\\/schema\\\/person\\\/de4c027f6858c724ab46490c68601270\",\"name\":\"Nicolas Laflamme\",\"url\":\"https:\\\/\\\/rdp-pat.sanimax.com\\\/fr\\\/author\\\/nicolas\\\/\"}]}<\/script>\n<!-- \/ Yoast SEO plugin. -->","yoast_head_json":{"title":"\u00c9tat de situation: Mise \u00e0 jour du 1er juillet 2020 - RDP-sanimax","robots":{"index":"index","follow":"follow","max-snippet":"max-snippet:-1","max-image-preview":"max-image-preview:large","max-video-preview":"max-video-preview:-1"},"canonical":"https:\/\/rdp-pat.sanimax.com\/fr\/etat-de-situation-mise-a-jour-du-1er-juillet-2020\/","og_locale":"fr_FR","og_type":"article","og_title":"\u00c9tat de situation: Mise \u00e0 jour du 1er juillet 2020 - RDP-sanimax","og_description":"Chers membres de la communaut\u00e9, Voici une courte mise \u00e0 jour sur le d\u00e9roulement de nos op\u00e9rations aujourd\u2019hui, 1er juillet 2020. Nous sommes heureux de vous annoncer que nos op\u00e9rations se sont d\u00e9roul\u00e9es aujourd\u2019hui comme pr\u00e9vu et que l\u2019ensemble de la mati\u00e8re organique re\u00e7ue a \u00e9t\u00e9 trait\u00e9 dans un d\u00e9lai tr\u00e8s rapide afin d\u2019\u00e9viter un [&hellip;]","og_url":"https:\/\/rdp-pat.sanimax.com\/fr\/etat-de-situation-mise-a-jour-du-1er-juillet-2020\/","og_site_name":"RDP-sanimax","article_published_time":"2020-07-01T21:52:41+00:00","og_image":[{"width":1920,"height":1281,"url":"https:\/\/rdp-pat.sanimax.com\/wp-content\/uploads\/2020\/04\/background-accueil.jpg","type":"image\/jpeg"}],"author":"Nicolas Laflamme","twitter_card":"summary_large_image","twitter_misc":{"\u00c9crit par":"Nicolas Laflamme","Dur\u00e9e de lecture estim\u00e9e":"1 minute"},"schema":{"@context":"https:\/\/schema.org","@graph":[{"@type":"Article","@id":"https:\/\/rdp-pat.sanimax.com\/fr\/etat-de-situation-mise-a-jour-du-1er-juillet-2020\/#article","isPartOf":{"@id":"https:\/\/rdp-pat.sanimax.com\/fr\/etat-de-situation-mise-a-jour-du-1er-juillet-2020\/"},"author":{"name":"Nicolas Laflamme","@id":"https:\/\/rdp-pat.sanimax.com\/#\/schema\/person\/de4c027f6858c724ab46490c68601270"},"headline":"\u00c9tat de situation: Mise \u00e0 jour du 1er juillet 2020","datePublished":"2020-07-01T21:52:41+00:00","mainEntityOfPage":{"@id":"https:\/\/rdp-pat.sanimax.com\/fr\/etat-de-situation-mise-a-jour-du-1er-juillet-2020\/"},"wordCount":280,"image":{"@id":"https:\/\/rdp-pat.sanimax.com\/fr\/etat-de-situation-mise-a-jour-du-1er-juillet-2020\/#primaryimage"},"thumbnailUrl":"https:\/\/rdp-pat.sanimax.com\/wp-content\/uploads\/2020\/04\/background-accueil.jpg","articleSection":["Int\u00e9r\u00eat g\u00e9n\u00e9ral","Op\u00e9ration d'urgence"],"inLanguage":"fr-FR"},{"@type":"WebPage","@id":"https:\/\/rdp-pat.sanimax.com\/fr\/etat-de-situation-mise-a-jour-du-1er-juillet-2020\/","url":"https:\/\/rdp-pat.sanimax.com\/fr\/etat-de-situation-mise-a-jour-du-1er-juillet-2020\/","name":"\u00c9tat de situation: Mise \u00e0 jour du 1er juillet 2020 - RDP-sanimax","isPartOf":{"@id":"https:\/\/rdp-pat.sanimax.com\/#website"},"primaryImageOfPage":{"@id":"https:\/\/rdp-pat.sanimax.com\/fr\/etat-de-situation-mise-a-jour-du-1er-juillet-2020\/#primaryimage"},"image":{"@id":"https:\/\/rdp-pat.sanimax.com\/fr\/etat-de-situation-mise-a-jour-du-1er-juillet-2020\/#primaryimage"},"thumbnailUrl":"https:\/\/rdp-pat.sanimax.com\/wp-content\/uploads\/2020\/04\/background-accueil.jpg","datePublished":"2020-07-01T21:52:41+00:00","author":{"@id":"https:\/\/rdp-pat.sanimax.com\/#\/schema\/person\/de4c027f6858c724ab46490c68601270"},"breadcrumb":{"@id":"https:\/\/rdp-pat.sanimax.com\/fr\/etat-de-situation-mise-a-jour-du-1er-juillet-2020\/#breadcrumb"},"inLanguage":"fr-FR","potentialAction":[{"@type":"ReadAction","target":["https:\/\/rdp-pat.sanimax.com\/fr\/etat-de-situation-mise-a-jour-du-1er-juillet-2020\/"]}]},{"@type":"ImageObject","inLanguage":"fr-FR","@id":"https:\/\/rdp-pat.sanimax.com\/fr\/etat-de-situation-mise-a-jour-du-1er-juillet-2020\/#primaryimage","url":"https:\/\/rdp-pat.sanimax.com\/wp-content\/uploads\/2020\/04\/background-accueil.jpg","contentUrl":"https:\/\/rdp-pat.sanimax.com\/wp-content\/uploads\/2020\/04\/background-accueil.jpg","width":1920,"height":1281,"caption":"Comit\u00e9 des citoyens de Rivi\u00e8re-des-Prairies\u2013Pointe-aux-Trembles et de Sanimax"},{"@type":"BreadcrumbList","@id":"https:\/\/rdp-pat.sanimax.com\/fr\/etat-de-situation-mise-a-jour-du-1er-juillet-2020\/#breadcrumb","itemListElement":[{"@type":"ListItem","position":1,"name":"Accueil","item":"https:\/\/rdp-pat.sanimax.com\/fr\/"},{"@type":"ListItem","position":2,"name":"\u00c9tat de situation: Mise \u00e0 jour du 1er juillet 2020"}]},{"@type":"WebSite","@id":"https:\/\/rdp-pat.sanimax.com\/#website","url":"https:\/\/rdp-pat.sanimax.com\/","name":"RDP-sanimax","description":"","potentialAction":[{"@type":"SearchAction","target":{"@type":"EntryPoint","urlTemplate":"https:\/\/rdp-pat.sanimax.com\/?s={search_term_string}"},"query-input":{"@type":"PropertyValueSpecification","valueRequired":true,"valueName":"search_term_string"}}],"inLanguage":"fr-FR"},{"@type":"Person","@id":"https:\/\/rdp-pat.sanimax.com\/#\/schema\/person\/de4c027f6858c724ab46490c68601270","name":"Nicolas Laflamme","url":"https:\/\/rdp-pat.sanimax.com\/fr\/author\/nicolas\/"}]}},"_links":{"self":[{"href":"https:\/\/rdp-pat.sanimax.com\/fr\/wp-json\/wp\/v2\/posts\/2439","targetHints":{"allow":["GET"]}}],"collection":[{"href":"https:\/\/rdp-pat.sanimax.com\/fr\/wp-json\/wp\/v2\/posts"}],"about":[{"href":"https:\/\/rdp-pat.sanimax.com\/fr\/wp-json\/wp\/v2\/types\/post"}],"author":[{"embeddable":true,"href":"https:\/\/rdp-pat.sanimax.com\/fr\/wp-json\/wp\/v2\/users\/7"}],"replies":[{"embeddable":true,"href":"https:\/\/rdp-pat.sanimax.com\/fr\/wp-json\/wp\/v2\/comments?post=2439"}],"version-history":[{"count":0,"href":"https:\/\/rdp-pat.sanimax.com\/fr\/wp-json\/wp\/v2\/posts\/2439\/revisions"}],"wp:featuredmedia":[{"embeddable":true,"href":"https:\/\/rdp-pat.sanimax.com\/fr\/wp-json\/wp\/v2\/media\/1904"}],"wp:attachment":[{"href":"https:\/\/rdp-pat.sanimax.com\/fr\/wp-json\/wp\/v2\/media?parent=2439"}],"wp:term":[{"taxonomy":"category","embeddable":true,"href":"https:\/\/rdp-pat.sanimax.com\/fr\/wp-json\/wp\/v2\/categories?post=2439"},{"taxonomy":"post_tag","embeddable":true,"href":"https:\/\/rdp-pat.sanimax.com\/fr\/wp-json\/wp\/v2\/tags?post=2439"}],"curies":[{"name":"wp","href":"https:\/\/api.w.org\/{rel}","templated":true}]}}