{"id":2427,"date":"2020-06-29T19:05:20","date_gmt":"2020-06-30T00:05:20","guid":{"rendered":"https:\/\/rdp-pat.sanimax.com\/?p=2427"},"modified":"2020-06-29T19:05:20","modified_gmt":"2020-06-30T00:05:20","slug":"etat-de-situation-mise-a-jour-du-29-juin-2020","status":"publish","type":"post","link":"https:\/\/rdp-pat.sanimax.com\/fr\/etat-de-situation-mise-a-jour-du-29-juin-2020\/","title":{"rendered":"\u00c9tat de situation: Mise \u00e0 jour du 29 juin 2020"},"content":{"rendered":"\t\t<div class=\"et_pb_section et_pb_with_background et_section_regular breadcrumbs_section\">\r\n\t\t\t<div class=\" et_pb_row breadcrumbs_row\">\r\n\t\t\t\t<div class=\"et_pb_column et_pb_column_4_4 breadcrumbs_column\">\r\n\t\t\t\t\t<div class=\"et_pb_code et_pb_module breadcrumbs_module\">\r\n\t\t\t\t\t\t\t\t\t\t\t<\/div> <!-- .et_pb_code -->\r\n\t\t\t\t<\/div> <!-- .et_pb_column -->\r\n\t\t\t<\/div> <!-- .et_pb_row -->\r\n\t\t<\/div>\r\n\t\t<p>Chers membres de la communaut\u00e9,<\/p>\n<p>Nous tenons \u00e0 r\u00e9it\u00e9rer nos excuses pour l\u2019\u00e9pisode d\u2019odeurs survenu la semaine derni\u00e8re. Ces derni\u00e8res sont le r\u00e9sultat d\u2019un d\u00e9marrage tardif de l\u2019usine, combin\u00e9 \u00e0 plusieurs jours de temp\u00e9rature exceptionnellement \u00e9lev\u00e9e et de forts volumes de mati\u00e8res organiques. Tous ces facteurs, internes et externes, ont eu des impacts importants sur la communaut\u00e9.<\/p>\n<h4><strong><em>Les d\u00e9fis de traiter rapidement la mati\u00e8re organique<\/em><\/strong><\/h4>\n<p>Industrie essentielle et partie int\u00e9grante de la cha\u00eene alimentaire du Qu\u00e9bec, l\u2019\u00e9quarrissage am\u00e8ne des d\u00e9fis importants, surtout durant la p\u00e9riode estivale et les canicules, notamment en raison du volume de mati\u00e8re organique qui nous est achemin\u00e9.<\/p>\n<p>Les odeurs senties la semaine derni\u00e8re provenaient d\u2019un volume inhabituel de camions stationn\u00e9s dans la cour de nos installations et qui sont demeur\u00e9s immobiles pour des dur\u00e9es beaucoup plus grandes qu\u2019en temps normal, et ce, en p\u00e9riode de longue canicule.<\/p>\n<p>Ultimement, la meilleure fa\u00e7on de g\u00e9rer efficacement notre empreinte d\u2019odeurs est <u>d\u2019assurer la robustesse de notre usine<\/u> afin <u>d\u2019acc\u00e9l\u00e9rer nos op\u00e9rations<\/u> pour qu\u2019\u00e0 terme, nous puissions laisser le moins de remorques possible en attente \u00e0 l\u2019ext\u00e9rieur. C\u2019est ce que nous sommes en train de mettre en place depuis l\u2019\u00e9t\u00e9 dernier.<\/p>\n<p>Notre plan de modernisation donne donc des r\u00e9sultats, malgr\u00e9 l\u2019\u00e9v\u00e8nement exceptionnel de la semaine derni\u00e8re. En effet, malgr\u00e9 les canicules du mois de mai et du d\u00e9but juin, notre op\u00e9ration \u00e9tait en contr\u00f4le et normale.<\/p>\n<h4><strong><em>Suivi du d\u00e9marrage de nos op\u00e9rations cette semaine<\/em><\/strong><\/h4>\n<p>Le d\u00e9marrage de nos op\u00e9rations, ce lundi, s\u2019est bien d\u00e9roul\u00e9. Nos \u00e9quipes sont \u00e0 pied d\u2019\u0153uvre pour veiller au bon d\u00e9roulement des op\u00e9rations afin d\u2019\u00e9viter un sc\u00e9nario similaire le 1<sup>er<\/sup> juillet.<\/p>\n<p>Encore une fois, nous encourageons les citoyens \u00e0 nous signaler directement les \u00e9pisodes d\u2019odeurs\u00a0; gr\u00e2ce \u00e0 nos logiciels et \u00e0 l\u2019intelligence artificielle, nous sommes capables d\u2019agir plus rapidement pour corriger la situation, lorsque possible.<\/p>\n<p>Enfin, nous soulignons que le Comit\u00e9 des citoyens de RDP-PAT et de Sanimax se r\u00e9unira pour la premi\u00e8re fois la semaine prochaine. Ce Comit\u00e9, form\u00e9 de trois citoyens \u00e9lus et de repr\u00e9sentants du gouvernement et de Sanimax, constitue un nouveau v\u00e9hicule par lequel vous pourrez communiquer vos pr\u00e9occupations. La liste des citoyens \u00e9lus est disponible sur notre <a href=\"https:\/\/rdp-pat.sanimax.com\/fr\/\">page Web<\/a>.<\/p>\n<p>Nous souhaitons faire preuve de transparence et de proactivit\u00e9 avec notre communaut\u00e9. Nous vous encourageons donc \u00e0 visiter notre <a href=\"https:\/\/rdp-pat.sanimax.com\/fr\/\">page Web<\/a> (<a href=\"https:\/\/rdp-pat.sanimax.com\/fr\/\">https:\/\/rdp-pat.sanimax.com\/fr\/<\/a>), \u00e0 rejoindre notre <a href=\"https:\/\/www.facebook.com\/groups\/sanimaxrdppat\/\">groupe Facebook<\/a> (@Sanimax Rivi\u00e8re-des-Prairies\u2013Pointe-aux-Trembles (RDP-PAT)) et \u00e0 suivre nos infolettres mensuelles pour consulter les informations les plus \u00e0 jour sur nos op\u00e9rations.<\/p>\n","protected":false},"excerpt":{"rendered":"<p>Chers membres de la communaut\u00e9, Nous tenons \u00e0 r\u00e9it\u00e9rer nos excuses pour l\u2019\u00e9pisode d\u2019odeurs survenu la semaine derni\u00e8re. Ces derni\u00e8res sont le r\u00e9sultat d\u2019un d\u00e9marrage tardif de l\u2019usine, combin\u00e9 \u00e0 plusieurs jours de temp\u00e9rature exceptionnellement \u00e9lev\u00e9e et de forts volumes de mati\u00e8res organiques. Tous ces facteurs, internes et externes, ont eu des impacts importants sur [&hellip;]<\/p>\n","protected":false},"author":7,"featured_media":1904,"comment_status":"closed","ping_status":"closed","sticky":false,"template":"","format":"standard","meta":{"_acf_changed":false,"_et_pb_use_builder":"","_et_pb_old_content":"","_et_gb_content_width":"","_monsterinsights_skip_tracking":false,"_monsterinsights_sitenote_active":false,"_monsterinsights_sitenote_note":"","_monsterinsights_sitenote_category":0,"footnotes":""},"categories":[44,43],"tags":[],"class_list":["post-2427","post","type-post","status-publish","format-standard","has-post-thumbnail","hentry","category-interet-general","category-operation-durgence"],"acf":[],"yoast_head":"<!-- This site is optimized with the Yoast SEO plugin v27.5 - https:\/\/yoast.com\/product\/yoast-seo-wordpress\/ -->\n<title>\u00c9tat de situation: Mise \u00e0 jour du 29 juin 2020 - RDP-sanimax<\/title>\n<meta name=\"robots\" content=\"index, follow, max-snippet:-1, max-image-preview:large, max-video-preview:-1\" \/>\n<link rel=\"canonical\" href=\"https:\/\/rdp-pat.sanimax.com\/fr\/etat-de-situation-mise-a-jour-du-29-juin-2020\/\" \/>\n<meta property=\"og:locale\" content=\"fr_FR\" \/>\n<meta property=\"og:type\" content=\"article\" \/>\n<meta property=\"og:title\" content=\"\u00c9tat de situation: Mise \u00e0 jour du 29 juin 2020 - RDP-sanimax\" \/>\n<meta property=\"og:description\" content=\"Chers membres de la communaut\u00e9, Nous tenons \u00e0 r\u00e9it\u00e9rer nos excuses pour l\u2019\u00e9pisode d\u2019odeurs survenu la semaine derni\u00e8re. Ces derni\u00e8res sont le r\u00e9sultat d\u2019un d\u00e9marrage tardif de l\u2019usine, combin\u00e9 \u00e0 plusieurs jours de temp\u00e9rature exceptionnellement \u00e9lev\u00e9e et de forts volumes de mati\u00e8res organiques. Tous ces facteurs, internes et externes, ont eu des impacts importants sur [&hellip;]\" \/>\n<meta property=\"og:url\" content=\"https:\/\/rdp-pat.sanimax.com\/fr\/etat-de-situation-mise-a-jour-du-29-juin-2020\/\" \/>\n<meta property=\"og:site_name\" content=\"RDP-sanimax\" \/>\n<meta property=\"article:published_time\" content=\"2020-06-30T00:05:20+00:00\" \/>\n<meta property=\"og:image\" content=\"https:\/\/rdp-pat.sanimax.com\/wp-content\/uploads\/2020\/04\/background-accueil.jpg\" \/>\n\t<meta property=\"og:image:width\" content=\"1920\" \/>\n\t<meta property=\"og:image:height\" content=\"1281\" \/>\n\t<meta property=\"og:image:type\" content=\"image\/jpeg\" \/>\n<meta name=\"author\" content=\"Nicolas Laflamme\" \/>\n<meta name=\"twitter:card\" content=\"summary_large_image\" \/>\n<meta name=\"twitter:label1\" content=\"\u00c9crit par\" \/>\n\t<meta name=\"twitter:data1\" content=\"Nicolas Laflamme\" \/>\n\t<meta name=\"twitter:label2\" content=\"Dur\u00e9e de lecture estim\u00e9e\" \/>\n\t<meta name=\"twitter:data2\" content=\"2 minutes\" \/>\n<script type=\"application\/ld+json\" class=\"yoast-schema-graph\">{\"@context\":\"https:\\\/\\\/schema.org\",\"@graph\":[{\"@type\":\"Article\",\"@id\":\"https:\\\/\\\/rdp-pat.sanimax.com\\\/fr\\\/etat-de-situation-mise-a-jour-du-29-juin-2020\\\/#article\",\"isPartOf\":{\"@id\":\"https:\\\/\\\/rdp-pat.sanimax.com\\\/fr\\\/etat-de-situation-mise-a-jour-du-29-juin-2020\\\/\"},\"author\":{\"name\":\"Nicolas Laflamme\",\"@id\":\"https:\\\/\\\/rdp-pat.sanimax.com\\\/#\\\/schema\\\/person\\\/de4c027f6858c724ab46490c68601270\"},\"headline\":\"\u00c9tat de situation: Mise \u00e0 jour du 29 juin 2020\",\"datePublished\":\"2020-06-30T00:05:20+00:00\",\"mainEntityOfPage\":{\"@id\":\"https:\\\/\\\/rdp-pat.sanimax.com\\\/fr\\\/etat-de-situation-mise-a-jour-du-29-juin-2020\\\/\"},\"wordCount\":477,\"image\":{\"@id\":\"https:\\\/\\\/rdp-pat.sanimax.com\\\/fr\\\/etat-de-situation-mise-a-jour-du-29-juin-2020\\\/#primaryimage\"},\"thumbnailUrl\":\"https:\\\/\\\/rdp-pat.sanimax.com\\\/wp-content\\\/uploads\\\/2020\\\/04\\\/background-accueil.jpg\",\"articleSection\":[\"Int\u00e9r\u00eat g\u00e9n\u00e9ral\",\"Op\u00e9ration d'urgence\"],\"inLanguage\":\"fr-FR\"},{\"@type\":\"WebPage\",\"@id\":\"https:\\\/\\\/rdp-pat.sanimax.com\\\/fr\\\/etat-de-situation-mise-a-jour-du-29-juin-2020\\\/\",\"url\":\"https:\\\/\\\/rdp-pat.sanimax.com\\\/fr\\\/etat-de-situation-mise-a-jour-du-29-juin-2020\\\/\",\"name\":\"\u00c9tat de situation: Mise \u00e0 jour du 29 juin 2020 - RDP-sanimax\",\"isPartOf\":{\"@id\":\"https:\\\/\\\/rdp-pat.sanimax.com\\\/#website\"},\"primaryImageOfPage\":{\"@id\":\"https:\\\/\\\/rdp-pat.sanimax.com\\\/fr\\\/etat-de-situation-mise-a-jour-du-29-juin-2020\\\/#primaryimage\"},\"image\":{\"@id\":\"https:\\\/\\\/rdp-pat.sanimax.com\\\/fr\\\/etat-de-situation-mise-a-jour-du-29-juin-2020\\\/#primaryimage\"},\"thumbnailUrl\":\"https:\\\/\\\/rdp-pat.sanimax.com\\\/wp-content\\\/uploads\\\/2020\\\/04\\\/background-accueil.jpg\",\"datePublished\":\"2020-06-30T00:05:20+00:00\",\"author\":{\"@id\":\"https:\\\/\\\/rdp-pat.sanimax.com\\\/#\\\/schema\\\/person\\\/de4c027f6858c724ab46490c68601270\"},\"breadcrumb\":{\"@id\":\"https:\\\/\\\/rdp-pat.sanimax.com\\\/fr\\\/etat-de-situation-mise-a-jour-du-29-juin-2020\\\/#breadcrumb\"},\"inLanguage\":\"fr-FR\",\"potentialAction\":[{\"@type\":\"ReadAction\",\"target\":[\"https:\\\/\\\/rdp-pat.sanimax.com\\\/fr\\\/etat-de-situation-mise-a-jour-du-29-juin-2020\\\/\"]}]},{\"@type\":\"ImageObject\",\"inLanguage\":\"fr-FR\",\"@id\":\"https:\\\/\\\/rdp-pat.sanimax.com\\\/fr\\\/etat-de-situation-mise-a-jour-du-29-juin-2020\\\/#primaryimage\",\"url\":\"https:\\\/\\\/rdp-pat.sanimax.com\\\/wp-content\\\/uploads\\\/2020\\\/04\\\/background-accueil.jpg\",\"contentUrl\":\"https:\\\/\\\/rdp-pat.sanimax.com\\\/wp-content\\\/uploads\\\/2020\\\/04\\\/background-accueil.jpg\",\"width\":1920,\"height\":1281,\"caption\":\"Comit\u00e9 des citoyens de Rivi\u00e8re-des-Prairies\u2013Pointe-aux-Trembles et de Sanimax\"},{\"@type\":\"BreadcrumbList\",\"@id\":\"https:\\\/\\\/rdp-pat.sanimax.com\\\/fr\\\/etat-de-situation-mise-a-jour-du-29-juin-2020\\\/#breadcrumb\",\"itemListElement\":[{\"@type\":\"ListItem\",\"position\":1,\"name\":\"Accueil\",\"item\":\"https:\\\/\\\/rdp-pat.sanimax.com\\\/fr\\\/\"},{\"@type\":\"ListItem\",\"position\":2,\"name\":\"\u00c9tat de situation: Mise \u00e0 jour du 29 juin 2020\"}]},{\"@type\":\"WebSite\",\"@id\":\"https:\\\/\\\/rdp-pat.sanimax.com\\\/#website\",\"url\":\"https:\\\/\\\/rdp-pat.sanimax.com\\\/\",\"name\":\"RDP-sanimax\",\"description\":\"\",\"potentialAction\":[{\"@type\":\"SearchAction\",\"target\":{\"@type\":\"EntryPoint\",\"urlTemplate\":\"https:\\\/\\\/rdp-pat.sanimax.com\\\/?s={search_term_string}\"},\"query-input\":{\"@type\":\"PropertyValueSpecification\",\"valueRequired\":true,\"valueName\":\"search_term_string\"}}],\"inLanguage\":\"fr-FR\"},{\"@type\":\"Person\",\"@id\":\"https:\\\/\\\/rdp-pat.sanimax.com\\\/#\\\/schema\\\/person\\\/de4c027f6858c724ab46490c68601270\",\"name\":\"Nicolas Laflamme\",\"url\":\"https:\\\/\\\/rdp-pat.sanimax.com\\\/fr\\\/author\\\/nicolas\\\/\"}]}<\/script>\n<!-- \/ Yoast SEO plugin. -->","yoast_head_json":{"title":"\u00c9tat de situation: Mise \u00e0 jour du 29 juin 2020 - RDP-sanimax","robots":{"index":"index","follow":"follow","max-snippet":"max-snippet:-1","max-image-preview":"max-image-preview:large","max-video-preview":"max-video-preview:-1"},"canonical":"https:\/\/rdp-pat.sanimax.com\/fr\/etat-de-situation-mise-a-jour-du-29-juin-2020\/","og_locale":"fr_FR","og_type":"article","og_title":"\u00c9tat de situation: Mise \u00e0 jour du 29 juin 2020 - RDP-sanimax","og_description":"Chers membres de la communaut\u00e9, Nous tenons \u00e0 r\u00e9it\u00e9rer nos excuses pour l\u2019\u00e9pisode d\u2019odeurs survenu la semaine derni\u00e8re. Ces derni\u00e8res sont le r\u00e9sultat d\u2019un d\u00e9marrage tardif de l\u2019usine, combin\u00e9 \u00e0 plusieurs jours de temp\u00e9rature exceptionnellement \u00e9lev\u00e9e et de forts volumes de mati\u00e8res organiques. Tous ces facteurs, internes et externes, ont eu des impacts importants sur [&hellip;]","og_url":"https:\/\/rdp-pat.sanimax.com\/fr\/etat-de-situation-mise-a-jour-du-29-juin-2020\/","og_site_name":"RDP-sanimax","article_published_time":"2020-06-30T00:05:20+00:00","og_image":[{"width":1920,"height":1281,"url":"https:\/\/rdp-pat.sanimax.com\/wp-content\/uploads\/2020\/04\/background-accueil.jpg","type":"image\/jpeg"}],"author":"Nicolas Laflamme","twitter_card":"summary_large_image","twitter_misc":{"\u00c9crit par":"Nicolas Laflamme","Dur\u00e9e de lecture estim\u00e9e":"2 minutes"},"schema":{"@context":"https:\/\/schema.org","@graph":[{"@type":"Article","@id":"https:\/\/rdp-pat.sanimax.com\/fr\/etat-de-situation-mise-a-jour-du-29-juin-2020\/#article","isPartOf":{"@id":"https:\/\/rdp-pat.sanimax.com\/fr\/etat-de-situation-mise-a-jour-du-29-juin-2020\/"},"author":{"name":"Nicolas Laflamme","@id":"https:\/\/rdp-pat.sanimax.com\/#\/schema\/person\/de4c027f6858c724ab46490c68601270"},"headline":"\u00c9tat de situation: Mise \u00e0 jour du 29 juin 2020","datePublished":"2020-06-30T00:05:20+00:00","mainEntityOfPage":{"@id":"https:\/\/rdp-pat.sanimax.com\/fr\/etat-de-situation-mise-a-jour-du-29-juin-2020\/"},"wordCount":477,"image":{"@id":"https:\/\/rdp-pat.sanimax.com\/fr\/etat-de-situation-mise-a-jour-du-29-juin-2020\/#primaryimage"},"thumbnailUrl":"https:\/\/rdp-pat.sanimax.com\/wp-content\/uploads\/2020\/04\/background-accueil.jpg","articleSection":["Int\u00e9r\u00eat g\u00e9n\u00e9ral","Op\u00e9ration d'urgence"],"inLanguage":"fr-FR"},{"@type":"WebPage","@id":"https:\/\/rdp-pat.sanimax.com\/fr\/etat-de-situation-mise-a-jour-du-29-juin-2020\/","url":"https:\/\/rdp-pat.sanimax.com\/fr\/etat-de-situation-mise-a-jour-du-29-juin-2020\/","name":"\u00c9tat de situation: Mise \u00e0 jour du 29 juin 2020 - RDP-sanimax","isPartOf":{"@id":"https:\/\/rdp-pat.sanimax.com\/#website"},"primaryImageOfPage":{"@id":"https:\/\/rdp-pat.sanimax.com\/fr\/etat-de-situation-mise-a-jour-du-29-juin-2020\/#primaryimage"},"image":{"@id":"https:\/\/rdp-pat.sanimax.com\/fr\/etat-de-situation-mise-a-jour-du-29-juin-2020\/#primaryimage"},"thumbnailUrl":"https:\/\/rdp-pat.sanimax.com\/wp-content\/uploads\/2020\/04\/background-accueil.jpg","datePublished":"2020-06-30T00:05:20+00:00","author":{"@id":"https:\/\/rdp-pat.sanimax.com\/#\/schema\/person\/de4c027f6858c724ab46490c68601270"},"breadcrumb":{"@id":"https:\/\/rdp-pat.sanimax.com\/fr\/etat-de-situation-mise-a-jour-du-29-juin-2020\/#breadcrumb"},"inLanguage":"fr-FR","potentialAction":[{"@type":"ReadAction","target":["https:\/\/rdp-pat.sanimax.com\/fr\/etat-de-situation-mise-a-jour-du-29-juin-2020\/"]}]},{"@type":"ImageObject","inLanguage":"fr-FR","@id":"https:\/\/rdp-pat.sanimax.com\/fr\/etat-de-situation-mise-a-jour-du-29-juin-2020\/#primaryimage","url":"https:\/\/rdp-pat.sanimax.com\/wp-content\/uploads\/2020\/04\/background-accueil.jpg","contentUrl":"https:\/\/rdp-pat.sanimax.com\/wp-content\/uploads\/2020\/04\/background-accueil.jpg","width":1920,"height":1281,"caption":"Comit\u00e9 des citoyens de Rivi\u00e8re-des-Prairies\u2013Pointe-aux-Trembles et de Sanimax"},{"@type":"BreadcrumbList","@id":"https:\/\/rdp-pat.sanimax.com\/fr\/etat-de-situation-mise-a-jour-du-29-juin-2020\/#breadcrumb","itemListElement":[{"@type":"ListItem","position":1,"name":"Accueil","item":"https:\/\/rdp-pat.sanimax.com\/fr\/"},{"@type":"ListItem","position":2,"name":"\u00c9tat de situation: Mise \u00e0 jour du 29 juin 2020"}]},{"@type":"WebSite","@id":"https:\/\/rdp-pat.sanimax.com\/#website","url":"https:\/\/rdp-pat.sanimax.com\/","name":"RDP-sanimax","description":"","potentialAction":[{"@type":"SearchAction","target":{"@type":"EntryPoint","urlTemplate":"https:\/\/rdp-pat.sanimax.com\/?s={search_term_string}"},"query-input":{"@type":"PropertyValueSpecification","valueRequired":true,"valueName":"search_term_string"}}],"inLanguage":"fr-FR"},{"@type":"Person","@id":"https:\/\/rdp-pat.sanimax.com\/#\/schema\/person\/de4c027f6858c724ab46490c68601270","name":"Nicolas Laflamme","url":"https:\/\/rdp-pat.sanimax.com\/fr\/author\/nicolas\/"}]}},"_links":{"self":[{"href":"https:\/\/rdp-pat.sanimax.com\/fr\/wp-json\/wp\/v2\/posts\/2427","targetHints":{"allow":["GET"]}}],"collection":[{"href":"https:\/\/rdp-pat.sanimax.com\/fr\/wp-json\/wp\/v2\/posts"}],"about":[{"href":"https:\/\/rdp-pat.sanimax.com\/fr\/wp-json\/wp\/v2\/types\/post"}],"author":[{"embeddable":true,"href":"https:\/\/rdp-pat.sanimax.com\/fr\/wp-json\/wp\/v2\/users\/7"}],"replies":[{"embeddable":true,"href":"https:\/\/rdp-pat.sanimax.com\/fr\/wp-json\/wp\/v2\/comments?post=2427"}],"version-history":[{"count":0,"href":"https:\/\/rdp-pat.sanimax.com\/fr\/wp-json\/wp\/v2\/posts\/2427\/revisions"}],"wp:featuredmedia":[{"embeddable":true,"href":"https:\/\/rdp-pat.sanimax.com\/fr\/wp-json\/wp\/v2\/media\/1904"}],"wp:attachment":[{"href":"https:\/\/rdp-pat.sanimax.com\/fr\/wp-json\/wp\/v2\/media?parent=2427"}],"wp:term":[{"taxonomy":"category","embeddable":true,"href":"https:\/\/rdp-pat.sanimax.com\/fr\/wp-json\/wp\/v2\/categories?post=2427"},{"taxonomy":"post_tag","embeddable":true,"href":"https:\/\/rdp-pat.sanimax.com\/fr\/wp-json\/wp\/v2\/tags?post=2427"}],"curies":[{"name":"wp","href":"https:\/\/api.w.org\/{rel}","templated":true}]}}