{"id":2382,"date":"2020-06-11T11:06:12","date_gmt":"2020-06-11T16:06:12","guid":{"rendered":"https:\/\/rdp-pat.sanimax.com\/?p=2382"},"modified":"2020-06-17T12:25:09","modified_gmt":"2020-06-17T17:25:09","slug":"prolongement-de-la-periode-de-candidatures-pour-le-comite-de-citoyens-jusquau-17-juin","status":"publish","type":"post","link":"https:\/\/rdp-pat.sanimax.com\/fr\/prolongement-de-la-periode-de-candidatures-pour-le-comite-de-citoyens-jusquau-17-juin\/","title":{"rendered":"Prolongement de la p\u00e9riode de candidatures pour le Comit\u00e9 de citoyens jusqu\u2019au 17 juin"},"content":{"rendered":"\t\t<div class=\"et_pb_section et_pb_with_background et_section_regular breadcrumbs_section\">\r\n\t\t\t<div class=\" et_pb_row breadcrumbs_row\">\r\n\t\t\t\t<div class=\"et_pb_column et_pb_column_4_4 breadcrumbs_column\">\r\n\t\t\t\t\t<div class=\"et_pb_code et_pb_module breadcrumbs_module\">\r\n\t\t\t\t\t\t\t\t\t\t\t<\/div> <!-- .et_pb_code -->\r\n\t\t\t\t<\/div> <!-- .et_pb_column -->\r\n\t\t\t<\/div> <!-- .et_pb_row -->\r\n\t\t<\/div>\r\n\t\t<p>[et_pb_section bb_built=\u00a0\u00bb1&Prime; _builder_version=\u00a0\u00bb4.4.6&Prime; box_shadow_horizontal_tablet=\u00a0\u00bb0px\u00a0\u00bb box_shadow_vertical_tablet=\u00a0\u00bb0px\u00a0\u00bb box_shadow_blur_tablet=\u00a0\u00bb40px\u00a0\u00bb box_shadow_spread_tablet=\u00a0\u00bb0px\u00a0\u00bb vertical_offset_tablet=\u00a0\u00bb0&Prime; horizontal_offset_tablet=\u00a0\u00bb0&Prime; z_index_tablet=\u00a0\u00bb0&Prime; custom_padding=\u00a0\u00bb0px||0px|\u00a0\u00bb][et_pb_row _builder_version=\u00a0\u00bb4.4.6&Prime; width=\u00a0\u00bb100%\u00a0\u00bb max_width=\u00a0\u00bb100%\u00a0\u00bb box_shadow_horizontal_tablet=\u00a0\u00bb0px\u00a0\u00bb box_shadow_vertical_tablet=\u00a0\u00bb0px\u00a0\u00bb box_shadow_blur_tablet=\u00a0\u00bb40px\u00a0\u00bb box_shadow_spread_tablet=\u00a0\u00bb0px\u00a0\u00bb vertical_offset_tablet=\u00a0\u00bb0&Prime; horizontal_offset_tablet=\u00a0\u00bb0&Prime; z_index_tablet=\u00a0\u00bb0&Prime;][et_pb_column type=\u00a0\u00bb4_4&Prime; custom_padding__hover=\u00a0\u00bb|||\u00a0\u00bb custom_padding=\u00a0\u00bb|||\u00a0\u00bb][et_pb_text]<\/p>\n<p>En raison de d\u00e9lais hors de notre contr\u00f4le pour la livraison de brochures informatives, <strong>Sanimax<\/strong> <strong>prolonge la p\u00e9riode de candidatures pour le Comit\u00e9 des citoyens de RDP-PAT et de Sanimax jusqu\u2019au 17 juin 2020, 17h00.<\/strong> Cette prolongation permettra \u00e0 un plus grand nombre de r\u00e9sidents du quartier de s\u2019informer de notre d\u00e9marche et de nous faire parvenir leur bulletin de candidature. Notez qu\u2019un seul membre-citoyen sera \u00e9lu pour chacun des trois secteurs cibl\u00e9s.<\/p>\n<p>Visitez le <a href=\"https:\/\/rdp-pat.sanimax.com\/fr\/\">rdp-pat.sanimax.com\/fr\/<\/a> et le groupe Facebook <a href=\"https:\/\/www.facebook.com\/groups\/sanimaxrdppat\/\">Sanimax Rivi\u00e8re-des-Prairies\u2013Pointe-aux-Trembles (RDP-PAT)<\/a> pour les plus r\u00e9centes informations sur nos installations de Rivi\u00e8re-des-Prairies\u2013Pointe-aux-Trembles et pour vous abonner \u00e0 l\u2019infolettre.<\/p>\n<p style=\"text-align: right;\">L\u2019\u00e9quipe du Comit\u00e9 des citoyens de RDP-PAT et de Sanimax<\/p>\n<p>[\/et_pb_text][\/et_pb_column][\/et_pb_row][\/et_pb_section]<\/p>\n","protected":false},"excerpt":{"rendered":"<p><div class=\"et_pb_module et_pb_text et_pb_text_0  et_pb_text_align_left et_pb_bg_layout_light\">\n\t\t\t\t\n\t\t\t\t\n\t\t\t\t\n\t\t\t\t\n\t\t\t\t\n\t\t\t<\/div> En raison de d\u00e9lais hors de notre contr\u00f4le pour la livraison de brochures informatives, Sanimax prolonge la p\u00e9riode de candidatures pour le Comit\u00e9 des citoyens de RDP-PAT et de Sanimax jusqu\u2019au 17 juin 2020, 17h00. Cette prolongation permettra \u00e0 un plus grand nombre de r\u00e9sidents du quartier de s\u2019informer de notre d\u00e9marche et de [&hellip;]<\/p>\n","protected":false},"author":7,"featured_media":0,"comment_status":"closed","ping_status":"closed","sticky":false,"template":"","format":"standard","meta":{"_acf_changed":false,"_et_pb_use_builder":"on","_et_pb_old_content":"<p>En raison de d\u00e9lais hors de notre contr\u00f4le pour la livraison de brochures informatives, <strong>Sanimax<\/strong> <strong>prolonge la p\u00e9riode de candidatures pour le Comit\u00e9 des citoyens de RDP-PAT et de Sanimax jusqu\u2019au 17 juin 2020, 17h00.<\/strong> Cette prolongation permettra \u00e0 un plus grand nombre de r\u00e9sidents du quartier de s\u2019informer de notre d\u00e9marche et de nous faire parvenir leur bulletin de candidature. Notez qu\u2019un seul membre-citoyen sera \u00e9lu pour chacun des trois secteurs cibl\u00e9s.<\/p>\r\n<p>Visitez le <a href=\"https:\/\/rdp-pat.sanimax.com\/fr\/\">rdp-pat.sanimax.com\/fr\/<\/a> et le groupe Facebook <a href=\"https:\/\/www.facebook.com\/groups\/sanimaxrdppat\/\">Sanimax Rivi\u00e8re-des-Prairies\u2013Pointe-aux-Trembles (RDP-PAT)<\/a> pour les plus r\u00e9centes informations sur nos installations de Rivi\u00e8re-des-Prairies\u2013Pointe-aux-Trembles et pour vous abonner \u00e0 l\u2019infolettre.<\/p>\r\n<p style=\"text-align: right;\">L\u2019\u00e9quipe du Comit\u00e9 des citoyens de RDP-PAT et de Sanimax<\/p>","_et_gb_content_width":"","_monsterinsights_skip_tracking":false,"_monsterinsights_sitenote_active":false,"_monsterinsights_sitenote_note":"","_monsterinsights_sitenote_category":0,"footnotes":""},"categories":[42],"tags":[],"class_list":["post-2382","post","type-post","status-publish","format-standard","hentry","category-nouvelles-du-comite"],"acf":[],"yoast_head":"<!-- This site is optimized with the Yoast SEO plugin v27.5 - https:\/\/yoast.com\/product\/yoast-seo-wordpress\/ -->\n<title>Prolongement de la p\u00e9riode de candidatures pour le Comit\u00e9 de citoyens jusqu\u2019au 17 juin - RDP-sanimax<\/title>\n<meta name=\"robots\" content=\"index, follow, max-snippet:-1, max-image-preview:large, max-video-preview:-1\" \/>\n<link rel=\"canonical\" href=\"https:\/\/rdp-pat.sanimax.com\/fr\/prolongement-de-la-periode-de-candidatures-pour-le-comite-de-citoyens-jusquau-17-juin\/\" \/>\n<meta property=\"og:locale\" content=\"fr_FR\" \/>\n<meta property=\"og:type\" content=\"article\" \/>\n<meta property=\"og:title\" content=\"Prolongement de la p\u00e9riode de candidatures pour le Comit\u00e9 de citoyens jusqu\u2019au 17 juin - RDP-sanimax\" \/>\n<meta property=\"og:description\" content=\"En raison de d\u00e9lais hors de notre contr\u00f4le pour la livraison de brochures informatives, Sanimax prolonge la p\u00e9riode de candidatures pour le Comit\u00e9 des citoyens de RDP-PAT et de Sanimax jusqu\u2019au 17 juin 2020, 17h00. Cette prolongation permettra \u00e0 un plus grand nombre de r\u00e9sidents du quartier de s\u2019informer de notre d\u00e9marche et de [&hellip;]\" \/>\n<meta property=\"og:url\" content=\"https:\/\/rdp-pat.sanimax.com\/fr\/prolongement-de-la-periode-de-candidatures-pour-le-comite-de-citoyens-jusquau-17-juin\/\" \/>\n<meta property=\"og:site_name\" content=\"RDP-sanimax\" \/>\n<meta property=\"article:published_time\" content=\"2020-06-11T16:06:12+00:00\" \/>\n<meta property=\"article:modified_time\" content=\"2020-06-17T17:25:09+00:00\" \/>\n<meta name=\"author\" content=\"Nicolas Laflamme\" \/>\n<meta name=\"twitter:card\" content=\"summary_large_image\" \/>\n<meta name=\"twitter:label1\" content=\"\u00c9crit par\" \/>\n\t<meta name=\"twitter:data1\" content=\"Nicolas Laflamme\" \/>\n\t<meta name=\"twitter:label2\" content=\"Dur\u00e9e de lecture estim\u00e9e\" \/>\n\t<meta name=\"twitter:data2\" content=\"1 minute\" \/>\n<script type=\"application\/ld+json\" class=\"yoast-schema-graph\">{\"@context\":\"https:\\\/\\\/schema.org\",\"@graph\":[{\"@type\":\"Article\",\"@id\":\"https:\\\/\\\/rdp-pat.sanimax.com\\\/fr\\\/prolongement-de-la-periode-de-candidatures-pour-le-comite-de-citoyens-jusquau-17-juin\\\/#article\",\"isPartOf\":{\"@id\":\"https:\\\/\\\/rdp-pat.sanimax.com\\\/fr\\\/prolongement-de-la-periode-de-candidatures-pour-le-comite-de-citoyens-jusquau-17-juin\\\/\"},\"author\":{\"name\":\"Nicolas Laflamme\",\"@id\":\"https:\\\/\\\/rdp-pat.sanimax.com\\\/#\\\/schema\\\/person\\\/de4c027f6858c724ab46490c68601270\"},\"headline\":\"Prolongement de la p\u00e9riode de candidatures pour le Comit\u00e9 de citoyens jusqu\u2019au 17 juin\",\"datePublished\":\"2020-06-11T16:06:12+00:00\",\"dateModified\":\"2020-06-17T17:25:09+00:00\",\"mainEntityOfPage\":{\"@id\":\"https:\\\/\\\/rdp-pat.sanimax.com\\\/fr\\\/prolongement-de-la-periode-de-candidatures-pour-le-comite-de-citoyens-jusquau-17-juin\\\/\"},\"wordCount\":240,\"articleSection\":[\"Nouvelles du comit\u00e9\"],\"inLanguage\":\"fr-FR\"},{\"@type\":\"WebPage\",\"@id\":\"https:\\\/\\\/rdp-pat.sanimax.com\\\/fr\\\/prolongement-de-la-periode-de-candidatures-pour-le-comite-de-citoyens-jusquau-17-juin\\\/\",\"url\":\"https:\\\/\\\/rdp-pat.sanimax.com\\\/fr\\\/prolongement-de-la-periode-de-candidatures-pour-le-comite-de-citoyens-jusquau-17-juin\\\/\",\"name\":\"Prolongement de la p\u00e9riode de candidatures pour le Comit\u00e9 de citoyens jusqu\u2019au 17 juin - RDP-sanimax\",\"isPartOf\":{\"@id\":\"https:\\\/\\\/rdp-pat.sanimax.com\\\/#website\"},\"datePublished\":\"2020-06-11T16:06:12+00:00\",\"dateModified\":\"2020-06-17T17:25:09+00:00\",\"author\":{\"@id\":\"https:\\\/\\\/rdp-pat.sanimax.com\\\/#\\\/schema\\\/person\\\/de4c027f6858c724ab46490c68601270\"},\"breadcrumb\":{\"@id\":\"https:\\\/\\\/rdp-pat.sanimax.com\\\/fr\\\/prolongement-de-la-periode-de-candidatures-pour-le-comite-de-citoyens-jusquau-17-juin\\\/#breadcrumb\"},\"inLanguage\":\"fr-FR\",\"potentialAction\":[{\"@type\":\"ReadAction\",\"target\":[\"https:\\\/\\\/rdp-pat.sanimax.com\\\/fr\\\/prolongement-de-la-periode-de-candidatures-pour-le-comite-de-citoyens-jusquau-17-juin\\\/\"]}]},{\"@type\":\"BreadcrumbList\",\"@id\":\"https:\\\/\\\/rdp-pat.sanimax.com\\\/fr\\\/prolongement-de-la-periode-de-candidatures-pour-le-comite-de-citoyens-jusquau-17-juin\\\/#breadcrumb\",\"itemListElement\":[{\"@type\":\"ListItem\",\"position\":1,\"name\":\"Accueil\",\"item\":\"https:\\\/\\\/rdp-pat.sanimax.com\\\/fr\\\/\"},{\"@type\":\"ListItem\",\"position\":2,\"name\":\"Prolongement de la p\u00e9riode de candidatures pour le Comit\u00e9 de citoyens jusqu\u2019au 17 juin\"}]},{\"@type\":\"WebSite\",\"@id\":\"https:\\\/\\\/rdp-pat.sanimax.com\\\/#website\",\"url\":\"https:\\\/\\\/rdp-pat.sanimax.com\\\/\",\"name\":\"RDP-sanimax\",\"description\":\"\",\"potentialAction\":[{\"@type\":\"SearchAction\",\"target\":{\"@type\":\"EntryPoint\",\"urlTemplate\":\"https:\\\/\\\/rdp-pat.sanimax.com\\\/?s={search_term_string}\"},\"query-input\":{\"@type\":\"PropertyValueSpecification\",\"valueRequired\":true,\"valueName\":\"search_term_string\"}}],\"inLanguage\":\"fr-FR\"},{\"@type\":\"Person\",\"@id\":\"https:\\\/\\\/rdp-pat.sanimax.com\\\/#\\\/schema\\\/person\\\/de4c027f6858c724ab46490c68601270\",\"name\":\"Nicolas Laflamme\",\"url\":\"https:\\\/\\\/rdp-pat.sanimax.com\\\/fr\\\/author\\\/nicolas\\\/\"}]}<\/script>\n<!-- \/ Yoast SEO plugin. -->","yoast_head_json":{"title":"Prolongement de la p\u00e9riode de candidatures pour le Comit\u00e9 de citoyens jusqu\u2019au 17 juin - RDP-sanimax","robots":{"index":"index","follow":"follow","max-snippet":"max-snippet:-1","max-image-preview":"max-image-preview:large","max-video-preview":"max-video-preview:-1"},"canonical":"https:\/\/rdp-pat.sanimax.com\/fr\/prolongement-de-la-periode-de-candidatures-pour-le-comite-de-citoyens-jusquau-17-juin\/","og_locale":"fr_FR","og_type":"article","og_title":"Prolongement de la p\u00e9riode de candidatures pour le Comit\u00e9 de citoyens jusqu\u2019au 17 juin - RDP-sanimax","og_description":"En raison de d\u00e9lais hors de notre contr\u00f4le pour la livraison de brochures informatives, Sanimax prolonge la p\u00e9riode de candidatures pour le Comit\u00e9 des citoyens de RDP-PAT et de Sanimax jusqu\u2019au 17 juin 2020, 17h00. Cette prolongation permettra \u00e0 un plus grand nombre de r\u00e9sidents du quartier de s\u2019informer de notre d\u00e9marche et de [&hellip;]","og_url":"https:\/\/rdp-pat.sanimax.com\/fr\/prolongement-de-la-periode-de-candidatures-pour-le-comite-de-citoyens-jusquau-17-juin\/","og_site_name":"RDP-sanimax","article_published_time":"2020-06-11T16:06:12+00:00","article_modified_time":"2020-06-17T17:25:09+00:00","author":"Nicolas Laflamme","twitter_card":"summary_large_image","twitter_misc":{"\u00c9crit par":"Nicolas Laflamme","Dur\u00e9e de lecture estim\u00e9e":"1 minute"},"schema":{"@context":"https:\/\/schema.org","@graph":[{"@type":"Article","@id":"https:\/\/rdp-pat.sanimax.com\/fr\/prolongement-de-la-periode-de-candidatures-pour-le-comite-de-citoyens-jusquau-17-juin\/#article","isPartOf":{"@id":"https:\/\/rdp-pat.sanimax.com\/fr\/prolongement-de-la-periode-de-candidatures-pour-le-comite-de-citoyens-jusquau-17-juin\/"},"author":{"name":"Nicolas Laflamme","@id":"https:\/\/rdp-pat.sanimax.com\/#\/schema\/person\/de4c027f6858c724ab46490c68601270"},"headline":"Prolongement de la p\u00e9riode de candidatures pour le Comit\u00e9 de citoyens jusqu\u2019au 17 juin","datePublished":"2020-06-11T16:06:12+00:00","dateModified":"2020-06-17T17:25:09+00:00","mainEntityOfPage":{"@id":"https:\/\/rdp-pat.sanimax.com\/fr\/prolongement-de-la-periode-de-candidatures-pour-le-comite-de-citoyens-jusquau-17-juin\/"},"wordCount":240,"articleSection":["Nouvelles du comit\u00e9"],"inLanguage":"fr-FR"},{"@type":"WebPage","@id":"https:\/\/rdp-pat.sanimax.com\/fr\/prolongement-de-la-periode-de-candidatures-pour-le-comite-de-citoyens-jusquau-17-juin\/","url":"https:\/\/rdp-pat.sanimax.com\/fr\/prolongement-de-la-periode-de-candidatures-pour-le-comite-de-citoyens-jusquau-17-juin\/","name":"Prolongement de la p\u00e9riode de candidatures pour le Comit\u00e9 de citoyens jusqu\u2019au 17 juin - RDP-sanimax","isPartOf":{"@id":"https:\/\/rdp-pat.sanimax.com\/#website"},"datePublished":"2020-06-11T16:06:12+00:00","dateModified":"2020-06-17T17:25:09+00:00","author":{"@id":"https:\/\/rdp-pat.sanimax.com\/#\/schema\/person\/de4c027f6858c724ab46490c68601270"},"breadcrumb":{"@id":"https:\/\/rdp-pat.sanimax.com\/fr\/prolongement-de-la-periode-de-candidatures-pour-le-comite-de-citoyens-jusquau-17-juin\/#breadcrumb"},"inLanguage":"fr-FR","potentialAction":[{"@type":"ReadAction","target":["https:\/\/rdp-pat.sanimax.com\/fr\/prolongement-de-la-periode-de-candidatures-pour-le-comite-de-citoyens-jusquau-17-juin\/"]}]},{"@type":"BreadcrumbList","@id":"https:\/\/rdp-pat.sanimax.com\/fr\/prolongement-de-la-periode-de-candidatures-pour-le-comite-de-citoyens-jusquau-17-juin\/#breadcrumb","itemListElement":[{"@type":"ListItem","position":1,"name":"Accueil","item":"https:\/\/rdp-pat.sanimax.com\/fr\/"},{"@type":"ListItem","position":2,"name":"Prolongement de la p\u00e9riode de candidatures pour le Comit\u00e9 de citoyens jusqu\u2019au 17 juin"}]},{"@type":"WebSite","@id":"https:\/\/rdp-pat.sanimax.com\/#website","url":"https:\/\/rdp-pat.sanimax.com\/","name":"RDP-sanimax","description":"","potentialAction":[{"@type":"SearchAction","target":{"@type":"EntryPoint","urlTemplate":"https:\/\/rdp-pat.sanimax.com\/?s={search_term_string}"},"query-input":{"@type":"PropertyValueSpecification","valueRequired":true,"valueName":"search_term_string"}}],"inLanguage":"fr-FR"},{"@type":"Person","@id":"https:\/\/rdp-pat.sanimax.com\/#\/schema\/person\/de4c027f6858c724ab46490c68601270","name":"Nicolas Laflamme","url":"https:\/\/rdp-pat.sanimax.com\/fr\/author\/nicolas\/"}]}},"_links":{"self":[{"href":"https:\/\/rdp-pat.sanimax.com\/fr\/wp-json\/wp\/v2\/posts\/2382","targetHints":{"allow":["GET"]}}],"collection":[{"href":"https:\/\/rdp-pat.sanimax.com\/fr\/wp-json\/wp\/v2\/posts"}],"about":[{"href":"https:\/\/rdp-pat.sanimax.com\/fr\/wp-json\/wp\/v2\/types\/post"}],"author":[{"embeddable":true,"href":"https:\/\/rdp-pat.sanimax.com\/fr\/wp-json\/wp\/v2\/users\/7"}],"replies":[{"embeddable":true,"href":"https:\/\/rdp-pat.sanimax.com\/fr\/wp-json\/wp\/v2\/comments?post=2382"}],"version-history":[{"count":0,"href":"https:\/\/rdp-pat.sanimax.com\/fr\/wp-json\/wp\/v2\/posts\/2382\/revisions"}],"wp:attachment":[{"href":"https:\/\/rdp-pat.sanimax.com\/fr\/wp-json\/wp\/v2\/media?parent=2382"}],"wp:term":[{"taxonomy":"category","embeddable":true,"href":"https:\/\/rdp-pat.sanimax.com\/fr\/wp-json\/wp\/v2\/categories?post=2382"},{"taxonomy":"post_tag","embeddable":true,"href":"https:\/\/rdp-pat.sanimax.com\/fr\/wp-json\/wp\/v2\/tags?post=2382"}],"curies":[{"name":"wp","href":"https:\/\/api.w.org\/{rel}","templated":true}]}}